
{"id":6729,"date":"2020-02-12T15:00:45","date_gmt":"2020-02-12T19:00:45","guid":{"rendered":"https:\/\/cebem.org\/?p=6729"},"modified":"2020-02-12T12:10:10","modified_gmt":"2020-02-12T16:10:10","slug":"boletin-reforme-no-743","status":"publish","type":"post","link":"https:\/\/cebem.org\/?p=6729","title":{"rendered":"Bolet\u00edn Reforme No. 743"},"content":{"rendered":"\n<figure class=\"wp-block-image size-large\"><img data-recalc-dims=\"1\" fetchpriority=\"high\" decoding=\"async\" width=\"600\" height=\"131\" src=\"https:\/\/i0.wp.com\/cebem.org\/wp-content\/uploads\/2019\/10\/CLAD-1.jpg?resize=600%2C131&#038;ssl=1\" alt=\"\" class=\"wp-image-6037\" srcset=\"https:\/\/i0.wp.com\/cebem.org\/wp-content\/uploads\/2019\/10\/CLAD-1.jpg?w=600&amp;ssl=1 600w, https:\/\/i0.wp.com\/cebem.org\/wp-content\/uploads\/2019\/10\/CLAD-1.jpg?resize=300%2C66&amp;ssl=1 300w\" sizes=\"(max-width: 600px) 100vw, 600px\" \/><\/figure>\n\n\n\n<p>El Centro Latinoamericano de Administraci\u00f3n para el Desarrollo,\u00a0<a rel=\"noreferrer noopener\" href=\"https:\/\/www.clad.org\/acerca-de\/clad\" target=\"_blank\">CLAD<\/a>, publica en su sitio web el bolet\u00edn no. 743<\/p>\n\n\n\n<p>El CLAD es un organismo p\u00fablico internacional, de car\u00e1cter intergubernamental que se constituy\u00f3 en el a\u00f1o 1972 bajo la iniciativa de los gobiernos de M\u00e9xico, Per\u00fa y Venezuela con la misi\u00f3n de promover el\u00a0<strong>an\u00e1lisis y el intercambio de experiencias y conocimientos en torno a la reforma del Estado y la modernizaci\u00f3n de la Administraci\u00f3n P\u00fablica.<\/strong><\/p>\n\n\n\n<p><strong><a href=\"https:\/\/mailchi.mp\/clad\/boletn-reforme-no-743\" target=\"_blank\" rel=\"noreferrer noopener\" aria-label=\"Consulta el bolet\u00edn (se abre en una nueva pesta\u00f1a)\">Consulta el bolet\u00edn<\/a><\/strong><\/p>\n","protected":false},"excerpt":{"rendered":"<p>El Centro Latinoamericano de Administraci\u00f3n para el Desarrollo, CLAD, publica en su sitio web el bolet\u00edn no. 743<\/p>\n","protected":false},"author":10,"featured_media":6732,"comment_status":"closed","ping_status":"closed","sticky":false,"template":"","format":"standard","meta":{"_jetpack_memberships_contains_paid_content":false,"footnotes":"","jetpack_publicize_message":"Consulte el nuevo Bolet\u00edn Reforme No. 743 del Centro Latinoamericano de Administraci\u00f3n para el #Desarrollo","jetpack_publicize_feature_enabled":true,"jetpack_social_post_already_shared":true,"jetpack_social_options":{"image_generator_settings":{"template":"highway","default_image_id":0,"font":"","enabled":false},"version":2}},"categories":[5],"tags":[529,243,453,542],"class_list":["post-6729","post","type-post","status-publish","format-standard","has-post-thumbnail","hentry","category-boletin","tag-boletin-2-febrero-2020","tag-clad","tag-desarollo","tag-reforme","item-wrap"],"jetpack_publicize_connections":[],"jetpack_featured_media_url":"https:\/\/i0.wp.com\/cebem.org\/wp-content\/uploads\/2020\/02\/CLAD-1.jpg?fit=600%2C131&ssl=1","jetpack_sharing_enabled":true,"_links":{"self":[{"href":"https:\/\/cebem.org\/index.php?rest_route=\/wp\/v2\/posts\/6729","targetHints":{"allow":["GET"]}}],"collection":[{"href":"https:\/\/cebem.org\/index.php?rest_route=\/wp\/v2\/posts"}],"about":[{"href":"https:\/\/cebem.org\/index.php?rest_route=\/wp\/v2\/types\/post"}],"author":[{"embeddable":true,"href":"https:\/\/cebem.org\/index.php?rest_route=\/wp\/v2\/users\/10"}],"replies":[{"embeddable":true,"href":"https:\/\/cebem.org\/index.php?rest_route=%2Fwp%2Fv2%2Fcomments&post=6729"}],"version-history":[{"count":3,"href":"https:\/\/cebem.org\/index.php?rest_route=\/wp\/v2\/posts\/6729\/revisions"}],"predecessor-version":[{"id":6734,"href":"https:\/\/cebem.org\/index.php?rest_route=\/wp\/v2\/posts\/6729\/revisions\/6734"}],"wp:featuredmedia":[{"embeddable":true,"href":"https:\/\/cebem.org\/index.php?rest_route=\/wp\/v2\/media\/6732"}],"wp:attachment":[{"href":"https:\/\/cebem.org\/index.php?rest_route=%2Fwp%2Fv2%2Fmedia&parent=6729"}],"wp:term":[{"taxonomy":"category","embeddable":true,"href":"https:\/\/cebem.org\/index.php?rest_route=%2Fwp%2Fv2%2Fcategories&post=6729"},{"taxonomy":"post_tag","embeddable":true,"href":"https:\/\/cebem.org\/index.php?rest_route=%2Fwp%2Fv2%2Ftags&post=6729"}],"curies":[{"name":"wp","href":"https:\/\/api.w.org\/{rel}","templated":true}]}}