
{"id":6660,"date":"2020-02-07T10:00:00","date_gmt":"2020-02-07T14:00:00","guid":{"rendered":"https:\/\/cebem.org\/?p=6660"},"modified":"2020-02-04T12:22:48","modified_gmt":"2020-02-04T16:22:48","slug":"boletin-desafios-no-23-la-ciudad-y-los-derechos-de-ninas-ninos-y-adolescentes","status":"publish","type":"post","link":"https:\/\/cebem.org\/?p=6660","title":{"rendered":"Bolet\u00edn Desaf\u00edos No. 23: La ciudad y los derechos de ni\u00f1as, ni\u00f1os y adolescentes"},"content":{"rendered":"\n<div class=\"wp-block-image\"><figure class=\"aligncenter size-large is-resized\"><img data-recalc-dims=\"1\" fetchpriority=\"high\" decoding=\"async\" src=\"https:\/\/i0.wp.com\/cebem.org\/wp-content\/uploads\/2020\/02\/Capture-2.png?resize=582%2C617&#038;ssl=1\" alt=\"\" class=\"wp-image-6661\" width=\"582\" height=\"617\" srcset=\"https:\/\/i0.wp.com\/cebem.org\/wp-content\/uploads\/2020\/02\/Capture-2.png?w=600&amp;ssl=1 600w, https:\/\/i0.wp.com\/cebem.org\/wp-content\/uploads\/2020\/02\/Capture-2.png?resize=283%2C300&amp;ssl=1 283w\" sizes=\"(max-width: 582px) 100vw, 582px\" \/><\/figure><\/div>\n\n\n\n<p>Am\u00e9rica Latina y el Caribe es la segunda regi\u00f3n m\u00e1s urbanizada a nivel global y la que presenta los \u00edndices m\u00e1s altos de desigualdad. Por ello la relevancia de considerar distintos aspectos sobre las posibilidades de desarrollo que el entorno urbano otorga a las ni\u00f1as, ni\u00f1os y adolescentes que viven en ciudades. El art\u00edculo central de este bolet\u00edn se centra en <strong>la precariedad habitacional que caracteriza a los m\u00e1s de 80 millones de ni\u00f1as, ni\u00f1os y adolescentes<\/strong> que enfrentan alg\u00fan tipo de precariedad relativa a los materiales de construcci\u00f3n, a condiciones de hacinamiento y falta de acceso a agua, saneamiento y energ\u00eda en sus viviendas. Ello implica la vulneraci\u00f3n de derechos y, en consecuencia, la disminuci\u00f3n de sus oportunidades de desarrollo. Reconocer y recoger la voz de la infancia y adolescencia acerca del entorno urbano que habitan, as\u00ed como sus propuestas para convertirlo en espacios amables y en los cuales ejercer sus derechos, son elementos clave para sumar a las pol\u00edticas involucradas en la materia. Diversas publicaciones y experiencias son presentadas en las secciones de este bolet\u00edn. <\/p>\n\n\n\n<p>Pueden leer entre otros: \u00ab<a rel=\"noreferrer noopener\" aria-label=\"Infancia y desigualdad habitacional urbana en Am\u00e9rica Latina y el Caribe (se abre en una nueva pesta\u00f1a)\" href=\"https:\/\/www.cepal.org\/es\/notas\/infancia-desigualdad-habitacional-urbana-america-latina-caribe?utm_source=CiviCRM&amp;utm_medium=email&amp;utm_campaign=20200130_boletin_desafios23\" target=\"_blank\">Infancia y desigualdad habitacional urbana en Am\u00e9rica Latina y el Caribe<\/a>\u00ab, \u00ab<a href=\"https:\/\/www.cepal.org\/es\/notas\/ciudadania-infantil-espacios-publicos-como-punto-partida-ciudades-inclusivas?utm_source=CiviCRM&amp;utm_medium=email&amp;utm_campaign=20200130_boletin_desafios23\" target=\"_blank\" rel=\"noreferrer noopener\" aria-label=\"Ciudadan\u00eda infantil: los espacios p\u00fablicos como punto de partida para ciudades inclusivas (se abre en una nueva pesta\u00f1a)\">Ciudadan\u00eda infantil: los espacios p\u00fablicos como punto de partida para ciudades inclusivas<\/a>\u00ab<\/p>\n\n\n\n<p><strong><a rel=\"noreferrer noopener\" aria-label=\"Ver el bolet\u00edn en linea (se abre en una nueva pesta\u00f1a)\" href=\"https:\/\/crm.cepal.org\/civicrm\/mailing\/view?reset=1&amp;id=686\" target=\"_blank\">Ver el bolet\u00edn completo en l\u00ednea<\/a><\/strong><\/p>\n\n\n\n<p><\/p>\n","protected":false},"excerpt":{"rendered":"<p>El art\u00edculo central de este bolet\u00edn se centra en la precariedad habitacional que caracteriza a los m\u00e1s de 80 millones de ni\u00f1as, ni\u00f1os y adolescentes.<\/p>\n","protected":false},"author":10,"featured_media":6661,"comment_status":"closed","ping_status":"closed","sticky":false,"template":"","format":"standard","meta":{"_jetpack_memberships_contains_paid_content":false,"footnotes":"","jetpack_publicize_message":"Bolet\u00edn Desaf\u00edos No. 23: La ciudad y los #DerechosDeNi\u00f1as, ni\u00f1os y adolescentes","jetpack_publicize_feature_enabled":true,"jetpack_social_post_already_shared":true,"jetpack_social_options":{"image_generator_settings":{"template":"highway","default_image_id":0,"font":"","enabled":false},"version":2}},"categories":[5],"tags":[534,529,76,533],"class_list":["post-6660","post","type-post","status-publish","format-standard","has-post-thumbnail","hentry","category-boletin","tag-adolescentes","tag-boletin-2-febrero-2020","tag-derechos-humanos","tag-desafios","item-wrap"],"jetpack_publicize_connections":[],"jetpack_featured_media_url":"https:\/\/i0.wp.com\/cebem.org\/wp-content\/uploads\/2020\/02\/Capture-2.png?fit=600%2C636&ssl=1","jetpack_sharing_enabled":true,"_links":{"self":[{"href":"https:\/\/cebem.org\/index.php?rest_route=\/wp\/v2\/posts\/6660","targetHints":{"allow":["GET"]}}],"collection":[{"href":"https:\/\/cebem.org\/index.php?rest_route=\/wp\/v2\/posts"}],"about":[{"href":"https:\/\/cebem.org\/index.php?rest_route=\/wp\/v2\/types\/post"}],"author":[{"embeddable":true,"href":"https:\/\/cebem.org\/index.php?rest_route=\/wp\/v2\/users\/10"}],"replies":[{"embeddable":true,"href":"https:\/\/cebem.org\/index.php?rest_route=%2Fwp%2Fv2%2Fcomments&post=6660"}],"version-history":[{"count":3,"href":"https:\/\/cebem.org\/index.php?rest_route=\/wp\/v2\/posts\/6660\/revisions"}],"predecessor-version":[{"id":6664,"href":"https:\/\/cebem.org\/index.php?rest_route=\/wp\/v2\/posts\/6660\/revisions\/6664"}],"wp:featuredmedia":[{"embeddable":true,"href":"https:\/\/cebem.org\/index.php?rest_route=\/wp\/v2\/media\/6661"}],"wp:attachment":[{"href":"https:\/\/cebem.org\/index.php?rest_route=%2Fwp%2Fv2%2Fmedia&parent=6660"}],"wp:term":[{"taxonomy":"category","embeddable":true,"href":"https:\/\/cebem.org\/index.php?rest_route=%2Fwp%2Fv2%2Fcategories&post=6660"},{"taxonomy":"post_tag","embeddable":true,"href":"https:\/\/cebem.org\/index.php?rest_route=%2Fwp%2Fv2%2Ftags&post=6660"}],"curies":[{"name":"wp","href":"https:\/\/api.w.org\/{rel}","templated":true}]}}