
{"id":6639,"date":"2020-02-03T11:12:54","date_gmt":"2020-02-03T15:12:54","guid":{"rendered":"https:\/\/cebem.org\/?p=6639"},"modified":"2020-02-03T11:12:55","modified_gmt":"2020-02-03T15:12:55","slug":"articulo-la-problematica-urbana-en-su-determinacion-espacial","status":"publish","type":"post","link":"https:\/\/cebem.org\/?p=6639","title":{"rendered":"Art\u00edculo: La problem\u00e1tica urbana en su determinaci\u00f3n espacial"},"content":{"rendered":"\n<div class=\"wp-block-image\"><figure class=\"aligncenter size-large is-resized\"><img data-recalc-dims=\"1\" fetchpriority=\"high\" decoding=\"async\" src=\"https:\/\/i0.wp.com\/cebem.org\/wp-content\/uploads\/2020\/02\/Zrzut-ekranu-2020-02-3-o-11.01.29.png?resize=574%2C369&#038;ssl=1\" alt=\"\" class=\"wp-image-6640\" width=\"574\" height=\"369\" srcset=\"https:\/\/i0.wp.com\/cebem.org\/wp-content\/uploads\/2020\/02\/Zrzut-ekranu-2020-02-3-o-11.01.29.png?resize=1024%2C660&amp;ssl=1 1024w, https:\/\/i0.wp.com\/cebem.org\/wp-content\/uploads\/2020\/02\/Zrzut-ekranu-2020-02-3-o-11.01.29.png?resize=300%2C193&amp;ssl=1 300w, https:\/\/i0.wp.com\/cebem.org\/wp-content\/uploads\/2020\/02\/Zrzut-ekranu-2020-02-3-o-11.01.29.png?resize=768%2C495&amp;ssl=1 768w, https:\/\/i0.wp.com\/cebem.org\/wp-content\/uploads\/2020\/02\/Zrzut-ekranu-2020-02-3-o-11.01.29.png?resize=600%2C387&amp;ssl=1 600w, https:\/\/i0.wp.com\/cebem.org\/wp-content\/uploads\/2020\/02\/Zrzut-ekranu-2020-02-3-o-11.01.29.png?w=1244&amp;ssl=1 1244w\" sizes=\"(max-width: 574px) 100vw, 574px\" \/><\/figure><\/div>\n\n\n\n<p>El objetivo de este art\u00edculo es describir el momento en que el espacio se configura como un elemento constitutivo de los problemas urbanos en el trabajo de Henri Lefebvre. A lo largo del siglo XX, desde un punto de inflexi\u00f3n marcado por la ruptura provocada por el conjunto de cambios que anuncian la modernidad, hay un evento crucial. El pensamiento de Henri Lefebvre sobre la ciudad y lo urbano se reanuda, por un lado, colocando lo urbano en el movimiento de paso de la historicidad a la espacialidad y, por otro, en el \u00abderecho a la ciudad\u00bb, que proyecta el pensamiento y acci\u00f3n para el futuro, prolongando la utop\u00eda marxista como lo negativo de la ley que se convirti\u00f3 en un objeto cerrado en el \u00e1mbito de la pol\u00edtica p\u00fablica.<\/p>\n\n\n\n<p><a rel=\"noreferrer noopener\" aria-label=\"Descarga el art\u00edculo aqu\u00ed (en portugu\u00e9s)  (se abre en una nueva pesta\u00f1a)\" href=\"https:\/\/www.revistas.usp.br\/geousp\/article\/view\/163371\/158247\" target=\"_blank\"><strong>Descarga el art\u00edculo aqu\u00ed<\/strong> <strong>(en portugu\u00e9s) <\/strong><\/a><\/p>\n\n\n\n<p><a href=\"https:\/\/www.revistas.usp.br\/geousp\/article\/view\/164015\/158246\" target=\"_blank\" rel=\"noreferrer noopener\" aria-label=\"Lee la revista aqu\u00ed (en portugu\u00e9s)  (se abre en una nueva pesta\u00f1a)\"><strong>Lee la revista aqu\u00ed<\/strong> <strong>(en portugu\u00e9s) <\/strong><\/a><\/p>\n","protected":false},"excerpt":{"rendered":"<p>El objetivo de este art\u00edculo es describir el momento en que el espacio se configura como un elemento constitutivo de los problemas urbanos en el trabajo de Henri Lefebvre.<\/p>\n","protected":false},"author":10,"featured_media":6640,"comment_status":"closed","ping_status":"closed","sticky":false,"template":"","format":"standard","meta":{"_jetpack_memberships_contains_paid_content":false,"footnotes":"","jetpack_publicize_message":"Art\u00edculo: La problem\u00e1tica #urbana en su determinaci\u00f3n espacial ","jetpack_publicize_feature_enabled":true,"jetpack_social_post_already_shared":true,"jetpack_social_options":{"image_generator_settings":{"template":"highway","default_image_id":0,"font":"","enabled":false},"version":2}},"categories":[7],"tags":[529,48],"class_list":["post-6639","post","type-post","status-publish","format-standard","has-post-thumbnail","hentry","category-otras-publicaciones","tag-boletin-2-febrero-2020","tag-urbanismo","item-wrap"],"jetpack_publicize_connections":[],"jetpack_featured_media_url":"https:\/\/i0.wp.com\/cebem.org\/wp-content\/uploads\/2020\/02\/Zrzut-ekranu-2020-02-3-o-11.01.29.png?fit=1244%2C802&ssl=1","jetpack_sharing_enabled":true,"_links":{"self":[{"href":"https:\/\/cebem.org\/index.php?rest_route=\/wp\/v2\/posts\/6639","targetHints":{"allow":["GET"]}}],"collection":[{"href":"https:\/\/cebem.org\/index.php?rest_route=\/wp\/v2\/posts"}],"about":[{"href":"https:\/\/cebem.org\/index.php?rest_route=\/wp\/v2\/types\/post"}],"author":[{"embeddable":true,"href":"https:\/\/cebem.org\/index.php?rest_route=\/wp\/v2\/users\/10"}],"replies":[{"embeddable":true,"href":"https:\/\/cebem.org\/index.php?rest_route=%2Fwp%2Fv2%2Fcomments&post=6639"}],"version-history":[{"count":1,"href":"https:\/\/cebem.org\/index.php?rest_route=\/wp\/v2\/posts\/6639\/revisions"}],"predecessor-version":[{"id":6641,"href":"https:\/\/cebem.org\/index.php?rest_route=\/wp\/v2\/posts\/6639\/revisions\/6641"}],"wp:featuredmedia":[{"embeddable":true,"href":"https:\/\/cebem.org\/index.php?rest_route=\/wp\/v2\/media\/6640"}],"wp:attachment":[{"href":"https:\/\/cebem.org\/index.php?rest_route=%2Fwp%2Fv2%2Fmedia&parent=6639"}],"wp:term":[{"taxonomy":"category","embeddable":true,"href":"https:\/\/cebem.org\/index.php?rest_route=%2Fwp%2Fv2%2Fcategories&post=6639"},{"taxonomy":"post_tag","embeddable":true,"href":"https:\/\/cebem.org\/index.php?rest_route=%2Fwp%2Fv2%2Ftags&post=6639"}],"curies":[{"name":"wp","href":"https:\/\/api.w.org\/{rel}","templated":true}]}}