
{"id":6548,"date":"2020-01-21T15:00:00","date_gmt":"2020-01-21T19:00:00","guid":{"rendered":"https:\/\/cebem.org\/?p=6548"},"modified":"2020-01-21T10:56:54","modified_gmt":"2020-01-21T14:56:54","slug":"convocatoria-del-congreso-internacional-de-geografos-y-latinoamericanistas","status":"publish","type":"post","link":"https:\/\/cebem.org\/?p=6548","title":{"rendered":"Convocatoria del Congreso Internacional de Ge\u00f3grafos y Latinoamericanistas"},"content":{"rendered":"\n<figure class=\"wp-block-image size-large\"><img data-recalc-dims=\"1\" fetchpriority=\"high\" decoding=\"async\" width=\"750\" height=\"401\" src=\"https:\/\/i0.wp.com\/cebem.org\/wp-content\/uploads\/2020\/01\/Zrzut-ekranu-2020-01-21-o-10.39.18.png?resize=750%2C401&#038;ssl=1\" alt=\"\" class=\"wp-image-6549\" srcset=\"https:\/\/i0.wp.com\/cebem.org\/wp-content\/uploads\/2020\/01\/Zrzut-ekranu-2020-01-21-o-10.39.18.png?resize=1024%2C547&amp;ssl=1 1024w, https:\/\/i0.wp.com\/cebem.org\/wp-content\/uploads\/2020\/01\/Zrzut-ekranu-2020-01-21-o-10.39.18.png?resize=300%2C160&amp;ssl=1 300w, https:\/\/i0.wp.com\/cebem.org\/wp-content\/uploads\/2020\/01\/Zrzut-ekranu-2020-01-21-o-10.39.18.png?resize=768%2C410&amp;ssl=1 768w, https:\/\/i0.wp.com\/cebem.org\/wp-content\/uploads\/2020\/01\/Zrzut-ekranu-2020-01-21-o-10.39.18.png?resize=600%2C321&amp;ssl=1 600w, https:\/\/i0.wp.com\/cebem.org\/wp-content\/uploads\/2020\/01\/Zrzut-ekranu-2020-01-21-o-10.39.18.png?w=1400&amp;ssl=1 1400w\" sizes=\"(max-width: 750px) 100vw, 750px\" \/><\/figure>\n\n\n\n<p>La Agenda 2030 para el Desarrollo Sostenible, aprobada en 2015 por la Asamblea General de las Naciones Unidas, establece una visi\u00f3n transformadora hacia la sostenibilidad econ\u00f3mica, social y ambiental. Esta nueva hoja de ruta presenta una oportunidad para Am\u00e9rica Latina, ya que incluye temas altamente prioritarios para la regi\u00f3n, como la reducci\u00f3n de la desigualdad en todas sus dimensiones, un crecimiento econ\u00f3mico, ciudades sostenibles y cambio clim\u00e1tico, entre otros. Por lo tanto, se invita al \u00e1mbito acad\u00e9mico a apropiarse de esta ambiciosa agenda, a debatirla y a utilizarla como una herramienta para la creaci\u00f3n de sociedades inclusivas y justas, al servicio de las personas de hoy y de futuras generaciones.<\/p>\n\n\n\n<p>Teniendo en cuenta lo anterior, invitamos cordialmente a la comunidad acad\u00e9mica al Congreso internacional de Ge\u00f3grafos u Latinoamericanistas \u00abDesaf\u00edos locales y regionales en el contexto de la implementaci\u00f3n de los Objetivos de Desarrollo Sostenible\u00bb. Este gran evento estar\u00e1 compuesto por dos partes: XXII Simposio Polaco-Mexicano y III Simposio Polaco-Colombiano.<\/p>\n\n\n\n<p>REQUISITOS<\/p>\n\n\n\n<ul class=\"wp-block-list\"><li>Completar un formulario de solicitud, que estar\u00e1 disponible en el sitio web del Congreso.<\/li><\/ul>\n\n\n\n<ul class=\"wp-block-list\"><li>Enviar el res\u00famen por v\u00eda electr\u00f3nica (en espa\u00f1ol o ingl\u00e9s, con un m\u00e1ximo de 250 palabras en formato Times New Roman, 12 puntos).<\/li><\/ul>\n\n\n\n<ul class=\"wp-block-list\"><li> En caso de ser aceptado de tu res\u00famen, se debera realizar el pago del congreso (100 euros).<\/li><\/ul>\n\n\n\n<p>PUBLICACI\u00d3N<\/p>\n\n\n\n<p>Se puede enviar el trabajo de extenso para su revisi\u00f3n por parte de comit\u00e9 cient\u00edfico. Este trabajo no debe pasar de 20 p\u00e1ginas. Est\u00e1 prevista la publicaci\u00f3n por la Universidad de Varsovia.<\/p>\n\n\n\n<p>ANUNCIO<\/p>\n\n\n\n<p>Se informa que los detalles (fechas, datos del pago) estar\u00e1n colocados en el sitio web del Congreso. Esta p\u00e1gina web estar\u00e1 activada a principios del pr\u00f3ximo a\u00f1o (enero\/febrero de 2020).<\/p>\n\n\n\n<p>Todos los asuntos administrativos est\u00e1n a cargo del maestro Wojciech Doroszewicz (w.doroszewicz@uw.edu.pl).<\/p>\n\n\n\n<div class=\"wp-block-file\"><a href=\"https:\/\/cebem.org\/wp-content\/uploads\/2020\/01\/Congreso-Varsovia-2020-convocatoria-I.pdf\"><strong>Descarga m\u00e1s informaci\u00f3n en pdf<\/strong><\/a><a href=\"https:\/\/cebem.org\/wp-content\/uploads\/2020\/01\/Congreso-Varsovia-2020-convocatoria-I.pdf\" class=\"wp-block-file__button\" download>Descarga<\/a><\/div>\n","protected":false},"excerpt":{"rendered":"<p>Invitamos cordialmente a la comunidad acad\u00e9mica al Congreso internacional de Ge\u00f3grafos u Latinoamericanistas \u00abDesaf\u00edos locales y regionales en el contexto de la implementaci\u00f3n de los Objetivos de Desarrollo Sostenible\u00bb.<\/p>\n","protected":false},"author":10,"featured_media":6549,"comment_status":"closed","ping_status":"closed","sticky":false,"template":"","format":"standard","meta":{"_jetpack_memberships_contains_paid_content":false,"footnotes":"","jetpack_publicize_message":"Convocatoria del #CongresoInternacional de Ge\u00f3grafos y Latinoamericanistas","jetpack_publicize_feature_enabled":true,"jetpack_social_post_already_shared":true,"jetpack_social_options":{"image_generator_settings":{"template":"highway","default_image_id":0,"font":"","enabled":false},"version":2}},"categories":[8],"tags":[507,15,127,425,30],"class_list":["post-6548","post","type-post","status-publish","format-standard","has-post-thumbnail","hentry","category-convocatorias","tag-boletin-1-enero-2020","tag-congreso","tag-desarrollo-sostenible","tag-geografia-contemporanea","tag-simposio","item-wrap"],"jetpack_publicize_connections":[],"jetpack_featured_media_url":"https:\/\/i0.wp.com\/cebem.org\/wp-content\/uploads\/2020\/01\/Zrzut-ekranu-2020-01-21-o-10.39.18.png?fit=1400%2C748&ssl=1","jetpack_sharing_enabled":true,"_links":{"self":[{"href":"https:\/\/cebem.org\/index.php?rest_route=\/wp\/v2\/posts\/6548","targetHints":{"allow":["GET"]}}],"collection":[{"href":"https:\/\/cebem.org\/index.php?rest_route=\/wp\/v2\/posts"}],"about":[{"href":"https:\/\/cebem.org\/index.php?rest_route=\/wp\/v2\/types\/post"}],"author":[{"embeddable":true,"href":"https:\/\/cebem.org\/index.php?rest_route=\/wp\/v2\/users\/10"}],"replies":[{"embeddable":true,"href":"https:\/\/cebem.org\/index.php?rest_route=%2Fwp%2Fv2%2Fcomments&post=6548"}],"version-history":[{"count":2,"href":"https:\/\/cebem.org\/index.php?rest_route=\/wp\/v2\/posts\/6548\/revisions"}],"predecessor-version":[{"id":6552,"href":"https:\/\/cebem.org\/index.php?rest_route=\/wp\/v2\/posts\/6548\/revisions\/6552"}],"wp:featuredmedia":[{"embeddable":true,"href":"https:\/\/cebem.org\/index.php?rest_route=\/wp\/v2\/media\/6549"}],"wp:attachment":[{"href":"https:\/\/cebem.org\/index.php?rest_route=%2Fwp%2Fv2%2Fmedia&parent=6548"}],"wp:term":[{"taxonomy":"category","embeddable":true,"href":"https:\/\/cebem.org\/index.php?rest_route=%2Fwp%2Fv2%2Fcategories&post=6548"},{"taxonomy":"post_tag","embeddable":true,"href":"https:\/\/cebem.org\/index.php?rest_route=%2Fwp%2Fv2%2Ftags&post=6548"}],"curies":[{"name":"wp","href":"https:\/\/api.w.org\/{rel}","templated":true}]}}