
{"id":6542,"date":"2020-01-21T10:16:49","date_gmt":"2020-01-21T14:16:49","guid":{"rendered":"https:\/\/cebem.org\/?p=6542"},"modified":"2020-01-21T10:16:51","modified_gmt":"2020-01-21T14:16:51","slug":"presentamos-el-catalogo-de-politicas-publicas-locales-inclusivas","status":"publish","type":"post","link":"https:\/\/cebem.org\/?p=6542","title":{"rendered":"Presentamos el Cat\u00e1logo de Pol\u00edticas P\u00fablicas Locales Inclusivas"},"content":{"rendered":"\n<div class=\"wp-block-image\"><figure class=\"aligncenter size-large is-resized\"><img data-recalc-dims=\"1\" fetchpriority=\"high\" decoding=\"async\" src=\"https:\/\/i0.wp.com\/cebem.org\/wp-content\/uploads\/2020\/01\/Zrzut-ekranu-2020-01-21-o-10.10.45.png?resize=510%2C400&#038;ssl=1\" alt=\"\" class=\"wp-image-6543\" width=\"510\" height=\"400\" srcset=\"https:\/\/i0.wp.com\/cebem.org\/wp-content\/uploads\/2020\/01\/Zrzut-ekranu-2020-01-21-o-10.10.45.png?resize=1024%2C805&amp;ssl=1 1024w, https:\/\/i0.wp.com\/cebem.org\/wp-content\/uploads\/2020\/01\/Zrzut-ekranu-2020-01-21-o-10.10.45.png?resize=300%2C236&amp;ssl=1 300w, https:\/\/i0.wp.com\/cebem.org\/wp-content\/uploads\/2020\/01\/Zrzut-ekranu-2020-01-21-o-10.10.45.png?resize=768%2C604&amp;ssl=1 768w, https:\/\/i0.wp.com\/cebem.org\/wp-content\/uploads\/2020\/01\/Zrzut-ekranu-2020-01-21-o-10.10.45.png?resize=600%2C472&amp;ssl=1 600w, https:\/\/i0.wp.com\/cebem.org\/wp-content\/uploads\/2020\/01\/Zrzut-ekranu-2020-01-21-o-10.10.45.png?w=1186&amp;ssl=1 1186w\" sizes=\"(max-width: 510px) 100vw, 510px\" \/><\/figure><\/div>\n\n\n\n<p>Presentamos el\u00a0<a rel=\"noreferrer noopener\" href=\"http:\/\/29885.clicks.mtasrv.net\/track\/click?u=2100196&amp;p=32393838353a3331303a3233333a303a323a30&amp;s=0466de44996c6d1440c32c10fbf2cfbe&amp;m=24959\" target=\"_blank\">Cat\u00e1logo de Pol\u00edticas P\u00fablicas Locales Inclusivas<\/a>, una herramienta digital que releva, sistematiza y difunde experiencias de pol\u00edticas p\u00fablicas en Am\u00e9rica Latina y el Caribe en clave de igualdad y no discriminaci\u00f3n.<\/p>\n\n\n\n<p>El Cat\u00e1logo forma parte de\u00a0<a rel=\"noreferrer noopener\" href=\"http:\/\/29885.clicks.mtasrv.net\/track\/click?u=2100126&amp;p=32393838353a3331303a3233333a303a333a30&amp;s=0466de44996c6d1440c32c10fbf2cfbe&amp;m=24959\" target=\"_blank\">#CiudadesInclusivas<\/a>, l\u00ednea de trabajo del CIPDH-UNESCO que re\u00fane los proyectos de investigaci\u00f3n y promoci\u00f3n de los derechos humanos vinculados a ciudades y gobiernos locales.<\/p>\n\n\n\n<p><a rel=\"noreferrer noopener\" href=\"http:\/\/29885.clicks.mtasrv.net\/track\/click?u=2100196&amp;p=32393838353a3331303a3233333a303a343a30&amp;s=0466de44996c6d1440c32c10fbf2cfbe&amp;m=24959\" target=\"_blank\"><strong>CONOCE EL CAT\u00c1LOGO<\/strong><\/a><\/p>\n","protected":false},"excerpt":{"rendered":"<p>Presentamos el Cat\u00e1logo de Pol\u00edticas P\u00fablicas Locales Inclusivas, una herramienta digital que releva, sistematiza y difunde experiencias de pol\u00edticas p\u00fablicas en Am\u00e9rica Latina y el Caribe en clave de igualdad y no discriminaci\u00f3n.<\/p>\n","protected":false},"author":10,"featured_media":6543,"comment_status":"closed","ping_status":"closed","sticky":false,"template":"","format":"standard","meta":{"_jetpack_memberships_contains_paid_content":false,"footnotes":"","jetpack_publicize_message":"Presentamos el Cat\u00e1logo de #Pol\u00edticasP\u00fablicas Locales Inclusivas","jetpack_publicize_feature_enabled":true,"jetpack_social_post_already_shared":true,"jetpack_social_options":{"image_generator_settings":{"template":"highway","default_image_id":0,"font":"","enabled":false},"version":2}},"categories":[7],"tags":[507,264,311],"class_list":["post-6542","post","type-post","status-publish","format-standard","has-post-thumbnail","hentry","category-otras-publicaciones","tag-boletin-1-enero-2020","tag-ciudades","tag-politicas-publicas-locales","item-wrap"],"jetpack_publicize_connections":[],"jetpack_featured_media_url":"https:\/\/i0.wp.com\/cebem.org\/wp-content\/uploads\/2020\/01\/Zrzut-ekranu-2020-01-21-o-10.10.45.png?fit=1186%2C932&ssl=1","jetpack_sharing_enabled":true,"_links":{"self":[{"href":"https:\/\/cebem.org\/index.php?rest_route=\/wp\/v2\/posts\/6542","targetHints":{"allow":["GET"]}}],"collection":[{"href":"https:\/\/cebem.org\/index.php?rest_route=\/wp\/v2\/posts"}],"about":[{"href":"https:\/\/cebem.org\/index.php?rest_route=\/wp\/v2\/types\/post"}],"author":[{"embeddable":true,"href":"https:\/\/cebem.org\/index.php?rest_route=\/wp\/v2\/users\/10"}],"replies":[{"embeddable":true,"href":"https:\/\/cebem.org\/index.php?rest_route=%2Fwp%2Fv2%2Fcomments&post=6542"}],"version-history":[{"count":2,"href":"https:\/\/cebem.org\/index.php?rest_route=\/wp\/v2\/posts\/6542\/revisions"}],"predecessor-version":[{"id":6545,"href":"https:\/\/cebem.org\/index.php?rest_route=\/wp\/v2\/posts\/6542\/revisions\/6545"}],"wp:featuredmedia":[{"embeddable":true,"href":"https:\/\/cebem.org\/index.php?rest_route=\/wp\/v2\/media\/6543"}],"wp:attachment":[{"href":"https:\/\/cebem.org\/index.php?rest_route=%2Fwp%2Fv2%2Fmedia&parent=6542"}],"wp:term":[{"taxonomy":"category","embeddable":true,"href":"https:\/\/cebem.org\/index.php?rest_route=%2Fwp%2Fv2%2Fcategories&post=6542"},{"taxonomy":"post_tag","embeddable":true,"href":"https:\/\/cebem.org\/index.php?rest_route=%2Fwp%2Fv2%2Ftags&post=6542"}],"curies":[{"name":"wp","href":"https:\/\/api.w.org\/{rel}","templated":true}]}}