
{"id":6499,"date":"2020-01-09T08:08:40","date_gmt":"2020-01-09T12:08:40","guid":{"rendered":"https:\/\/cebem.org\/?p=6499"},"modified":"2020-01-09T08:08:41","modified_gmt":"2020-01-09T12:08:41","slug":"proximo-diplomado-virtual-del-catie","status":"publish","type":"post","link":"https:\/\/cebem.org\/?p=6499","title":{"rendered":"Pr\u00f3ximo Diplomado virtual del CATIE"},"content":{"rendered":"\n<figure class=\"wp-block-image size-large\"><img data-recalc-dims=\"1\" fetchpriority=\"high\" decoding=\"async\" width=\"750\" height=\"279\" src=\"https:\/\/i0.wp.com\/cebem.org\/wp-content\/uploads\/2020\/01\/Zrzut-ekranu-2020-01-9-o-12.57.27.png?resize=750%2C279&#038;ssl=1\" alt=\"\" class=\"wp-image-6500\" srcset=\"https:\/\/i0.wp.com\/cebem.org\/wp-content\/uploads\/2020\/01\/Zrzut-ekranu-2020-01-9-o-12.57.27.png?resize=1024%2C381&amp;ssl=1 1024w, https:\/\/i0.wp.com\/cebem.org\/wp-content\/uploads\/2020\/01\/Zrzut-ekranu-2020-01-9-o-12.57.27.png?resize=300%2C111&amp;ssl=1 300w, https:\/\/i0.wp.com\/cebem.org\/wp-content\/uploads\/2020\/01\/Zrzut-ekranu-2020-01-9-o-12.57.27.png?resize=768%2C285&amp;ssl=1 768w, https:\/\/i0.wp.com\/cebem.org\/wp-content\/uploads\/2020\/01\/Zrzut-ekranu-2020-01-9-o-12.57.27.png?resize=600%2C223&amp;ssl=1 600w, https:\/\/i0.wp.com\/cebem.org\/wp-content\/uploads\/2020\/01\/Zrzut-ekranu-2020-01-9-o-12.57.27.png?w=1496&amp;ssl=1 1496w\" sizes=\"(max-width: 750px) 100vw, 750px\" \/><\/figure>\n\n\n\n<p class=\"has-text-align-center\"><strong>VI Diplomado Virtual<\/strong> Integrando la Adaptaci\u00f3n al<br>Cambio Clim\u00e1tico en la Planificaci\u00f3n del Desarrollo<\/p>\n\n\n\n<p class=\"has-text-align-center\">Del\u00a0<strong>13 de enero\u00a0<\/strong>al <strong>13 de abril\u00a0<\/strong>de 2020<\/p>\n\n\n\n<p>El Grupo Intergubernamental de Expertos sobre el Cambio Clim\u00e1tico (IPCC) en su quinto informe sobre el cambio clim\u00e1tico enfatiza con mayor certeza que con el escenario de desarrollo actual la temperatura en el mundo aumentar\u00e1 a niveles por encima del umbral considerado por cient\u00edficos como aceptable para evitar cambios irrevocables en el funcionamiento de los ecosistemas. La reducci\u00f3n de gases de efecto invernadero es la \u00fanica manera para postergar o evitar estos cambios. Sin embargo, el clima ya est\u00e1 cambiando y esto est\u00e1 afectando principalmente la agricultura, los recursos naturales y los servicios ecosist\u00e9micos derivados de ellos.<\/p>\n\n\n\n<p>OBJETIVOS<\/p>\n\n\n\n<p>\u25c6\u00a0Mejorar las capacidades de los profesionales que trabajan con el sector agropecuario y los recursos naturales para analizar c\u00f3mo el cambio clim\u00e1tico podr\u00eda afectar sus proyectos y estrategias<br>\u25c6\u00a0Fortalecer las capacidades institucionales para integrar medidas de adaptaci\u00f3n en la planificaci\u00f3n del desarrollo<\/p>\n\n\n\n<p>METODOLOG\u00cdA<\/p>\n\n\n\n<p>El curso tiene una duraci\u00f3n de 12 semanas y est\u00e1 basado en la metodolog\u00eda de caso de la Universidad de Harvard, la cual reconoce que los adultos aprenden mejor de sus experiencias vividas. A lo largo del curso, despu\u00e9s de una breve introducci\u00f3n al tema, los estudiantes elaboran tareas concretas acerca de dos casos.<\/p>\n\n\n\n<p>FECHAS IMPORTANTES<br><br><strong>11 de enero de 2020<\/strong>:\u00a0fecha l\u00edmite de recepci\u00f3n de solicitud de inscripci\u00f3n<br><\/p>\n\n\n\n<p><strong><a href=\"https:\/\/www.catie.ac.cr\/capacitacion\/uploads\/doc\/680-catie.pdf\" target=\"_blank\" rel=\"noreferrer noopener\" aria-label=\"Mayor informaci\u00f3n aqu\u00ed (se abre en una nueva pesta\u00f1a)\">Mayor informaci\u00f3n aqu\u00ed<\/a><\/strong><\/p>\n","protected":false},"excerpt":{"rendered":"<p>El Instituto Interamericano de Cooperaci\u00f3n para la Agricultura  y el CATIE buscan, a trav\u00e9s de este curso virtual, fortalecer a los l\u00edderes en agricultura y recursos naturales de los pa\u00edses miembros de ambas instituciones en la planificaci\u00f3n del desarrollo bajo el contexto del cambio clim\u00e1tico.<\/p>\n","protected":false},"author":10,"featured_media":6502,"comment_status":"closed","ping_status":"closed","sticky":false,"template":"","format":"standard","meta":{"_jetpack_memberships_contains_paid_content":false,"footnotes":"","jetpack_publicize_message":"Pr\u00f3ximo Diplomado virtual del CATIE en Adaptaci\u00f3n al #CambioClim\u00e1tico","jetpack_publicize_feature_enabled":true,"jetpack_social_post_already_shared":true,"jetpack_social_options":{"image_generator_settings":{"template":"highway","default_image_id":0,"font":"","enabled":false},"version":2}},"categories":[10],"tags":[60,513,247],"class_list":["post-6499","post","type-post","status-publish","format-standard","has-post-thumbnail","hentry","category-otros-cursos","tag-cambio-climatico","tag-catie","tag-curso-virtual","item-wrap"],"jetpack_publicize_connections":[],"jetpack_featured_media_url":"https:\/\/i0.wp.com\/cebem.org\/wp-content\/uploads\/2020\/01\/Zrzut-ekranu-2020-01-9-o-13.03.58.png?fit=1376%2C534&ssl=1","jetpack_sharing_enabled":true,"_links":{"self":[{"href":"https:\/\/cebem.org\/index.php?rest_route=\/wp\/v2\/posts\/6499","targetHints":{"allow":["GET"]}}],"collection":[{"href":"https:\/\/cebem.org\/index.php?rest_route=\/wp\/v2\/posts"}],"about":[{"href":"https:\/\/cebem.org\/index.php?rest_route=\/wp\/v2\/types\/post"}],"author":[{"embeddable":true,"href":"https:\/\/cebem.org\/index.php?rest_route=\/wp\/v2\/users\/10"}],"replies":[{"embeddable":true,"href":"https:\/\/cebem.org\/index.php?rest_route=%2Fwp%2Fv2%2Fcomments&post=6499"}],"version-history":[{"count":2,"href":"https:\/\/cebem.org\/index.php?rest_route=\/wp\/v2\/posts\/6499\/revisions"}],"predecessor-version":[{"id":6504,"href":"https:\/\/cebem.org\/index.php?rest_route=\/wp\/v2\/posts\/6499\/revisions\/6504"}],"wp:featuredmedia":[{"embeddable":true,"href":"https:\/\/cebem.org\/index.php?rest_route=\/wp\/v2\/media\/6502"}],"wp:attachment":[{"href":"https:\/\/cebem.org\/index.php?rest_route=%2Fwp%2Fv2%2Fmedia&parent=6499"}],"wp:term":[{"taxonomy":"category","embeddable":true,"href":"https:\/\/cebem.org\/index.php?rest_route=%2Fwp%2Fv2%2Fcategories&post=6499"},{"taxonomy":"post_tag","embeddable":true,"href":"https:\/\/cebem.org\/index.php?rest_route=%2Fwp%2Fv2%2Ftags&post=6499"}],"curies":[{"name":"wp","href":"https:\/\/api.w.org\/{rel}","templated":true}]}}