
{"id":6489,"date":"2020-01-03T12:05:47","date_gmt":"2020-01-03T16:05:47","guid":{"rendered":"https:\/\/cebem.org\/?p=6489"},"modified":"2020-01-03T12:05:48","modified_gmt":"2020-01-03T16:05:48","slug":"fundacion-eu-lac-boletin-diciembre-2019","status":"publish","type":"post","link":"https:\/\/cebem.org\/?p=6489","title":{"rendered":"Fundaci\u00f3n EU-LAC Bolet\u00edn &#8211; Diciembre 2019"},"content":{"rendered":"\n<figure class=\"wp-block-image size-large\"><img data-recalc-dims=\"1\" fetchpriority=\"high\" decoding=\"async\" width=\"750\" height=\"311\" src=\"https:\/\/i0.wp.com\/cebem.org\/wp-content\/uploads\/2020\/01\/Zrzut-ekranu-2020-01-3-o-17.01.18.png?resize=750%2C311&#038;ssl=1\" alt=\"\" class=\"wp-image-6491\" srcset=\"https:\/\/i0.wp.com\/cebem.org\/wp-content\/uploads\/2020\/01\/Zrzut-ekranu-2020-01-3-o-17.01.18.png?resize=1024%2C425&amp;ssl=1 1024w, https:\/\/i0.wp.com\/cebem.org\/wp-content\/uploads\/2020\/01\/Zrzut-ekranu-2020-01-3-o-17.01.18.png?resize=300%2C124&amp;ssl=1 300w, https:\/\/i0.wp.com\/cebem.org\/wp-content\/uploads\/2020\/01\/Zrzut-ekranu-2020-01-3-o-17.01.18.png?resize=768%2C319&amp;ssl=1 768w, https:\/\/i0.wp.com\/cebem.org\/wp-content\/uploads\/2020\/01\/Zrzut-ekranu-2020-01-3-o-17.01.18.png?resize=600%2C249&amp;ssl=1 600w, https:\/\/i0.wp.com\/cebem.org\/wp-content\/uploads\/2020\/01\/Zrzut-ekranu-2020-01-3-o-17.01.18.png?resize=1536%2C637&amp;ssl=1 1536w, https:\/\/i0.wp.com\/cebem.org\/wp-content\/uploads\/2020\/01\/Zrzut-ekranu-2020-01-3-o-17.01.18.png?w=1900&amp;ssl=1 1900w\" sizes=\"(max-width: 750px) 100vw, 750px\" \/><\/figure>\n\n\n\n<p>La Fundaci\u00f3n Uni\u00f3n Europea-Am\u00e9rica Latina y el Caribe (Fundaci\u00f3n EU-LAC) fue creada por los Jefes de Estado y de Gobierno de la Uni\u00f3n Europea (UE) y de la Comunidad de Estados Latinoamericanos y Caribe\u00f1os (CELAC) en 2010. Sus miembros son los pa\u00edses de la UE y CELAC y la propia UE.&nbsp;La Fundaci\u00f3n es una herramienta de la asociaci\u00f3n UE-CELAC y sus actividades nutren el di\u00e1logo intergubernamental, en l\u00ednea con el Plan de Acci\u00f3n birregional.&nbsp;<\/p>\n\n\n\n<p>La Fundaci\u00f3n tiene la misi\u00f3n de fortalecer y promover la asociaci\u00f3n estrat\u00e9gica birregional, mejorando su visibilidad y fomentando la participaci\u00f3n activa de las sociedades civiles respectivas.<\/p>\n\n\n\n<p>Les presentamos el \u00faltimo bolet\u00edn con el tema principal \u00abJuventud y participaci\u00f3n en la Uni\u00f3n Europea, y Am\u00e9rica Latina y el Caribe\u00bb.<\/p>\n\n\n\n<p><a href=\"https:\/\/gallery.mailchimp.com\/ff018e5d48206d90c38bcf278\/files\/b4af9744-fd75-4390-84b9-b0222aa95366\/DICIEMBRE_esp_2.pdf?utm_source=EU-LAC+Foundation+Spanish+version&amp;utm_campaign=3fc0337c7d-EMAIL_CAMPAIGN_2019_12_10_03_37&amp;utm_medium=email&amp;utm_term=0_86dcdfd5f5-3fc0337c7d-83530237\" target=\"_blank\" rel=\"noreferrer noopener\" aria-label=\"Leer el bolet\u00edn aqu\u00ed  (se abre en una nueva pesta\u00f1a)\">Leer el bolet\u00edn aqu\u00ed <\/a><\/p>\n","protected":false},"excerpt":{"rendered":"<p>Les presentamos el \u00faltimo bolet\u00edn con el tema principal \u00abJuventud y participaci\u00f3n en la Uni\u00f3n Europea, y Am\u00e9rica Latina y el Caribe\u00bb<\/p>\n","protected":false},"author":10,"featured_media":6491,"comment_status":"closed","ping_status":"closed","sticky":false,"template":"","format":"standard","meta":{"_jetpack_memberships_contains_paid_content":false,"footnotes":"","jetpack_publicize_message":"Fundaci\u00f3n #EU-LAC Bolet\u00edn - Diciembre 2019","jetpack_publicize_feature_enabled":true,"jetpack_social_post_already_shared":true,"jetpack_social_options":{"image_generator_settings":{"template":"highway","default_image_id":0,"font":"","enabled":false},"version":2}},"categories":[5],"tags":[187,508,236,511],"class_list":["post-6489","post","type-post","status-publish","format-standard","has-post-thumbnail","hentry","category-boletin","tag-caribe","tag-eu-lac","tag-juventudes","tag-union-europea","item-wrap"],"jetpack_publicize_connections":[],"jetpack_featured_media_url":"https:\/\/i0.wp.com\/cebem.org\/wp-content\/uploads\/2020\/01\/Zrzut-ekranu-2020-01-3-o-17.01.18.png?fit=1900%2C788&ssl=1","jetpack_sharing_enabled":true,"_links":{"self":[{"href":"https:\/\/cebem.org\/index.php?rest_route=\/wp\/v2\/posts\/6489","targetHints":{"allow":["GET"]}}],"collection":[{"href":"https:\/\/cebem.org\/index.php?rest_route=\/wp\/v2\/posts"}],"about":[{"href":"https:\/\/cebem.org\/index.php?rest_route=\/wp\/v2\/types\/post"}],"author":[{"embeddable":true,"href":"https:\/\/cebem.org\/index.php?rest_route=\/wp\/v2\/users\/10"}],"replies":[{"embeddable":true,"href":"https:\/\/cebem.org\/index.php?rest_route=%2Fwp%2Fv2%2Fcomments&post=6489"}],"version-history":[{"count":2,"href":"https:\/\/cebem.org\/index.php?rest_route=\/wp\/v2\/posts\/6489\/revisions"}],"predecessor-version":[{"id":6492,"href":"https:\/\/cebem.org\/index.php?rest_route=\/wp\/v2\/posts\/6489\/revisions\/6492"}],"wp:featuredmedia":[{"embeddable":true,"href":"https:\/\/cebem.org\/index.php?rest_route=\/wp\/v2\/media\/6491"}],"wp:attachment":[{"href":"https:\/\/cebem.org\/index.php?rest_route=%2Fwp%2Fv2%2Fmedia&parent=6489"}],"wp:term":[{"taxonomy":"category","embeddable":true,"href":"https:\/\/cebem.org\/index.php?rest_route=%2Fwp%2Fv2%2Fcategories&post=6489"},{"taxonomy":"post_tag","embeddable":true,"href":"https:\/\/cebem.org\/index.php?rest_route=%2Fwp%2Fv2%2Ftags&post=6489"}],"curies":[{"name":"wp","href":"https:\/\/api.w.org\/{rel}","templated":true}]}}