
{"id":6427,"date":"2019-12-16T10:45:41","date_gmt":"2019-12-16T14:45:41","guid":{"rendered":"https:\/\/cebem.org\/?p=6427"},"modified":"2019-12-16T10:45:42","modified_gmt":"2019-12-16T14:45:42","slug":"presenta-tu-trabajo-en-materia-de-igualdad-de-genero-a-los-premios-uim","status":"publish","type":"post","link":"https:\/\/cebem.org\/?p=6427","title":{"rendered":"Presenta tu trabajo en materia de igualdad de G\u00e9nero a los Premios UIM"},"content":{"rendered":"\n<div class=\"wp-block-image\"><figure class=\"aligncenter size-large is-resized\"><img data-recalc-dims=\"1\" fetchpriority=\"high\" decoding=\"async\" src=\"https:\/\/i0.wp.com\/cebem.org\/wp-content\/uploads\/2019\/12\/Zrzut-ekranu-2019-12-16-o-15.28.54.png?resize=627%2C240&#038;ssl=1\" alt=\"\" class=\"wp-image-6428\" width=\"627\" height=\"240\" srcset=\"https:\/\/i0.wp.com\/cebem.org\/wp-content\/uploads\/2019\/12\/Zrzut-ekranu-2019-12-16-o-15.28.54.png?resize=1024%2C392&amp;ssl=1 1024w, https:\/\/i0.wp.com\/cebem.org\/wp-content\/uploads\/2019\/12\/Zrzut-ekranu-2019-12-16-o-15.28.54.png?resize=300%2C115&amp;ssl=1 300w, https:\/\/i0.wp.com\/cebem.org\/wp-content\/uploads\/2019\/12\/Zrzut-ekranu-2019-12-16-o-15.28.54.png?resize=768%2C294&amp;ssl=1 768w, https:\/\/i0.wp.com\/cebem.org\/wp-content\/uploads\/2019\/12\/Zrzut-ekranu-2019-12-16-o-15.28.54.png?resize=600%2C230&amp;ssl=1 600w, https:\/\/i0.wp.com\/cebem.org\/wp-content\/uploads\/2019\/12\/Zrzut-ekranu-2019-12-16-o-15.28.54.png?resize=1536%2C588&amp;ssl=1 1536w, https:\/\/i0.wp.com\/cebem.org\/wp-content\/uploads\/2019\/12\/Zrzut-ekranu-2019-12-16-o-15.28.54.png?w=1546&amp;ssl=1 1546w\" sizes=\"(max-width: 627px) 100vw, 627px\" \/><\/figure><\/div>\n\n\n\n<p>Los&nbsp;<strong>PREMIOS UIM A LAS BUENAS PR\u00c1CTICAS LOCALES CON ENFOQUE DE G\u00c9NERO<\/strong>, en l\u00ednea a los objetivos de la Red Iberoamericana de Municipios por la Igualdad de G\u00e9nero (RIMIG), tienen como fin reconocer, valorar, fortalecer y socializar las buenas pr\u00e1cticas locales con enfoque de g\u00e9nero que existen en Iberoam\u00e9rica para que acompa\u00f1en nuevos procesos como \u201cciudades mentoras\u201d.<\/p>\n\n\n\n<p>Dada la diversidad de \u00e1mbitos de actuaci\u00f3n, se entregar\u00e1n premios a las cinco mejores iniciativas de gobiernos subnacionales (Estados, provincias, departamentos, regiones y otras denominaciones) y municipales.<\/p>\n\n\n\n<p>Categor\u00eda 1. Pol\u00edticas para prevenir y erradicar la violencia hacia mujeres y ni\u00f1as<br>Categor\u00eda 2. Democracia paritaria<br>Categor\u00eda 3. Transversalidad de g\u00e9nero en las pol\u00edticas p\u00fablicas locales<br>Categor\u00eda 4. Premio UIM \u2013 REDNACECYT: Mujer, Ciencia y Tecnolog\u00eda<\/p>\n\n\n\n<p>PRESENTANOS EL BUEN TRABAJO DE TU INSTITUCI\u00d3N EN MATERIA DE&nbsp;G\u00c9NERO&nbsp;QUE QUEREMOS PREMIAR&nbsp;Y DAR&nbsp;A CONOCER A TODA IBEROAM\u00c9RICA<\/p>\n\n\n\n<p>Los galardones y reconocimientos ser\u00e1n entregados en el marco de la\u00a0<strong>V Cumbre Iberoamericana de Agendas Locales de G\u00e9nero<\/strong>, a celebrarse en Colima (M\u00e9xico), del 27 al 30 de abril de 2020 (<a href=\"https:\/\/cumbregenero.eventosuim.org\/\">+info<\/a>)<\/p>\n\n\n\n<p><a href=\"https:\/\/premiosuim.uimunicipalistas.org\/premio-buenas-practicas-con-enfoque-de-genero\/\" target=\"_blank\" rel=\"noreferrer noopener\" aria-label=\"M\u00e1s informaci\u00f3n aqu\u00ed (se abre en una nueva pesta\u00f1a)\">M\u00e1s informaci\u00f3n aqu\u00ed<\/a><\/p>\n","protected":false},"excerpt":{"rendered":"<p>Los premios UIM a las buenas pr\u00e1cticas locales con enfoque de g\u00e9nero, en l\u00ednea a los objetivos de la Red Iberoamericana de Municipios por la Igualdad de G\u00e9nero (RIMIG), tienen como fin reconocer, valorar, fortalecer y socializar las buenas pr\u00e1cticas locales con enfoque de g\u00e9nero que existen en Iberoam\u00e9rica para que acompa\u00f1en nuevos procesos como \u201cciudades mentoras\u201d.<\/p>\n","protected":false},"author":10,"featured_media":6429,"comment_status":"closed","ping_status":"closed","sticky":false,"template":"","format":"standard","meta":{"_jetpack_memberships_contains_paid_content":false,"footnotes":"","jetpack_publicize_message":"Presenta tu trabajo en materia de igualdad de #G\u00e9nero a los Premios UIM","jetpack_publicize_feature_enabled":true,"jetpack_social_post_already_shared":true,"jetpack_social_options":{"image_generator_settings":{"template":"highway","default_image_id":0,"font":"","enabled":false},"version":2}},"categories":[8],"tags":[487,43,203],"class_list":["post-6427","post","type-post","status-publish","format-standard","has-post-thumbnail","hentry","category-convocatorias","tag-boletin-12-diciembre-2019","tag-genero","tag-uim","item-wrap"],"jetpack_publicize_connections":[],"jetpack_featured_media_url":"https:\/\/i0.wp.com\/cebem.org\/wp-content\/uploads\/2019\/12\/Zrzut-ekranu-2019-12-16-o-15.28.54-1.png?fit=1546%2C592&ssl=1","jetpack_sharing_enabled":true,"_links":{"self":[{"href":"https:\/\/cebem.org\/index.php?rest_route=\/wp\/v2\/posts\/6427","targetHints":{"allow":["GET"]}}],"collection":[{"href":"https:\/\/cebem.org\/index.php?rest_route=\/wp\/v2\/posts"}],"about":[{"href":"https:\/\/cebem.org\/index.php?rest_route=\/wp\/v2\/types\/post"}],"author":[{"embeddable":true,"href":"https:\/\/cebem.org\/index.php?rest_route=\/wp\/v2\/users\/10"}],"replies":[{"embeddable":true,"href":"https:\/\/cebem.org\/index.php?rest_route=%2Fwp%2Fv2%2Fcomments&post=6427"}],"version-history":[{"count":2,"href":"https:\/\/cebem.org\/index.php?rest_route=\/wp\/v2\/posts\/6427\/revisions"}],"predecessor-version":[{"id":6432,"href":"https:\/\/cebem.org\/index.php?rest_route=\/wp\/v2\/posts\/6427\/revisions\/6432"}],"wp:featuredmedia":[{"embeddable":true,"href":"https:\/\/cebem.org\/index.php?rest_route=\/wp\/v2\/media\/6429"}],"wp:attachment":[{"href":"https:\/\/cebem.org\/index.php?rest_route=%2Fwp%2Fv2%2Fmedia&parent=6427"}],"wp:term":[{"taxonomy":"category","embeddable":true,"href":"https:\/\/cebem.org\/index.php?rest_route=%2Fwp%2Fv2%2Fcategories&post=6427"},{"taxonomy":"post_tag","embeddable":true,"href":"https:\/\/cebem.org\/index.php?rest_route=%2Fwp%2Fv2%2Ftags&post=6427"}],"curies":[{"name":"wp","href":"https:\/\/api.w.org\/{rel}","templated":true}]}}