
{"id":6416,"date":"2019-12-13T15:00:00","date_gmt":"2019-12-13T19:00:00","guid":{"rendered":"https:\/\/cebem.org\/?p=6416"},"modified":"2019-12-12T18:30:18","modified_gmt":"2019-12-12T22:30:18","slug":"informe-tecnico-incendios-chiquitania","status":"publish","type":"post","link":"https:\/\/cebem.org\/?p=6416","title":{"rendered":"Informe t\u00e9cnico incendios Chiquitania"},"content":{"rendered":"\n<div class=\"wp-block-image\"><figure class=\"aligncenter size-large is-resized\"><img data-recalc-dims=\"1\" fetchpriority=\"high\" decoding=\"async\" src=\"https:\/\/i0.wp.com\/cebem.org\/wp-content\/uploads\/2019\/12\/Zrzut-ekranu-2019-12-12-o-23.20.08.png?resize=548%2C336&#038;ssl=1\" alt=\"\" class=\"wp-image-6417\" width=\"548\" height=\"336\" srcset=\"https:\/\/i0.wp.com\/cebem.org\/wp-content\/uploads\/2019\/12\/Zrzut-ekranu-2019-12-12-o-23.20.08.png?resize=1024%2C627&amp;ssl=1 1024w, https:\/\/i0.wp.com\/cebem.org\/wp-content\/uploads\/2019\/12\/Zrzut-ekranu-2019-12-12-o-23.20.08.png?resize=300%2C184&amp;ssl=1 300w, https:\/\/i0.wp.com\/cebem.org\/wp-content\/uploads\/2019\/12\/Zrzut-ekranu-2019-12-12-o-23.20.08.png?resize=768%2C470&amp;ssl=1 768w, https:\/\/i0.wp.com\/cebem.org\/wp-content\/uploads\/2019\/12\/Zrzut-ekranu-2019-12-12-o-23.20.08.png?resize=600%2C367&amp;ssl=1 600w, https:\/\/i0.wp.com\/cebem.org\/wp-content\/uploads\/2019\/12\/Zrzut-ekranu-2019-12-12-o-23.20.08.png?w=1376&amp;ssl=1 1376w\" sizes=\"(max-width: 548px) 100vw, 548px\" \/><\/figure><\/div>\n\n\n\n<p>Entre julio y octubre del a\u00f1o 2019 se registraron en Bolivia uno de los eventos de quemas de vegetaci\u00f3n m\u00e1s extenso y posiblemente de mayor impacto ecol\u00f3gico de la \u00faltima d\u00e9cada. En el departamento de Santa Cruz (Bolivia), tomando en cuen- ta los \u00faltimos 18 a\u00f1os de recurrencia de incendios durante la \u00e9poca seca (invierno austral), los incendios del a\u00f1o 2019 se los puede considerar como extremos ya que sucedieron en una serie recurrente de fuegos desde julio a octubre, de amplia extensi\u00f3n y gran magnitud. Expertos internacionales en fuego los consideraron \u201cincendios de sexta generaci\u00f3n\u201d (Castellnou, M. 2018). Estos fen\u00f3menos provocan una gran voracidad de las llamas, las cuales pueden llegar a consumir m\u00e1s de 4000 hect\u00e1reas por hora (Castellnou, M. 2018). Sin duda, este tipo de fen\u00f3menos indica que los incendios del 2019 pudieron tener un fuerte impacto en los ecosistemas y en los medios de vida de las poblaciones locales. Es por ello que en el presente documento t\u00e9cnico se expone un resumen sobre las anomal\u00edas clim\u00e1ticas y la ge- neraci\u00f3n de los megaincendios en el oriente de Bolivia.<\/p>\n\n\n\n<p>Este Informe T\u00e9cnico del Observatorio del Bosque Seco Chiquitano tiene como objetivo realizar una evaluaci\u00f3n r\u00e1pida de los ecosistemas afectados y en las diferentes unidades de conservaci\u00f3n, que permita generar un diagn\u00f3stico preliminar del impacto de los incendios sobre la integridad del paisaje, teniendo en cuenta las diferentes condiciones de uso y tenencia de la tierra. Los resultados son parte de la cooperaci\u00f3n entre la FCBC y el Gobierno Aut\u00f3nomo Departamental de Santa Cruz en el marco del Proyecto ECCOS, financiado por la Uni\u00f3n Europea.<\/p>\n\n\n\n<p><a rel=\"noreferrer noopener\" aria-label=\"er el informe completo aqu\u00ed (se abre en una nueva pesta\u00f1a)\" href=\"https:\/\/www.fcbc.org.bo\/wp-content\/uploads\/2019\/12\/DiagnosticoIncendios.pdf\" target=\"_blank\">Ver el informe completo aqu\u00ed<\/a><\/p>\n","protected":false},"excerpt":{"rendered":"<p>Este Informe T\u00e9cnico del Observatorio del Bosque Seco Chiquitano tiene como objetivo realizar una evaluaci\u00f3n r\u00e1pida de los ecosistemas afectados y en las diferentes unidades de conservaci\u00f3n, que permita generar un diagn\u00f3stico preliminar del impacto de los incendios sobre la integridad del paisaje.<\/p>\n","protected":false},"author":10,"featured_media":6418,"comment_status":"closed","ping_status":"closed","sticky":false,"template":"","format":"standard","meta":{"_jetpack_memberships_contains_paid_content":false,"footnotes":"","jetpack_publicize_message":"El documento t\u00e9cnico del Observatorio Bosque Seco Chiquitano, donde se presenta un primer informe sobre las \u00e1reas afectadas por los incendios de 2019 en la #Chiquitania","jetpack_publicize_feature_enabled":true,"jetpack_social_post_already_shared":true,"jetpack_social_options":{"image_generator_settings":{"template":"highway","default_image_id":0,"font":"","enabled":false},"version":2}},"categories":[7],"tags":[487,35,437,438,91],"class_list":["post-6416","post","type-post","status-publish","format-standard","has-post-thumbnail","hentry","category-otras-publicaciones","tag-boletin-12-diciembre-2019","tag-bolivia","tag-chiquitania","tag-incendios","tag-informe","item-wrap"],"jetpack_publicize_connections":[],"jetpack_featured_media_url":"https:\/\/i0.wp.com\/cebem.org\/wp-content\/uploads\/2019\/12\/Zrzut-ekranu-2019-12-12-o-23.20.39.png?fit=1210%2C940&ssl=1","jetpack_sharing_enabled":true,"_links":{"self":[{"href":"https:\/\/cebem.org\/index.php?rest_route=\/wp\/v2\/posts\/6416","targetHints":{"allow":["GET"]}}],"collection":[{"href":"https:\/\/cebem.org\/index.php?rest_route=\/wp\/v2\/posts"}],"about":[{"href":"https:\/\/cebem.org\/index.php?rest_route=\/wp\/v2\/types\/post"}],"author":[{"embeddable":true,"href":"https:\/\/cebem.org\/index.php?rest_route=\/wp\/v2\/users\/10"}],"replies":[{"embeddable":true,"href":"https:\/\/cebem.org\/index.php?rest_route=%2Fwp%2Fv2%2Fcomments&post=6416"}],"version-history":[{"count":3,"href":"https:\/\/cebem.org\/index.php?rest_route=\/wp\/v2\/posts\/6416\/revisions"}],"predecessor-version":[{"id":6421,"href":"https:\/\/cebem.org\/index.php?rest_route=\/wp\/v2\/posts\/6416\/revisions\/6421"}],"wp:featuredmedia":[{"embeddable":true,"href":"https:\/\/cebem.org\/index.php?rest_route=\/wp\/v2\/media\/6418"}],"wp:attachment":[{"href":"https:\/\/cebem.org\/index.php?rest_route=%2Fwp%2Fv2%2Fmedia&parent=6416"}],"wp:term":[{"taxonomy":"category","embeddable":true,"href":"https:\/\/cebem.org\/index.php?rest_route=%2Fwp%2Fv2%2Fcategories&post=6416"},{"taxonomy":"post_tag","embeddable":true,"href":"https:\/\/cebem.org\/index.php?rest_route=%2Fwp%2Fv2%2Ftags&post=6416"}],"curies":[{"name":"wp","href":"https:\/\/api.w.org\/{rel}","templated":true}]}}