
{"id":6186,"date":"2019-11-04T11:22:15","date_gmt":"2019-11-04T15:22:15","guid":{"rendered":"https:\/\/cebem.org\/?p=6186"},"modified":"2019-11-04T11:21:17","modified_gmt":"2019-11-04T15:21:17","slug":"boletin-de-la-oficina-regional-del-idrc-para-america-latina-y-el-caribe","status":"publish","type":"post","link":"https:\/\/cebem.org\/?p=6186","title":{"rendered":"Bolet\u00edn de la Oficina Regional del IDRC para Am\u00e9rica Latina y el Caribe"},"content":{"rendered":"\n<figure class=\"wp-block-image\"><img data-recalc-dims=\"1\" fetchpriority=\"high\" decoding=\"async\" width=\"505\" height=\"214\" src=\"https:\/\/i0.wp.com\/cebem.org\/wp-content\/uploads\/2019\/11\/pic.jpg?resize=505%2C214&#038;ssl=1\" alt=\"\" class=\"wp-image-6187\" srcset=\"https:\/\/i0.wp.com\/cebem.org\/wp-content\/uploads\/2019\/11\/pic.jpg?w=505&amp;ssl=1 505w, https:\/\/i0.wp.com\/cebem.org\/wp-content\/uploads\/2019\/11\/pic.jpg?resize=300%2C127&amp;ssl=1 300w\" sizes=\"(max-width: 505px) 100vw, 505px\" \/><\/figure>\n\n\n\n<p>Un componente clave de la pol\u00edtica exterior de Canad\u00e1, el IDRC apoya la investigaci\u00f3n en pa\u00edses en desarrollo para promover el crecimiento y el desarrollo. Como resultado de ello, se logran soluciones innovadora y duraderas que apuntan a mejorar las condiciones de vida y los medios de subsistencia de las personas. <\/p>\n\n\n\n<p><a href=\"https:\/\/mailchi.mp\/e571b52c04a3\/october-2019-bulletin-idrc-latin-america-and-the-caribbean?e=072b2d67a6\" target=\"_blank\" rel=\"noreferrer noopener\" aria-label=\"Ver el bolet\u00edn  (abre en una nueva pesta\u00f1a)\">Ver el bolet\u00edn <\/a><\/p>\n","protected":false},"excerpt":{"rendered":"<p>El IDRC apoya la investigaci\u00f3n en pa\u00edses en desarrollo para promover el crecimiento y el desarrollo. Como resultado de ello, se logran soluciones innovadora y duraderas que apuntan a mejorar las condiciones de vida y los medios de subsistencia de las personas.<\/p>\n","protected":false},"author":10,"featured_media":6187,"comment_status":"closed","ping_status":"closed","sticky":false,"template":"","format":"standard","meta":{"_jetpack_memberships_contains_paid_content":false,"footnotes":"","jetpack_publicize_message":"El nuevo bolet\u00edn de la Oficina Regional del  #IDRC para Am\u00e9rica Latina y el Caribe","jetpack_publicize_feature_enabled":true,"jetpack_social_post_already_shared":true,"jetpack_social_options":{"image_generator_settings":{"template":"highway","default_image_id":0,"font":"","enabled":false},"version":2}},"categories":[5],"tags":[451,245,452],"class_list":["post-6186","post","type-post","status-publish","format-standard","has-post-thumbnail","hentry","category-boletin","tag-boletin-11-noviembre-2019","tag-desarrollo","tag-idrc","item-wrap"],"jetpack_publicize_connections":[],"jetpack_featured_media_url":"https:\/\/i0.wp.com\/cebem.org\/wp-content\/uploads\/2019\/11\/pic.jpg?fit=505%2C214&ssl=1","jetpack_sharing_enabled":true,"_links":{"self":[{"href":"https:\/\/cebem.org\/index.php?rest_route=\/wp\/v2\/posts\/6186","targetHints":{"allow":["GET"]}}],"collection":[{"href":"https:\/\/cebem.org\/index.php?rest_route=\/wp\/v2\/posts"}],"about":[{"href":"https:\/\/cebem.org\/index.php?rest_route=\/wp\/v2\/types\/post"}],"author":[{"embeddable":true,"href":"https:\/\/cebem.org\/index.php?rest_route=\/wp\/v2\/users\/10"}],"replies":[{"embeddable":true,"href":"https:\/\/cebem.org\/index.php?rest_route=%2Fwp%2Fv2%2Fcomments&post=6186"}],"version-history":[{"count":2,"href":"https:\/\/cebem.org\/index.php?rest_route=\/wp\/v2\/posts\/6186\/revisions"}],"predecessor-version":[{"id":6199,"href":"https:\/\/cebem.org\/index.php?rest_route=\/wp\/v2\/posts\/6186\/revisions\/6199"}],"wp:featuredmedia":[{"embeddable":true,"href":"https:\/\/cebem.org\/index.php?rest_route=\/wp\/v2\/media\/6187"}],"wp:attachment":[{"href":"https:\/\/cebem.org\/index.php?rest_route=%2Fwp%2Fv2%2Fmedia&parent=6186"}],"wp:term":[{"taxonomy":"category","embeddable":true,"href":"https:\/\/cebem.org\/index.php?rest_route=%2Fwp%2Fv2%2Fcategories&post=6186"},{"taxonomy":"post_tag","embeddable":true,"href":"https:\/\/cebem.org\/index.php?rest_route=%2Fwp%2Fv2%2Ftags&post=6186"}],"curies":[{"name":"wp","href":"https:\/\/api.w.org\/{rel}","templated":true}]}}