
{"id":6175,"date":"2019-11-01T11:08:45","date_gmt":"2019-11-01T15:08:45","guid":{"rendered":"https:\/\/cebem.org\/?p=6175"},"modified":"2019-11-01T11:53:57","modified_gmt":"2019-11-01T15:53:57","slug":"el-libro-recomendado-la-planificacion-y-la-prospectiva-hoy-innovaciones-para-el-fortalecimiento-de-la-capacidad-de-gobernar-y-la-toma-de-decisiones","status":"publish","type":"post","link":"https:\/\/cebem.org\/?p=6175","title":{"rendered":"Libro recomendado: \u00abLa planificaci\u00f3n y la prospectiva, hoy: Innovaciones para el fortalecimiento de la capacidad de gobernar y la toma de decisiones\u00bb"},"content":{"rendered":"\n<div class=\"wp-block-image\"><figure class=\"aligncenter is-resized\"><img data-recalc-dims=\"1\" fetchpriority=\"high\" decoding=\"async\" src=\"https:\/\/i0.wp.com\/cebem.org\/wp-content\/uploads\/2019\/11\/libro.jpg?resize=358%2C477&#038;ssl=1\" alt=\"\" class=\"wp-image-6179\" width=\"358\" height=\"477\" srcset=\"https:\/\/i0.wp.com\/cebem.org\/wp-content\/uploads\/2019\/11\/libro.jpg?w=457&amp;ssl=1 457w, https:\/\/i0.wp.com\/cebem.org\/wp-content\/uploads\/2019\/11\/libro.jpg?resize=225%2C300&amp;ssl=1 225w\" sizes=\"(max-width: 358px) 100vw, 358px\" \/><\/figure><\/div>\n\n\n\n<p>\u201cLA PLANIFICACI\u00d3N Y LA PROSPECTIVA, HOY: Innovaciones para el fortalecimiento de la capacidad de gobernar y para la toma de decisiones\u201d, representa la consecuci\u00f3n del proceso iniciado en la construcci\u00f3n y consolidaci\u00f3n del Plan Integral \u00abLa Paz 2040: La Paz que Queremos\u00bb, donde se privilegia la necesidad de formar un nuevo perfil del servidor municipal a un sujeto proactivo con competencias profesionales y habilidades, capaz de responder con eficacia a la demanda de la poblaci\u00f3n.<\/p>\n\n\n\n<p>El presente libro escrito por intelectuales, acad\u00e9micos, gestores municipales, investigadores y prospectivistas latinoamericanos, es una valiosa herramienta conceptual y metodol\u00f3gica para el dise\u00f1o de pol\u00edticas p\u00fablicas, planes de mediano y largo plazo, mediante el an\u00e1lisis de escenarios pol\u00edticos, mapas de actores y variables estrat\u00e9gicas.<\/p>\n\n\n\n<p>La prospectiva es expuesta en el presente libro como la disciplina relevante y necesaria para el an\u00e1lisis anticipatorio de escenarios futuros, desde el pensamiento complejo y la locura de emprender la construcci\u00f3n del futuro deseado.<\/p>\n\n\n\n<div class=\"wp-block-file\"><a href=\"https:\/\/cebem.org\/wp-content\/uploads\/2019\/11\/libro-prospectiva-bolivia-la-paz.pdf\">Descarga el libro aqu\u00ed<\/a><a href=\"https:\/\/cebem.org\/wp-content\/uploads\/2019\/11\/libro-prospectiva-bolivia-la-paz.pdf\" class=\"wp-block-file__button\" download>Descarga<\/a><\/div>\n\n\n\n<p><\/p>\n","protected":false},"excerpt":{"rendered":"<p>El presente libro es una valiosa herramienta conceptual y metodol\u00f3gica para el dise\u00f1o de pol\u00edticas p\u00fablicas, planes de mediano y largo plazo, mediante el an\u00e1lisis de escenarios pol\u00edticos, mapas de actores y variables estrat\u00e9gicas.<\/p>\n","protected":false},"author":10,"featured_media":6185,"comment_status":"closed","ping_status":"closed","sticky":false,"template":"","format":"standard","meta":{"_jetpack_memberships_contains_paid_content":false,"footnotes":"","jetpack_publicize_message":"Recomendamos el libro \"La planificaci\u00f3n y la prospectiva, hoy: Innovaciones para el fortalecimiento de la  #CapacidadDeGobernar y la toma de decisiones\"","jetpack_publicize_feature_enabled":true,"jetpack_social_post_already_shared":true,"jetpack_social_options":{"image_generator_settings":{"template":"highway","default_image_id":0,"font":"","enabled":false},"version":2}},"categories":[7],"tags":[434,450,74,246],"class_list":["post-6175","post","type-post","status-publish","format-standard","has-post-thumbnail","hentry","category-otras-publicaciones","tag-boletin-10-octubre-2019","tag-gobernar","tag-libro","tag-planificacion","item-wrap"],"jetpack_publicize_connections":[],"jetpack_featured_media_url":"https:\/\/i0.wp.com\/cebem.org\/wp-content\/uploads\/2019\/11\/libro2.jpg?fit=604%2C272&ssl=1","jetpack_sharing_enabled":true,"_links":{"self":[{"href":"https:\/\/cebem.org\/index.php?rest_route=\/wp\/v2\/posts\/6175","targetHints":{"allow":["GET"]}}],"collection":[{"href":"https:\/\/cebem.org\/index.php?rest_route=\/wp\/v2\/posts"}],"about":[{"href":"https:\/\/cebem.org\/index.php?rest_route=\/wp\/v2\/types\/post"}],"author":[{"embeddable":true,"href":"https:\/\/cebem.org\/index.php?rest_route=\/wp\/v2\/users\/10"}],"replies":[{"embeddable":true,"href":"https:\/\/cebem.org\/index.php?rest_route=%2Fwp%2Fv2%2Fcomments&post=6175"}],"version-history":[{"count":6,"href":"https:\/\/cebem.org\/index.php?rest_route=\/wp\/v2\/posts\/6175\/revisions"}],"predecessor-version":[{"id":6189,"href":"https:\/\/cebem.org\/index.php?rest_route=\/wp\/v2\/posts\/6175\/revisions\/6189"}],"wp:featuredmedia":[{"embeddable":true,"href":"https:\/\/cebem.org\/index.php?rest_route=\/wp\/v2\/media\/6185"}],"wp:attachment":[{"href":"https:\/\/cebem.org\/index.php?rest_route=%2Fwp%2Fv2%2Fmedia&parent=6175"}],"wp:term":[{"taxonomy":"category","embeddable":true,"href":"https:\/\/cebem.org\/index.php?rest_route=%2Fwp%2Fv2%2Fcategories&post=6175"},{"taxonomy":"post_tag","embeddable":true,"href":"https:\/\/cebem.org\/index.php?rest_route=%2Fwp%2Fv2%2Ftags&post=6175"}],"curies":[{"name":"wp","href":"https:\/\/api.w.org\/{rel}","templated":true}]}}