
{"id":6154,"date":"2019-10-31T10:22:42","date_gmt":"2019-10-31T14:22:42","guid":{"rendered":"https:\/\/cebem.org\/?p=6154"},"modified":"2019-10-31T10:22:43","modified_gmt":"2019-10-31T14:22:43","slug":"invitacion-al-webinar-accion-humanitaria-en-la-practica-lecciones-aprendidas-y-buenas-practicas","status":"publish","type":"post","link":"https:\/\/cebem.org\/?p=6154","title":{"rendered":"Invitaci\u00f3n al Webinar \u00abAcci\u00f3n humanitaria en la pr\u00e1ctica: lecciones aprendidas y buenas pr\u00e1cticas\u00bb"},"content":{"rendered":"\n<figure class=\"wp-block-image\"><img data-recalc-dims=\"1\" fetchpriority=\"high\" decoding=\"async\" width=\"750\" height=\"563\" src=\"https:\/\/i0.wp.com\/cebem.org\/wp-content\/uploads\/2019\/10\/zvRjwBA.png?resize=750%2C563&#038;ssl=1\" alt=\"\" class=\"wp-image-6155\" srcset=\"https:\/\/i0.wp.com\/cebem.org\/wp-content\/uploads\/2019\/10\/zvRjwBA.png?w=800&amp;ssl=1 800w, https:\/\/i0.wp.com\/cebem.org\/wp-content\/uploads\/2019\/10\/zvRjwBA.png?resize=300%2C225&amp;ssl=1 300w, https:\/\/i0.wp.com\/cebem.org\/wp-content\/uploads\/2019\/10\/zvRjwBA.png?resize=768%2C576&amp;ssl=1 768w, https:\/\/i0.wp.com\/cebem.org\/wp-content\/uploads\/2019\/10\/zvRjwBA.png?resize=600%2C450&amp;ssl=1 600w\" sizes=\"(max-width: 750px) 100vw, 750px\" \/><\/figure>\n\n\n\n<p>Este webinar, como parte del curso de Gesti\u00f3n de Proyectos Humanitarios del Diploma de Acci\u00f3n Humanitaria IECAH, pretende una breve descripci\u00f3n de los contenidos del curso sobre gesti\u00f3n del ciclo del proyecto con una discusi\u00f3n que hace \u00e9nfasis en algunas herramientas \u00fatiles (Proyecto Esfera, CHS) y elementos a tener en cuenta para mejorar la comprensi\u00f3n del contexto, la participaci\u00f3n de la comunidad y finalmente las acciones en el terreno.<\/p>\n\n\n\n<p>Luisa Fernanda Pineda es economista, especialista en cooperaci\u00f3n internacional para el desarrollo y m\u00e1ster en microfinanza y desarrollo social. Lleva 9 a\u00f1os trabajando en la asistencia de personas afectadas por desastres y v\u00edctimas del conflicto armado en Colombia con la Federaci\u00f3n Luterana Mundial, OCHA y COOPI. En los \u00faltimos a\u00f1os se ha incorporado a organizaciones como Save the Children y Cruz Roja Colombiana en la atenci\u00f3n a personas migrantes, as\u00ed como ONU Mujeres.<\/p>\n\n\n\n<p><strong>\u00bfCu\u00e1ndo?<\/strong><br>LUNES&nbsp;<strong>4 de NOVIEMBRE a las 11:00h<\/strong> (CET, Madrid)<\/p>\n\n\n\n<p><strong>\u00bfD\u00f3nde?&nbsp;<\/strong><br>A trav\u00e9s de la plataforma ZOOM siguiendo el&nbsp;<a rel=\"noreferrer noopener\" href=\"https:\/\/zoom.us\/meeting\/register\/1b1b506cfdb41cf2d746f627e8486654\" target=\"_blank\">enlace.<\/a><\/p>\n\n\n\n<p><strong>\u00bfQui\u00e9n?&nbsp;<\/strong><br>La actividad es abierta y gratuita&nbsp;(inscripciones&nbsp;<a rel=\"noreferrer noopener\" href=\"https:\/\/zoom.us\/meeting\/register\/1b1b506cfdb41cf2d746f627e8486654\" target=\"_blank\">aqu\u00ed<\/a>). El evento se ha dise\u00f1ado tanto para los participantes en el&nbsp;<a rel=\"noreferrer noopener\" href=\"http:\/\/campusiecah.org\/www\/F\/CVGPH\/CVGPH_landing\/CVGPH_inicio.html\" target=\"_blank\">Curso de Gesti\u00f3n de Proyectos Humanitarios (como parte del Diploma de Acci\u00f3n Humanitaria)<\/a>&nbsp;como para&nbsp;cualquier persona interesada&nbsp;en esta cuesti\u00f3n.<\/p>\n\n\n\n<table class=\"wp-block-table\"><tbody><tr><td>Inscr\u00edbete al webinar\u00a0<a rel=\"noreferrer noopener\" href=\"http:\/\/iecah.org\/index.php?subid=76747&amp;option=com_acymailing&amp;ctrl=url&amp;urlid=198&amp;mailid=294\" target=\"_blank\">aqu\u00ed\u00a0<\/a><br><br>M\u00e1s informaci\u00f3n\u00a0<a rel=\"noreferrer noopener\" href=\"http:\/\/iecah.org\/index.php\/articulos\/3577-webinar-accion-humanitaria-en-la-practica-lecciones-aprendidas-y-buenas-practicas-con-luisa-fernanda-pineda?acm=76747_294\" target=\"_blank\">aqu\u00ed<\/a><\/td><td>&nbsp;<\/td><\/tr><tr><td><\/td><td><\/td><\/tr><\/tbody><\/table>\n\n\n\n<p><\/p>\n","protected":false},"excerpt":{"rendered":"<p>El webinar \u00abAcci\u00f3n humanitaria en la pr\u00e1ctica: lecciones aprendidas y buenas pr\u00e1cticas\u00bb es parte del curso de Gesti\u00f3n de Proyectos Humanitarios del Diploma de Acci\u00f3n Humanitaria IECAH<\/p>\n","protected":false},"author":10,"featured_media":6155,"comment_status":"closed","ping_status":"closed","sticky":false,"template":"","format":"standard","meta":{"_jetpack_memberships_contains_paid_content":false,"footnotes":"","jetpack_publicize_message":"","jetpack_publicize_feature_enabled":true,"jetpack_social_post_already_shared":true,"jetpack_social_options":{"image_generator_settings":{"template":"highway","default_image_id":0,"font":"","enabled":false},"version":2}},"categories":[34],"tags":[449,434,147],"class_list":["post-6154","post","type-post","status-publish","format-standard","has-post-thumbnail","hentry","category-eventos","tag-accion-humanitaria","tag-boletin-10-octubre-2019","tag-webinar","item-wrap"],"jetpack_publicize_connections":[],"jetpack_featured_media_url":"https:\/\/i0.wp.com\/cebem.org\/wp-content\/uploads\/2019\/10\/zvRjwBA.png?fit=800%2C600&ssl=1","jetpack_sharing_enabled":true,"_links":{"self":[{"href":"https:\/\/cebem.org\/index.php?rest_route=\/wp\/v2\/posts\/6154","targetHints":{"allow":["GET"]}}],"collection":[{"href":"https:\/\/cebem.org\/index.php?rest_route=\/wp\/v2\/posts"}],"about":[{"href":"https:\/\/cebem.org\/index.php?rest_route=\/wp\/v2\/types\/post"}],"author":[{"embeddable":true,"href":"https:\/\/cebem.org\/index.php?rest_route=\/wp\/v2\/users\/10"}],"replies":[{"embeddable":true,"href":"https:\/\/cebem.org\/index.php?rest_route=%2Fwp%2Fv2%2Fcomments&post=6154"}],"version-history":[{"count":4,"href":"https:\/\/cebem.org\/index.php?rest_route=\/wp\/v2\/posts\/6154\/revisions"}],"predecessor-version":[{"id":6159,"href":"https:\/\/cebem.org\/index.php?rest_route=\/wp\/v2\/posts\/6154\/revisions\/6159"}],"wp:featuredmedia":[{"embeddable":true,"href":"https:\/\/cebem.org\/index.php?rest_route=\/wp\/v2\/media\/6155"}],"wp:attachment":[{"href":"https:\/\/cebem.org\/index.php?rest_route=%2Fwp%2Fv2%2Fmedia&parent=6154"}],"wp:term":[{"taxonomy":"category","embeddable":true,"href":"https:\/\/cebem.org\/index.php?rest_route=%2Fwp%2Fv2%2Fcategories&post=6154"},{"taxonomy":"post_tag","embeddable":true,"href":"https:\/\/cebem.org\/index.php?rest_route=%2Fwp%2Fv2%2Ftags&post=6154"}],"curies":[{"name":"wp","href":"https:\/\/api.w.org\/{rel}","templated":true}]}}