
{"id":5895,"date":"2019-08-26T11:00:11","date_gmt":"2019-08-26T15:00:11","guid":{"rendered":"http:\/\/cebem.org\/?p=5895"},"modified":"2019-08-23T15:33:34","modified_gmt":"2019-08-23T19:33:34","slug":"vi-congreso-internacional-de-educacion-ambiental-ii-congreso-iberoamericano-sobre-educacion-ambiental-para-la-sustentabilidad","status":"publish","type":"post","link":"https:\/\/cebem.org\/?p=5895","title":{"rendered":"VI Congreso internacional de Educaci\u00f3n Ambiental \u2013 II Congreso Iberoamericano sobre Educaci\u00f3n Ambiental para la Sustentabilidad"},"content":{"rendered":"\n<div class=\"wp-block-image\"><figure class=\"alignleft is-resized\"><img data-recalc-dims=\"1\" fetchpriority=\"high\" decoding=\"async\" src=\"https:\/\/i0.wp.com\/cebem.org\/wp-content\/uploads\/2019\/08\/VI-CONGRESO.jpg?resize=319%2C446\" alt=\"\" class=\"wp-image-5896\" width=\"319\" height=\"446\" srcset=\"https:\/\/i0.wp.com\/cebem.org\/wp-content\/uploads\/2019\/08\/VI-CONGRESO.jpg?w=630&amp;ssl=1 630w, https:\/\/i0.wp.com\/cebem.org\/wp-content\/uploads\/2019\/08\/VI-CONGRESO.jpg?resize=214%2C300&amp;ssl=1 214w, https:\/\/i0.wp.com\/cebem.org\/wp-content\/uploads\/2019\/08\/VI-CONGRESO.jpg?resize=600%2C840&amp;ssl=1 600w\" sizes=\"(max-width: 319px) 100vw, 319px\" \/><\/figure><\/div>\n\n\n\n<p style=\"text-align:center\"><strong> Del 13 al 16 de febrero de 2020 <\/strong><\/p>\n\n\n\n<p>La <a rel=\"noreferrer noopener\" aria-label=\"Asociaci\u00f3n Espa\u00f1ola de Educaci\u00f3n Ambiental (abre en una nueva pesta\u00f1a)\" href=\"http:\/\/ae-ea.es\/\" target=\"_blank\">Asociaci\u00f3n Espa\u00f1ola de Educaci\u00f3n Ambiental<\/a> (AEEA) y la <a rel=\"noreferrer noopener\" aria-label=\"Red Iberoamericana de Medio Ambiente (abre en una nueva pesta\u00f1a)\" href=\"http:\/\/cujae.edu.cu\/internacionales\/convenios\/america\/red-iberoamericana-de-medio-ambiente-reima-ac\" target=\"_blank\">Red Iberoamericana de Medio Ambiente<\/a> (REIMA, A.C.) invita al <strong>VI CONGRESO INTERNACIONAL DE EDUCACI\u00d3N AMBIENTAL \u2013 II CONGRESO IBEROAMERICANO SOBRE EDUCACI\u00d3N AMBIENTAL PARA LA SUSTENTABILIDAD<\/strong>; eventos que tendr\u00e1n lugar de manera simult\u00e1nea del 13 al 16 de febrero de 2020 en las ciudades de Madrid y Riobamba en Espa\u00f1a y Ecuador respectivamente.&nbsp;<\/p>\n\n\n\n<p>El objetivo de estos congresos es <strong>propiciar el intercambio de conocimientos y experiencias sobre pr\u00e1cticas de educaci\u00f3n ambiental en Am\u00e9rica Latina, el Caribe y Europa<\/strong>.&nbsp;<\/p>\n\n\n\n<p>Los ejes tem\u00e1ticos son:&nbsp;<\/p>\n\n\n\n<p>&#8211; Educaci\u00f3n ambiental escolar y en la formaci\u00f3n profesional &#8211; Educaci\u00f3n de calidad (ODS 4) &#8211; Educaci\u00f3n ambiental comunitaria &#8211; Ciudades y comunidades sostenibles (ODS 11) &#8211; Educaci\u00f3n ambiental y adaptaci\u00f3n al cambio clim\u00e1tico &#8211; Acci\u00f3n por el clima (ODS 13) &#8211; Educaci\u00f3n ambiental y seguridad alimentaria &#8211; Producci\u00f3n y consumo responsables (ODS 12)&nbsp;&#8211; Salud y bienestar (ODS 3)&nbsp;<\/p>\n\n\n\n<p>En la ficha de inscripci\u00f3n, se podr\u00e1 seleccionar la sede a la que desea asistir: Madrid o Riobamba. En ambos casos los certificados tendr\u00e1n el aval de ambas instituciones (AEEA y REIMA, A.C.)&nbsp;<\/p>\n\n\n\n<p><strong>Actividades cient\u00edficas<\/strong>: El programa cient\u00edfico<strong> <\/strong>incluye cursos pre congreso, conferencias magistrales, presentaciones orales y sesiones de p\u00f3ster.&nbsp;<\/p>\n\n\n\n<p>Los interesados en exponer los resultados de sus investigaciones lo realizar\u00e1n por medio de <strong>ponencias orales y carteles<\/strong> (p\u00f3ster). Las ponencias orales dispondr\u00e1n por lo general de 15 minutos para su presentaci\u00f3n y se organizar\u00e1n seg\u00fan la tem\u00e1tica de cada taller. Los carteles se realizar\u00e1n en un \u00e1rea designada para su presentaci\u00f3n y se confeccionar\u00e1n en formato de 95cm (ancho horizontal) y 150cm (largo vertical).&nbsp;<\/p>\n\n\n\n<p><strong>Res\u00famenes:&nbsp;<\/strong>Los participantes interesados en hacer presentaciones, orales o en carteles, deber\u00e1n enviar un resumen en idioma espa\u00f1ol, ingl\u00e9s o portugu\u00e9s en el formato establecido al correo electr\u00f3nico contacto@reima-ec.org.  <\/p>\n\n\n\n<p class=\"has-medium-font-size\"><a href=\"http:\/\/cujae.edu.cu\/internacionales\/convenios\/america\/red-iberoamericana-de-medio-ambiente-reima-ac\" target=\"_blank\" rel=\"noreferrer noopener\" aria-label=\" M\u00e1s informaciones  (abre en una nueva pesta\u00f1a)\"> M\u00e1s informaciones <\/a><\/p>\n","protected":false},"excerpt":{"rendered":"<p>El objetivo de estos congresos es propiciar el intercambio de conocimientos y experiencias sobre pr\u00e1cticas de educaci\u00f3n ambiental en Am\u00e9rica Latina, el Caribe y Europa. <\/p>\n","protected":false},"author":7,"featured_media":5896,"comment_status":"closed","ping_status":"closed","sticky":false,"template":"","format":"standard","meta":{"_jetpack_memberships_contains_paid_content":false,"footnotes":"","jetpack_publicize_message":"Inscr\u00edbete al VI #Congreso internacional de #Educaci\u00f3nAmbiental \u2013 II Congreso Iberoamericano sobre Educaci\u00f3n Ambiental para la #Sustentabilidad que tendr\u00e1n lugar de manera simult\u00e1nea del 13 al 16 de febrero de 2020 en las ciudades de Madrid y Riobamba!","jetpack_publicize_feature_enabled":true,"jetpack_social_post_already_shared":true,"jetpack_social_options":{"image_generator_settings":{"template":"highway","default_image_id":0,"font":"","enabled":false},"version":2}},"categories":[8],"tags":[191,417,15,429],"class_list":["post-5895","post","type-post","status-publish","format-standard","has-post-thumbnail","hentry","category-convocatorias","tag-ambiente","tag-boletin-8-agosto-2019","tag-congreso","tag-sustentabilidad","item-wrap"],"jetpack_publicize_connections":[],"jetpack_featured_media_url":"https:\/\/i0.wp.com\/cebem.org\/wp-content\/uploads\/2019\/08\/VI-CONGRESO.jpg?fit=630%2C882&ssl=1","jetpack_sharing_enabled":true,"_links":{"self":[{"href":"https:\/\/cebem.org\/index.php?rest_route=\/wp\/v2\/posts\/5895","targetHints":{"allow":["GET"]}}],"collection":[{"href":"https:\/\/cebem.org\/index.php?rest_route=\/wp\/v2\/posts"}],"about":[{"href":"https:\/\/cebem.org\/index.php?rest_route=\/wp\/v2\/types\/post"}],"author":[{"embeddable":true,"href":"https:\/\/cebem.org\/index.php?rest_route=\/wp\/v2\/users\/7"}],"replies":[{"embeddable":true,"href":"https:\/\/cebem.org\/index.php?rest_route=%2Fwp%2Fv2%2Fcomments&post=5895"}],"version-history":[{"count":2,"href":"https:\/\/cebem.org\/index.php?rest_route=\/wp\/v2\/posts\/5895\/revisions"}],"predecessor-version":[{"id":5899,"href":"https:\/\/cebem.org\/index.php?rest_route=\/wp\/v2\/posts\/5895\/revisions\/5899"}],"wp:featuredmedia":[{"embeddable":true,"href":"https:\/\/cebem.org\/index.php?rest_route=\/wp\/v2\/media\/5896"}],"wp:attachment":[{"href":"https:\/\/cebem.org\/index.php?rest_route=%2Fwp%2Fv2%2Fmedia&parent=5895"}],"wp:term":[{"taxonomy":"category","embeddable":true,"href":"https:\/\/cebem.org\/index.php?rest_route=%2Fwp%2Fv2%2Fcategories&post=5895"},{"taxonomy":"post_tag","embeddable":true,"href":"https:\/\/cebem.org\/index.php?rest_route=%2Fwp%2Fv2%2Ftags&post=5895"}],"curies":[{"name":"wp","href":"https:\/\/api.w.org\/{rel}","templated":true}]}}