
{"id":5854,"date":"2019-08-14T11:45:59","date_gmt":"2019-08-14T15:45:59","guid":{"rendered":"http:\/\/cebem.org\/?p=5854"},"modified":"2019-10-02T09:32:08","modified_gmt":"2019-10-02T13:32:08","slug":"noveda-editorial-regional-global-dilemas-de-la-region-y-de-la-regionalizacion-en-la-geografia-contemporanea-de-rogerio-haesbaert","status":"publish","type":"post","link":"https:\/\/cebem.org\/?p=5854","title":{"rendered":"Noveda editorial: Regional, Global. Dilemas de la regi\u00f3n y de la regionalizaci\u00f3n en la Geograf\u00eda contempor\u00e1nea de Rogerio Haesbaert"},"content":{"rendered":"\n<div class=\"wp-block-image\"><figure class=\"alignleft is-resized\"><img data-recalc-dims=\"1\" fetchpriority=\"high\" decoding=\"async\" src=\"https:\/\/i0.wp.com\/cebem.org\/wp-content\/uploads\/2019\/08\/Novedad.jpg?resize=344%2C371\" alt=\"\" class=\"wp-image-5855\" width=\"344\" height=\"371\" srcset=\"https:\/\/i0.wp.com\/cebem.org\/wp-content\/uploads\/2019\/08\/Novedad.jpg?w=800&amp;ssl=1 800w, https:\/\/i0.wp.com\/cebem.org\/wp-content\/uploads\/2019\/08\/Novedad.jpg?resize=278%2C300&amp;ssl=1 278w, https:\/\/i0.wp.com\/cebem.org\/wp-content\/uploads\/2019\/08\/Novedad.jpg?resize=768%2C829&amp;ssl=1 768w, https:\/\/i0.wp.com\/cebem.org\/wp-content\/uploads\/2019\/08\/Novedad.jpg?resize=600%2C648&amp;ssl=1 600w\" sizes=\"(max-width: 344px) 100vw, 344px\" \/><\/figure><\/div>\n\n\n\n<p>Regional-Global -traducido por primera vez al espa\u00f1ol- es un cl\u00e1sico de la geograf\u00eda cr\u00edtica latinoamericana y una herramienta fundamental para entender nuestro tiempo y el modo en que podemos habitarlo, pensarlo y transformarlo. <\/p>\n\n\n\n<p>\u201cSi vivimos en el tiempo de la fluidez y de las conexiones, como tantos defienden, \u00bfes posible encontrar a\u00fan parcelas, subdivisiones, recortes, \u2018regiones\u2019 m\u00ednimamente coherentes dentro de este todo espacial pretendidamente globalizado? \u00bfC\u00f3mo \u2018orientar-se\u2019 a trav\u00e9s de nuestras regionalizaciones en un mundo que, para muchos, se encuentra marcado m\u00e1s por el desorden que por el orden, m\u00e1s por la precariedad y la vulnerabilidad de nuestros v\u00ednculos, que por su fortalecimiento y su estabilidad?\u201d <strong>Rog\u00e9rio Haesbaert<\/strong><\/p>\n\n\n\n<p class=\"has-medium-font-size\"><a href=\"https:\/\/www.clacso.org.ar\/libreria-latinoamericana\/buscar_libro_detalle.php?id_libro=1530&amp;campo=autor&amp;texto=Haesbaert\">Descarga el libro completo<\/a> en la Librer\u00eda Latinoamericana de <strong>CLACSO<\/strong><\/p>\n","protected":false},"excerpt":{"rendered":"<p>Regional-Global -traducido por primera vez al espa\u00f1ol- es un cl\u00e1sico de la geograf\u00eda cr\u00edtica latinoamericana y una herramienta fundamental para entender nuestro tiempo y el modo en que podemos habitarlo, pensarlo y transformarlo. <\/p>\n","protected":false},"author":7,"featured_media":5856,"comment_status":"closed","ping_status":"closed","sticky":false,"template":"","format":"standard","meta":{"_jetpack_memberships_contains_paid_content":false,"footnotes":"","jetpack_publicize_message":"","jetpack_publicize_feature_enabled":true,"jetpack_social_post_already_shared":true,"jetpack_social_options":{"image_generator_settings":{"template":"highway","default_image_id":0,"font":"","enabled":false},"version":2}},"categories":[7],"tags":[417,425],"class_list":["post-5854","post","type-post","status-publish","format-standard","has-post-thumbnail","hentry","category-otras-publicaciones","tag-boletin-8-agosto-2019","tag-geografia-contemporanea","item-wrap"],"jetpack_publicize_connections":[],"jetpack_featured_media_url":"https:\/\/i0.wp.com\/cebem.org\/wp-content\/uploads\/2019\/08\/1530_Tapa.gif?fit=240%2C336&ssl=1","jetpack_sharing_enabled":true,"_links":{"self":[{"href":"https:\/\/cebem.org\/index.php?rest_route=\/wp\/v2\/posts\/5854","targetHints":{"allow":["GET"]}}],"collection":[{"href":"https:\/\/cebem.org\/index.php?rest_route=\/wp\/v2\/posts"}],"about":[{"href":"https:\/\/cebem.org\/index.php?rest_route=\/wp\/v2\/types\/post"}],"author":[{"embeddable":true,"href":"https:\/\/cebem.org\/index.php?rest_route=\/wp\/v2\/users\/7"}],"replies":[{"embeddable":true,"href":"https:\/\/cebem.org\/index.php?rest_route=%2Fwp%2Fv2%2Fcomments&post=5854"}],"version-history":[{"count":2,"href":"https:\/\/cebem.org\/index.php?rest_route=\/wp\/v2\/posts\/5854\/revisions"}],"predecessor-version":[{"id":6006,"href":"https:\/\/cebem.org\/index.php?rest_route=\/wp\/v2\/posts\/5854\/revisions\/6006"}],"wp:featuredmedia":[{"embeddable":true,"href":"https:\/\/cebem.org\/index.php?rest_route=\/wp\/v2\/media\/5856"}],"wp:attachment":[{"href":"https:\/\/cebem.org\/index.php?rest_route=%2Fwp%2Fv2%2Fmedia&parent=5854"}],"wp:term":[{"taxonomy":"category","embeddable":true,"href":"https:\/\/cebem.org\/index.php?rest_route=%2Fwp%2Fv2%2Fcategories&post=5854"},{"taxonomy":"post_tag","embeddable":true,"href":"https:\/\/cebem.org\/index.php?rest_route=%2Fwp%2Fv2%2Ftags&post=5854"}],"curies":[{"name":"wp","href":"https:\/\/api.w.org\/{rel}","templated":true}]}}