
{"id":5813,"date":"2019-08-07T16:16:52","date_gmt":"2019-08-07T20:16:52","guid":{"rendered":"http:\/\/cebem.org\/?p=5813"},"modified":"2019-08-08T16:04:46","modified_gmt":"2019-08-08T20:04:46","slug":"red-de-posgrados-inscripciones-abiertas-especializacion-en-estudios-afrolatinoamericanos-y-caribenos-modalidad-virtual","status":"publish","type":"post","link":"https:\/\/cebem.org\/?p=5813","title":{"rendered":"Red de Posgrados &#8211; Inscripciones abiertas: Especializaci\u00f3n en Estudios Afrolatinoamericanos y Caribe\u00f1os | Modalidad virtual"},"content":{"rendered":"\n<figure class=\"wp-block-image is-resized\"><img data-recalc-dims=\"1\" fetchpriority=\"high\" decoding=\"async\" src=\"https:\/\/i0.wp.com\/cebem.org\/wp-content\/uploads\/2019\/08\/2019.08.07.foto-clacso.jpg?resize=413%2C436\" alt=\"\" class=\"wp-image-5814\" width=\"413\" height=\"436\" srcset=\"https:\/\/i0.wp.com\/cebem.org\/wp-content\/uploads\/2019\/08\/2019.08.07.foto-clacso.jpg?w=893&amp;ssl=1 893w, https:\/\/i0.wp.com\/cebem.org\/wp-content\/uploads\/2019\/08\/2019.08.07.foto-clacso.jpg?resize=284%2C300&amp;ssl=1 284w, https:\/\/i0.wp.com\/cebem.org\/wp-content\/uploads\/2019\/08\/2019.08.07.foto-clacso.jpg?resize=768%2C812&amp;ssl=1 768w, https:\/\/i0.wp.com\/cebem.org\/wp-content\/uploads\/2019\/08\/2019.08.07.foto-clacso.jpg?resize=600%2C634&amp;ssl=1 600w\" sizes=\"(max-width: 413px) 100vw, 413px\" \/><\/figure>\n\n\n\n<p>En Am\u00e9rica Latina y el Caribe, la colonialidad es uno de los elementos constitutivos y espec\u00edficos de un patr\u00f3n de poder en el cual la imposici\u00f3n de una clasificaci\u00f3n \u00e9tnico-racial a su poblaci\u00f3n desempe\u00f1\u00f3 un papel clave. Analizar c\u00f3mo opera, tanto en los \u00e1mbitos macrosociales como microsociales y subjetivos, requiere abordar las epistemes de la amefricanidad y la cuesti\u00f3n racial como una invenci\u00f3n hist\u00f3rica colonial cuyos efectos inciden en el destino social y la existencia cotidiana de quienes habitan esta regi\u00f3n.<\/p>\n\n\n\n<p>Esta Especializaci\u00f3n y Curso Internacional quiere dar cuenta del crecimiento en el plano acad\u00e9mico de la organizaci\u00f3n intelectual de negras y negros latinoamericanos y caribe\u00f1os generando una producci\u00f3n te\u00f3rica e intelectual afro-orientada que indague y enfrente el racismo epist\u00e9mico y se comprometa con la elaboraci\u00f3n de un conocimiento emancipatorio. <\/p>\n\n\n\n<p>Inscr\u00edbete en:<strong> <\/strong><a rel=\"noreferrer noopener\" href=\"http:\/\/r.novedades.clacso.edu.ar\/mk\/cl\/f\/-ANw8yKw7gfXTpRxvOCNwiLidye1HuNZMHa8QWsEc_PREGAEbTrRqAm8VSI5HXql007mcCJ3Ib_UYsVZADUkd3i3oYW2DkmMBseWAzMGcWkwvQR5aZrW4JK4DiBIUmw6pRDkWFARSMo37LHz-ecH4KtUMDJzi3NdrgjTfJctCIOzvqJkzrQIj8kuaR_yax_hoUJDYT_05iLD9X0BpVi2t8ZZM8tsSRA\" target=\"_blank\"><strong>www.clacso.org<\/strong><\/a><\/p>\n\n\n\n<table class=\"wp-block-table\"><tbody><tr><td><a rel=\"noreferrer noopener\" href=\"http:\/\/r.novedades.clacso.edu.ar\/mk\/cl\/f\/YF6xs-zo1KxLRIgr4_Kl33Mutb_izfBjajaoE-qyKOOpurmlC_5UOCES_ZgmZcAMr-40-p_gJGC1vb0bv2pZb_ynblOUkw5px3CBMYk0_QM2Og1W2sYyqTlcWqYo-LhxgpFTk3OcMldoxz9cE3RTlAsGQwI_Qya-EuA0IjhXmFsuoO1mXJtWIFC-d3XNYobwbBONzsUqaPyuVx29CcYiXVfGCEHHcQSeOmU6eYKJ2w\" target=\"_blank\"><strong>Becas para estudiantes afrodescendientes<\/strong><\/a>    <\/td><\/tr><\/tbody><\/table>\n","protected":false},"excerpt":{"rendered":"<p>Esta Especializaci\u00f3n y Curso Internacional quiere dar cuenta del crecimiento en el plano acad\u00e9mico de la organizaci\u00f3n intelectual de negras y negros latinoamericanos y caribe\u00f1os generando una producci\u00f3n te\u00f3rica e intelectual afro-orientada que indague y enfrente el racismo epist\u00e9mico y se comprometa con la elaboraci\u00f3n de un conocimiento emancipatorio. <\/p>\n","protected":false},"author":8,"featured_media":5814,"comment_status":"closed","ping_status":"closed","sticky":false,"template":"","format":"standard","meta":{"_jetpack_memberships_contains_paid_content":false,"footnotes":"","jetpack_publicize_message":"Red de #Posgrados - Inscripciones abiertas: Especializaci\u00f3n en Estudios #Afrolatinoamericanos y #Caribe\u00f1os | Modalidad virtual","jetpack_publicize_feature_enabled":true,"jetpack_social_post_already_shared":true,"jetpack_social_options":{"image_generator_settings":{"template":"highway","default_image_id":0,"font":"","enabled":false},"version":2}},"categories":[8],"tags":[420,417,421,139,155],"class_list":["post-5813","post","type-post","status-publish","format-standard","has-post-thumbnail","hentry","category-convocatorias","tag-afrolatinoamericano","tag-boletin-8-agosto-2019","tag-caribeno","tag-posgrado","tag-virtual","item-wrap"],"jetpack_publicize_connections":[],"jetpack_featured_media_url":"https:\/\/i0.wp.com\/cebem.org\/wp-content\/uploads\/2019\/08\/2019.08.07.foto-clacso.jpg?fit=893%2C944&ssl=1","jetpack_sharing_enabled":true,"_links":{"self":[{"href":"https:\/\/cebem.org\/index.php?rest_route=\/wp\/v2\/posts\/5813","targetHints":{"allow":["GET"]}}],"collection":[{"href":"https:\/\/cebem.org\/index.php?rest_route=\/wp\/v2\/posts"}],"about":[{"href":"https:\/\/cebem.org\/index.php?rest_route=\/wp\/v2\/types\/post"}],"author":[{"embeddable":true,"href":"https:\/\/cebem.org\/index.php?rest_route=\/wp\/v2\/users\/8"}],"replies":[{"embeddable":true,"href":"https:\/\/cebem.org\/index.php?rest_route=%2Fwp%2Fv2%2Fcomments&post=5813"}],"version-history":[{"count":1,"href":"https:\/\/cebem.org\/index.php?rest_route=\/wp\/v2\/posts\/5813\/revisions"}],"predecessor-version":[{"id":5815,"href":"https:\/\/cebem.org\/index.php?rest_route=\/wp\/v2\/posts\/5813\/revisions\/5815"}],"wp:featuredmedia":[{"embeddable":true,"href":"https:\/\/cebem.org\/index.php?rest_route=\/wp\/v2\/media\/5814"}],"wp:attachment":[{"href":"https:\/\/cebem.org\/index.php?rest_route=%2Fwp%2Fv2%2Fmedia&parent=5813"}],"wp:term":[{"taxonomy":"category","embeddable":true,"href":"https:\/\/cebem.org\/index.php?rest_route=%2Fwp%2Fv2%2Fcategories&post=5813"},{"taxonomy":"post_tag","embeddable":true,"href":"https:\/\/cebem.org\/index.php?rest_route=%2Fwp%2Fv2%2Ftags&post=5813"}],"curies":[{"name":"wp","href":"https:\/\/api.w.org\/{rel}","templated":true}]}}