
{"id":5790,"date":"2019-08-05T15:00:32","date_gmt":"2019-08-05T19:00:32","guid":{"rendered":"http:\/\/cebem.org\/?p=5790"},"modified":"2019-08-01T10:40:04","modified_gmt":"2019-08-01T14:40:04","slug":"mision-tecnica-internacional-soluciones-sostenibles-para-la-gestion-de-nuestras-ciudades","status":"publish","type":"post","link":"https:\/\/cebem.org\/?p=5790","title":{"rendered":"Misi\u00f3n T\u00e9cnica Internacional soluciones sostenibles para la gesti\u00f3n de nuestras ciudades"},"content":{"rendered":"\n<div class=\"wp-block-image\"><figure class=\"aligncenter\"><img data-recalc-dims=\"1\" fetchpriority=\"high\" decoding=\"async\" width=\"750\" height=\"173\" src=\"https:\/\/i0.wp.com\/cebem.org\/wp-content\/uploads\/2019\/08\/cudades.jpg?resize=750%2C173\" alt=\"\" class=\"wp-image-5791\" srcset=\"https:\/\/i0.wp.com\/cebem.org\/wp-content\/uploads\/2019\/08\/cudades.jpg?w=1000&amp;ssl=1 1000w, https:\/\/i0.wp.com\/cebem.org\/wp-content\/uploads\/2019\/08\/cudades.jpg?resize=300%2C69&amp;ssl=1 300w, https:\/\/i0.wp.com\/cebem.org\/wp-content\/uploads\/2019\/08\/cudades.jpg?resize=768%2C177&amp;ssl=1 768w, https:\/\/i0.wp.com\/cebem.org\/wp-content\/uploads\/2019\/08\/cudades.jpg?resize=600%2C138&amp;ssl=1 600w\" sizes=\"(max-width: 750px) 100vw, 750px\" \/><\/figure><\/div>\n\n\n\n<p style=\"text-align:center\"><strong>20 al 26 de octubre de 2019 &#8211;\u00a0inscripciones y becas disponibles\u00a0<\/strong><\/p>\n\n\n\n<p>Esta\nMisi\u00f3n es resultado del exitoso trabajo&nbsp;entre la <strong>Fira de\nLleida y la Uni\u00f3n Iberoamericana de Municipalistas<\/strong>&nbsp;que posibilita por tercera vez una\nlabor conjunta enmarcada en la&nbsp;<strong>20\u00aa edici\u00f3n de la Feria bienal\nMunicipalia 2019.<\/strong><\/p>\n\n\n\n<p>La Misi\u00f3n se desarrollar\u00e1 en el marco de acciones de la Red Iberoamericana\u00a0 <strong>UIM-EMPRESA<\/strong> y se dar\u00e1 a conocer a los participantes una visi\u00f3n de experiencias y buenas pr\u00e1cticas de gesti\u00f3n p\u00fablica local y soluciones empresariales a trav\u00e9s de conferencias sectoriales, experiencias de mejora, di\u00e1logos empresariales, espacios de encuentro \u201cCaf\u00e9s por el Mundo\u201d, visita a la Feria de Municipalia y Visitas de Observaci\u00f3n y Estudios, donde se mostrar\u00e1 de manera pr\u00e1ctica la aplicaci\u00f3n de soluciones sostenibles a distintas tem\u00e1ticas.<\/p>\n\n\n\n<p class=\"has-medium-font-size\"><strong>INSCRIPCIONES clic<a href=\"https:\/\/mkt.uimunicipalistas.org\/lnk?c=51173&amp;t=319&amp;url=https:\/\/pga.uimunicipalistas.org\/catalogo\/428\"> aqu\u00ed\u00a0<\/a><\/strong><\/p>\n\n\n\n<p class=\"has-medium-font-size\">Descarga el <a href=\"http:\/\/cebem.org\/wp-content\/uploads\/2019\/08\/AVANCE-DE-PROGRAMA-2019-DEFINITIVO.pdf\" target=\"_blank\" rel=\"noreferrer noopener\" aria-label=\"programa completo (opens in a new tab)\">programa completo<\/a><\/p>\n","protected":false},"excerpt":{"rendered":"<p>Esta Misi\u00f3n es resultado del exitoso trabajo entre la Fira de Lleida y la Uni\u00f3n Iberoamericana de Municipalistas que posibilita por tercera vez una labor conjunta enmarcada en la 20\u00aa edici\u00f3n de la Feria bienal Municipalia 2019.<\/p>\n","protected":false},"author":7,"featured_media":5792,"comment_status":"closed","ping_status":"closed","sticky":false,"template":"","format":"standard","meta":{"_jetpack_memberships_contains_paid_content":false,"footnotes":"","jetpack_publicize_message":"#Misi\u00f3nT\u00e9cnica Internacional soluciones sostenibles para la gesti\u00f3n de nuestras #ciudades","jetpack_publicize_feature_enabled":true,"jetpack_social_post_already_shared":true,"jetpack_social_options":{"image_generator_settings":{"template":"highway","default_image_id":0,"font":"","enabled":false},"version":2}},"categories":[8],"tags":[417,264],"class_list":["post-5790","post","type-post","status-publish","format-standard","has-post-thumbnail","hentry","category-convocatorias","tag-boletin-8-agosto-2019","tag-ciudades","item-wrap"],"jetpack_publicize_connections":[],"jetpack_featured_media_url":"https:\/\/i0.wp.com\/cebem.org\/wp-content\/uploads\/2019\/08\/cudades-1.jpg?fit=268%2C229&ssl=1","jetpack_sharing_enabled":true,"_links":{"self":[{"href":"https:\/\/cebem.org\/index.php?rest_route=\/wp\/v2\/posts\/5790","targetHints":{"allow":["GET"]}}],"collection":[{"href":"https:\/\/cebem.org\/index.php?rest_route=\/wp\/v2\/posts"}],"about":[{"href":"https:\/\/cebem.org\/index.php?rest_route=\/wp\/v2\/types\/post"}],"author":[{"embeddable":true,"href":"https:\/\/cebem.org\/index.php?rest_route=\/wp\/v2\/users\/7"}],"replies":[{"embeddable":true,"href":"https:\/\/cebem.org\/index.php?rest_route=%2Fwp%2Fv2%2Fcomments&post=5790"}],"version-history":[{"count":1,"href":"https:\/\/cebem.org\/index.php?rest_route=\/wp\/v2\/posts\/5790\/revisions"}],"predecessor-version":[{"id":5793,"href":"https:\/\/cebem.org\/index.php?rest_route=\/wp\/v2\/posts\/5790\/revisions\/5793"}],"wp:featuredmedia":[{"embeddable":true,"href":"https:\/\/cebem.org\/index.php?rest_route=\/wp\/v2\/media\/5792"}],"wp:attachment":[{"href":"https:\/\/cebem.org\/index.php?rest_route=%2Fwp%2Fv2%2Fmedia&parent=5790"}],"wp:term":[{"taxonomy":"category","embeddable":true,"href":"https:\/\/cebem.org\/index.php?rest_route=%2Fwp%2Fv2%2Fcategories&post=5790"},{"taxonomy":"post_tag","embeddable":true,"href":"https:\/\/cebem.org\/index.php?rest_route=%2Fwp%2Fv2%2Ftags&post=5790"}],"curies":[{"name":"wp","href":"https:\/\/api.w.org\/{rel}","templated":true}]}}