
{"id":5776,"date":"2019-07-05T10:27:49","date_gmt":"2019-07-05T14:27:49","guid":{"rendered":"http:\/\/cebem.org\/?p=5776"},"modified":"2019-07-31T11:20:03","modified_gmt":"2019-07-31T15:20:03","slug":"una-revision-de-los-dilemas-relacionados-con-la-seleccion-del-tipo-de-desarrollo-a-seguir-en-2012-uncsd","status":"publish","type":"post","link":"https:\/\/cebem.org\/?p=5776","title":{"rendered":"Una revisi\u00f3n de los dilemas relacionados con la selecci\u00f3n del tipo de desarrollo a seguir en 2012 UNCSD"},"content":{"rendered":"\n<p><strong>Resaltando la estructura y las implicaciones del paradigma invertido que ha\naparecido en la pr\u00e1ctica desde entonces cambiando del Pensamiento del Mercado Verde\nReal al Pensamiento del Mercado Verde Artificial.<\/strong><\/p>\n\n\n\n<div class=\"wp-block-image\"><figure class=\"aligncenter\"><img data-recalc-dims=\"1\" fetchpriority=\"high\" decoding=\"async\" width=\"509\" height=\"298\" src=\"https:\/\/i0.wp.com\/cebem.org\/wp-content\/uploads\/2019\/07\/ART136FESPANOL.jpg?resize=509%2C298\" alt=\"\" class=\"wp-image-5777\" srcset=\"https:\/\/i0.wp.com\/cebem.org\/wp-content\/uploads\/2019\/07\/ART136FESPANOL.jpg?w=509&amp;ssl=1 509w, https:\/\/i0.wp.com\/cebem.org\/wp-content\/uploads\/2019\/07\/ART136FESPANOL.jpg?resize=300%2C176&amp;ssl=1 300w\" sizes=\"(max-width: 509px) 100vw, 509px\" \/><\/figure><\/div>\n\n\n\n<p><strong>Por<\/strong>: Lucio Mu\u00f1oz<br>Investigador\/consultor cualitativo comparativo independiente, Vancouver, BC, Canad\u00e1<br><strong>Email: <\/strong><a href=\"mailto:munoz@interchange.ubc.ca\">munoz@interchange.ubc.ca<\/a><\/p>\n\n\n\n<p><strong>Resumen<\/strong>:<\/p>\n\n\n\n<p>Cuando el reporte \u201cNuestro Futuro Com\u00fan\u201d fue publicado en 1987 una serie de enfoques de desarrollo sostenible aparecieron cada uno reflejando escuelas especificas de pensamiento de desarrollo, todos con el objetivo de proporcionar desde su \u00e1ngulo la mejor manera de ir m\u00e1s all\u00e1 de la econom\u00eda como en el modelo habitual, y abordar de una vez por todas las cuestiones sociales y\/o ambientales relacionadas con la actividad econ\u00f3mica tradicional.&nbsp; La Comisi\u00f3n Brundtland subray\u00f3 que la econom\u00eda tradicional deber\u00eda reflejar las consideraciones sociales y ambientales para que fuera compatible con las necesidades de desarrollo sostenible.&nbsp; Luego, la conferencia r\u00edo + 20 de las Naciones Unidas (UNCSD) vino en 2012 todav\u00eda enfrentando los mismos dilemas claves relacionados con la selecci\u00f3n del mejor tipo de desarrollo planteados por la comisi\u00f3n de Brundtland sobre c\u00f3mo seguir adelante en t\u00e9rminos de desarrollo, donde se decidi\u00f3 a) centrar nuestra atenci\u00f3n s\u00f3lo en las preocupaciones ambientales, y b) que la escuela de pensamientos del mercado verde real era el camino a seguir para abordar las problemas eco-econ\u00f3micos del d\u00eda.<\/p>\n\n\n\n<p>Sin embargo, los mercados verdes reales que fueron considerados en teor\u00eda en 2012 para abordar las externalidades ambientales asociadas con las actividades de negocio tradicional nunca se establecieron.&nbsp; La pr\u00e1ctica actual &nbsp;en 2019 muestra que la idea del mercado verde real se volc\u00f3 hacia la idea de mercado verde artificial, donde la producci\u00f3n y el consumo ya no son opciones libres.&nbsp; Los objetivos de este art\u00edculo son a) proporcionar una revisi\u00f3n general de los dilemas relacionados con la selecci\u00f3n del mejor tipo de desarrollo que la conferencia de la UNCSD enfrent\u00f3 en 2012; b) destacar la estructura del mercado verde real que fue seleccionado; y c) describir la inversi\u00f3n en la pr\u00e1ctica del modelo seleccionado cambi\u00e1ndose del pensamiento de mercado verde reales al pensamiento de mercado verdes artificiales, as\u00ed como las implicaciones de este volteo de modelos.<\/p>\n\n\n\n<div class=\"wp-block-file\"><a href=\"http:\/\/cebem.org\/wp-content\/uploads\/2019\/07\/ART136-INGLES.pdf\" target=\"_blank\" rel=\"noreferrer noopener\"> <strong>Descargue la versi\u00f3n original en ingles<\/strong><\/a><a href=\"http:\/\/cebem.org\/wp-content\/uploads\/2019\/07\/ART136-INGLES.pdf\" class=\"wp-block-file__button\" download>Descargar<\/a><\/div>\n","protected":false},"excerpt":{"rendered":"<p>Resaltando la estructura y las implicaciones del paradigma invertido que ha aparecido en la pr\u00e1ctica desde entonces cambiando del Pensamiento del Mercado Verde Real al Pensamiento del Mercado Verde Artificial.<\/p>\n","protected":false},"author":2,"featured_media":5777,"comment_status":"closed","ping_status":"closed","sticky":false,"template":"","format":"standard","meta":{"_jetpack_memberships_contains_paid_content":false,"footnotes":"","jetpack_publicize_message":"","jetpack_publicize_feature_enabled":true,"jetpack_social_post_already_shared":true,"jetpack_social_options":{"image_generator_settings":{"template":"highway","default_image_id":0,"font":"","enabled":false},"version":2}},"categories":[7],"tags":[],"class_list":["post-5776","post","type-post","status-publish","format-standard","has-post-thumbnail","hentry","category-otras-publicaciones","item-wrap"],"jetpack_publicize_connections":[],"jetpack_featured_media_url":"https:\/\/i0.wp.com\/cebem.org\/wp-content\/uploads\/2019\/07\/ART136FESPANOL.jpg?fit=509%2C298&ssl=1","jetpack_sharing_enabled":true,"_links":{"self":[{"href":"https:\/\/cebem.org\/index.php?rest_route=\/wp\/v2\/posts\/5776","targetHints":{"allow":["GET"]}}],"collection":[{"href":"https:\/\/cebem.org\/index.php?rest_route=\/wp\/v2\/posts"}],"about":[{"href":"https:\/\/cebem.org\/index.php?rest_route=\/wp\/v2\/types\/post"}],"author":[{"embeddable":true,"href":"https:\/\/cebem.org\/index.php?rest_route=\/wp\/v2\/users\/2"}],"replies":[{"embeddable":true,"href":"https:\/\/cebem.org\/index.php?rest_route=%2Fwp%2Fv2%2Fcomments&post=5776"}],"version-history":[{"count":3,"href":"https:\/\/cebem.org\/index.php?rest_route=\/wp\/v2\/posts\/5776\/revisions"}],"predecessor-version":[{"id":5782,"href":"https:\/\/cebem.org\/index.php?rest_route=\/wp\/v2\/posts\/5776\/revisions\/5782"}],"wp:featuredmedia":[{"embeddable":true,"href":"https:\/\/cebem.org\/index.php?rest_route=\/wp\/v2\/media\/5777"}],"wp:attachment":[{"href":"https:\/\/cebem.org\/index.php?rest_route=%2Fwp%2Fv2%2Fmedia&parent=5776"}],"wp:term":[{"taxonomy":"category","embeddable":true,"href":"https:\/\/cebem.org\/index.php?rest_route=%2Fwp%2Fv2%2Fcategories&post=5776"},{"taxonomy":"post_tag","embeddable":true,"href":"https:\/\/cebem.org\/index.php?rest_route=%2Fwp%2Fv2%2Ftags&post=5776"}],"curies":[{"name":"wp","href":"https:\/\/api.w.org\/{rel}","templated":true}]}}