
{"id":5721,"date":"2019-07-22T15:00:14","date_gmt":"2019-07-22T19:00:14","guid":{"rendered":"http:\/\/cebem.org\/?p=5721"},"modified":"2019-07-19T17:43:23","modified_gmt":"2019-07-19T21:43:23","slug":"flacso-ecuador-doctorado-en-sociologia-2020-2023","status":"publish","type":"post","link":"https:\/\/cebem.org\/?p=5721","title":{"rendered":"FLACSO Ecuador: Doctorado en Sociolog\u00eda 2020-2023"},"content":{"rendered":"\n<p>La Facultad Latinoamericana de Ciencias Sociales, <a href=\"https:\/\/www.flacso.edu.ec\/portal\/\" target=\"_blank\" rel=\"noreferrer noopener\" aria-label=\"FLACSO Sede Ecuador (opens in a new tab)\">FLACSO Sede Ecuador<\/a>, tiene el agrado de comunicar a usted que est\u00e1 abierta la convocatoria para el <strong>Doctorado en Sociolog\u00eda 2020-2023<\/strong>. <\/p>\n\n\n\n<p>El Doctorado responde a la necesidad de formaci\u00f3n de acad\u00e9micos\/as\ndel m\u00e1s alto nivel en el campo de la Sociolog\u00eda, con una concentraci\u00f3n en la\ninvestigaci\u00f3n sobre Am\u00e9rica Latina y de modo particular de las sociedades\nandinas. Se trata de una propuesta orientada a contribuir al desarrollo de\nnuevas perspectivas te\u00f3ricas y metodol\u00f3gicas desde las cuales se puedan generar\nconocimientos innovadores sobre el campo de lo social y sus m\u00faltiples\nexpresiones en los \u00e1mbitos pol\u00edticos, hist\u00f3ricos y culturales de las sociedades\nde Am\u00e9rica Latina. Su objetivo principal es proporcionar una formaci\u00f3n s\u00f3lida\npara la producci\u00f3n de conocimientos innovadores y cr\u00edticos ligados a las l\u00edneas\nde investigaci\u00f3n del Departamento de Sociolog\u00eda y Estudios de G\u00e9nero, con una\nconcentraci\u00f3n en las problem\u00e1ticas contempor\u00e1neas de Ecuador y de las sociedades\nlatinoamericanas, con especial inter\u00e9s en las m\u00faltiples manifestaciones y\nniveles en los que se conjugan las desigualdades sociales.<\/p>\n\n\n\n<p>Cabe se\u00f1alar que FLACSO Ecuador tiene una <strong>pol\u00edtica de becas, pagos diferidos y estipendios para l<\/strong>os\/as estudiantes admitidos\/as a sus programas docentes. La pol\u00edtica se rige por criterios acad\u00e9micos y socio-econ\u00f3micos. Adem\u00e1s, se apoyar\u00e1 la obtenci\u00f3n de becas corporativas de entidades internacionales, p\u00fablicas y privadas que otorguen financiamiento.<\/p>\n\n\n\n<p>Se puede acceder a la informaci\u00f3n tambi\u00e9n a trav\u00e9s de la p\u00e1gina web (<a href=\"https:\/\/www.flacso.edu.ec\/portal\/academico\/detalle\/especializacion\/sociologia-2020-2023.707\">aqu\u00ed<\/a>), tomar contacto al correo electr\u00f3nico <a href=\"mailto:schidalgo@flacso.edu.ec\">schidalgo@flacso.edu.ec<\/a> y\/o completar la <a href=\"https:\/\/www.flacso.edu.ec\/docflax\/\">solicitud de admisi\u00f3n<\/a> en l\u00ednea.<\/p>\n\n\n\n<p class=\"has-medium-font-size\"><a href=\"http:\/\/cebem.org\/wp-content\/uploads\/2019\/07\/Folleto-Doctorado-en-Sociolog\u00eda-2019-2020.pdf\" target=\"_blank\" rel=\"noreferrer noopener\" aria-label=\"Descarga el folleto  (opens in a new tab)\">Descarga el folleto <\/a><\/p>\n","protected":false},"excerpt":{"rendered":"<p>La Facultad Latinoamericana de Ciencias Sociales, FLACSO Sede Ecuador, tiene el agrado de comunicar a usted que est\u00e1 abierta la convocatoria para el Doctorado en Sociolog\u00eda 2020-2023. <\/p>\n","protected":false},"author":7,"featured_media":5095,"comment_status":"closed","ping_status":"closed","sticky":false,"template":"","format":"standard","meta":{"_jetpack_memberships_contains_paid_content":false,"footnotes":"","jetpack_publicize_message":"#Convocatoria abierta para el Doctorado en #Sociolog\u00eda 2020-2023 de @FLACSOec","jetpack_publicize_feature_enabled":true,"jetpack_social_post_already_shared":true,"jetpack_social_options":{"image_generator_settings":{"template":"highway","default_image_id":0,"font":"","enabled":false},"version":2}},"categories":[8],"tags":[398,381],"class_list":["post-5721","post","type-post","status-publish","format-standard","has-post-thumbnail","hentry","category-convocatorias","tag-boletin-7-julio-2019","tag-sociologia","item-wrap"],"jetpack_publicize_connections":[],"jetpack_featured_media_url":"https:\/\/i0.wp.com\/cebem.org\/wp-content\/uploads\/2019\/04\/2019.02.13.flasco-FB.png?fit=800%2C800&ssl=1","jetpack_sharing_enabled":true,"_links":{"self":[{"href":"https:\/\/cebem.org\/index.php?rest_route=\/wp\/v2\/posts\/5721","targetHints":{"allow":["GET"]}}],"collection":[{"href":"https:\/\/cebem.org\/index.php?rest_route=\/wp\/v2\/posts"}],"about":[{"href":"https:\/\/cebem.org\/index.php?rest_route=\/wp\/v2\/types\/post"}],"author":[{"embeddable":true,"href":"https:\/\/cebem.org\/index.php?rest_route=\/wp\/v2\/users\/7"}],"replies":[{"embeddable":true,"href":"https:\/\/cebem.org\/index.php?rest_route=%2Fwp%2Fv2%2Fcomments&post=5721"}],"version-history":[{"count":1,"href":"https:\/\/cebem.org\/index.php?rest_route=\/wp\/v2\/posts\/5721\/revisions"}],"predecessor-version":[{"id":5723,"href":"https:\/\/cebem.org\/index.php?rest_route=\/wp\/v2\/posts\/5721\/revisions\/5723"}],"wp:featuredmedia":[{"embeddable":true,"href":"https:\/\/cebem.org\/index.php?rest_route=\/wp\/v2\/media\/5095"}],"wp:attachment":[{"href":"https:\/\/cebem.org\/index.php?rest_route=%2Fwp%2Fv2%2Fmedia&parent=5721"}],"wp:term":[{"taxonomy":"category","embeddable":true,"href":"https:\/\/cebem.org\/index.php?rest_route=%2Fwp%2Fv2%2Fcategories&post=5721"},{"taxonomy":"post_tag","embeddable":true,"href":"https:\/\/cebem.org\/index.php?rest_route=%2Fwp%2Fv2%2Ftags&post=5721"}],"curies":[{"name":"wp","href":"https:\/\/api.w.org\/{rel}","templated":true}]}}