
{"id":5624,"date":"2019-07-17T15:00:45","date_gmt":"2019-07-17T19:00:45","guid":{"rendered":"http:\/\/cebem.org\/?p=5624"},"modified":"2019-07-26T10:15:22","modified_gmt":"2019-07-26T14:15:22","slug":"posgrado-tecnopoeticas-tecnopoliticas-en-latinoamerica-presencial","status":"publish","type":"post","link":"https:\/\/cebem.org\/?p=5624","title":{"rendered":"Posgrado Tecnopo\u00e9ticas \/ Tecnopol\u00edticas en Latinoam\u00e9rica (presencial)"},"content":{"rendered":"\n<div class=\"wp-block-image\"><figure class=\"aligncenter\"><img data-recalc-dims=\"1\" fetchpriority=\"high\" decoding=\"async\" width=\"650\" height=\"486\" src=\"https:\/\/i0.wp.com\/cebem.org\/wp-content\/uploads\/2019\/07\/curso.jpg?resize=650%2C486\" alt=\"\" class=\"wp-image-5625\" srcset=\"https:\/\/i0.wp.com\/cebem.org\/wp-content\/uploads\/2019\/07\/curso.jpg?w=650&amp;ssl=1 650w, https:\/\/i0.wp.com\/cebem.org\/wp-content\/uploads\/2019\/07\/curso.jpg?resize=300%2C224&amp;ssl=1 300w, https:\/\/i0.wp.com\/cebem.org\/wp-content\/uploads\/2019\/07\/curso.jpg?resize=600%2C449&amp;ssl=1 600w\" sizes=\"(max-width: 650px) 100vw, 650px\" \/><\/figure><\/div>\n\n\n\n<p>Flacso Argentina presenta el nuevo curso de posgrado <strong>Tecnopo\u00e9ticas \/ Tecnopol\u00edticas en Latinoam\u00e9rica<\/strong> que se propone abarcar los cruces conceptuales e hist\u00f3ricos entre arte, tecnolog\u00eda y sociedad, focaliz\u00e0ndose en un recorte de tecnopo\u00e9tica enmarcada en el bioarte, la performance, las artes electr\u00f3nicas, y la literatura digital.<\/p>\n\n\n\n<p><strong>Modalidad presencial<\/strong><br>Inicio del posgrado:&nbsp;<strong>21 de agosto a las 18hs.<br><\/strong>Horarios: 18 a 21hs.<br>D\u00edas: 21 y 28 de agosto. 4, 11, 18 y 25 de septiembre, y 2, 9, 16 y 23 de octubre.<\/p>\n\n\n\n<p>El curso se dictar\u00e1 de modo presencial y semanal. Tendr\u00e1 un total de 30hs. compuestas por 10 clases.<\/p>\n\n\n\n<p>Las\/los interesadas\/os deber\u00e1n completar el\u00a0<strong>formulario de preinscripci\u00f3n\u00a0<a rel=\"noreferrer noopener\" href=\"https:\/\/inscripcion.flacso.org.ar\/inscripcion_interesados_datpersonal.php?idpo=4642\" target=\"_blank\">AQU\u00cd<\/a><\/strong>\u00a0y enviar por correo electr\u00f3nico a:\u00a0<a href=\"mailto:comunicacion@flacso.org.ar\">comunicacion@flacso.org.ar<\/a>\u00a0un curr\u00edculum vitae actualizado. <\/p>\n","protected":false},"excerpt":{"rendered":"<p>Flacso Argentina presenta el nuevo curso de posgrado Tecnopo\u00e9ticas \/ Tecnopol\u00edticas en Latinoam\u00e9rica que se propone abarcar los cruces conceptuales e hist\u00f3ricos entre arte, tecnolog\u00eda y sociedad, focaliz\u00e0ndose en un recorte de tecnopo\u00e9tica enmarcada en el bioarte, la performance, las artes electr\u00f3nicas, y la literatura digital.<\/p>\n","protected":false},"author":7,"featured_media":5625,"comment_status":"closed","ping_status":"closed","sticky":false,"template":"","format":"standard","meta":{"_jetpack_memberships_contains_paid_content":false,"footnotes":"","jetpack_publicize_message":"@FLACSOARGENTINA presenta el Posgrado #Tecnopo\u00e9ticas \/ #Tecnopol\u00edticas en Latinoam\u00e9rica (presencial) con inicio el 21 de agosto!","jetpack_publicize_feature_enabled":true,"jetpack_social_post_already_shared":true,"jetpack_social_options":{"image_generator_settings":{"template":"highway","default_image_id":0,"font":"","enabled":false},"version":2}},"categories":[10],"tags":[398,409,139],"class_list":["post-5624","post","type-post","status-publish","format-standard","has-post-thumbnail","hentry","category-otros-cursos","tag-boletin-7-julio-2019","tag-flacso-argentina","tag-posgrado","item-wrap"],"jetpack_publicize_connections":[],"jetpack_featured_media_url":"https:\/\/i0.wp.com\/cebem.org\/wp-content\/uploads\/2019\/07\/curso.jpg?fit=650%2C486&ssl=1","jetpack_sharing_enabled":true,"_links":{"self":[{"href":"https:\/\/cebem.org\/index.php?rest_route=\/wp\/v2\/posts\/5624","targetHints":{"allow":["GET"]}}],"collection":[{"href":"https:\/\/cebem.org\/index.php?rest_route=\/wp\/v2\/posts"}],"about":[{"href":"https:\/\/cebem.org\/index.php?rest_route=\/wp\/v2\/types\/post"}],"author":[{"embeddable":true,"href":"https:\/\/cebem.org\/index.php?rest_route=\/wp\/v2\/users\/7"}],"replies":[{"embeddable":true,"href":"https:\/\/cebem.org\/index.php?rest_route=%2Fwp%2Fv2%2Fcomments&post=5624"}],"version-history":[{"count":1,"href":"https:\/\/cebem.org\/index.php?rest_route=\/wp\/v2\/posts\/5624\/revisions"}],"predecessor-version":[{"id":5626,"href":"https:\/\/cebem.org\/index.php?rest_route=\/wp\/v2\/posts\/5624\/revisions\/5626"}],"wp:featuredmedia":[{"embeddable":true,"href":"https:\/\/cebem.org\/index.php?rest_route=\/wp\/v2\/media\/5625"}],"wp:attachment":[{"href":"https:\/\/cebem.org\/index.php?rest_route=%2Fwp%2Fv2%2Fmedia&parent=5624"}],"wp:term":[{"taxonomy":"category","embeddable":true,"href":"https:\/\/cebem.org\/index.php?rest_route=%2Fwp%2Fv2%2Fcategories&post=5624"},{"taxonomy":"post_tag","embeddable":true,"href":"https:\/\/cebem.org\/index.php?rest_route=%2Fwp%2Fv2%2Ftags&post=5624"}],"curies":[{"name":"wp","href":"https:\/\/api.w.org\/{rel}","templated":true}]}}