
{"id":5352,"date":"2019-06-05T15:00:57","date_gmt":"2019-06-05T19:00:57","guid":{"rendered":"http:\/\/cebem.org\/?p=5352"},"modified":"2019-06-03T12:29:56","modified_gmt":"2019-06-03T16:29:56","slug":"capacitacion-gastronomica-para-estudiantes-de-turismo-rural-de-la-fauba","status":"publish","type":"post","link":"https:\/\/cebem.org\/?p=5352","title":{"rendered":"Capacitaci\u00f3n gastron\u00f3mica para estudiantes de Turismo Rural de la FAUBA"},"content":{"rendered":"\n<div class=\"wp-block-image\"><figure class=\"alignleft\"><img data-recalc-dims=\"1\" fetchpriority=\"high\" decoding=\"async\" width=\"360\" height=\"480\" src=\"https:\/\/i0.wp.com\/cebem.org\/wp-content\/uploads\/2019\/05\/Fauba.jpg?resize=360%2C480\" alt=\"\" class=\"wp-image-5353\" srcset=\"https:\/\/i0.wp.com\/cebem.org\/wp-content\/uploads\/2019\/05\/Fauba.jpg?w=360&amp;ssl=1 360w, https:\/\/i0.wp.com\/cebem.org\/wp-content\/uploads\/2019\/05\/Fauba.jpg?resize=225%2C300&amp;ssl=1 225w\" sizes=\"(max-width: 360px) 100vw, 360px\" \/><\/figure><\/div>\n\n\n\n<p>A mediados de mayo, cerca de 40 estudiantes de la carrera de Turismo Rural de la Facultad de Agronom\u00eda de la UBA participaron de la capacitaci\u00f3n junto a due\u00f1os de restaurantes, feriantes elaboradores de alimentos y docentes de gastronom\u00eda del Centro de Formaci\u00f3n Docente de la ciudad de Mercedes. Adem\u00e1s, asisti\u00f3 personal de la Municipalidad, as\u00ed como docentes de <a href=\"https:\/\/www.agro.uba.ar\/\" target=\"_blank\" rel=\"noreferrer noopener\" aria-label=\"FAUBA (opens in a new tab)\">FAUBA<\/a> y la directora de la tecnicatura, Dra. Sandra Fern\u00e1ndez.\u00a0<\/p>\n\n\n\n<p>En el aula de Gastronom\u00eda del Centro de Formaci\u00f3n Profesional, los participantes trabajaron sobre la elaboraci\u00f3n de conservas dulces y saladas y<\/p>\n\n\n\n<p>Adem\u00e1s, trabajaron sobre la clasificaci\u00f3n de los productos seg\u00fan el C\u00f3digo Alimentario Argentino; las pautas higi\u00e9nico sanitarias para la elaboraci\u00f3n y envasado de productos, del personal y de las instalaciones; control de temperatura, concentraci\u00f3n de az\u00facares (\u00b0 brix) y de pH, entre otras. \u00a0<\/p>\n\n\n\n<p class=\"has-medium-font-size\"><a href=\"https:\/\/www.agro.uba.ar\/noticias\/jornadas-y-congresos-news\/estudiantes-de-turismo-rural-participaron-de-una-importante-capacitacion\" target=\"_blank\" rel=\"noreferrer noopener\" aria-label=\"Lee la nota completa (opens in a new tab)\">Lee la nota completa<\/a><\/p>\n","protected":false},"excerpt":{"rendered":"<p>A mediados de mayo, cerca de 40 estudiantes de la carrera de Turismo Rural de la Facultad de Agronom\u00eda de la UBA participaron de la capacitaci\u00f3n junto a due\u00f1os de restaurantes, feriantes elaboradores de alimentos y docentes de gastronom\u00eda del Centro de Formaci\u00f3n Docente de la ciudad de Mercedes.<\/p>\n","protected":false},"author":7,"featured_media":5353,"comment_status":"closed","ping_status":"closed","sticky":false,"template":"","format":"standard","meta":{"_jetpack_memberships_contains_paid_content":false,"footnotes":"","jetpack_publicize_message":"Los estudiantes de #TurismoRural de la #FAUBA participaron a capacitaci\u00f3n gastron\u00f3mica","jetpack_publicize_feature_enabled":true,"jetpack_social_post_already_shared":true,"jetpack_social_options":{"image_generator_settings":{"template":"highway","default_image_id":0,"font":"","enabled":false},"version":2}},"categories":[1],"tags":[387,320,388],"class_list":["post-5352","post","type-post","status-publish","format-standard","has-post-thumbnail","hentry","category-noticias","tag-boletin-6-junio-2019","tag-fauba","tag-turismo-rural","item-wrap"],"jetpack_publicize_connections":[],"jetpack_featured_media_url":"https:\/\/i0.wp.com\/cebem.org\/wp-content\/uploads\/2019\/05\/Fauba.jpg?fit=360%2C480&ssl=1","jetpack_sharing_enabled":true,"_links":{"self":[{"href":"https:\/\/cebem.org\/index.php?rest_route=\/wp\/v2\/posts\/5352","targetHints":{"allow":["GET"]}}],"collection":[{"href":"https:\/\/cebem.org\/index.php?rest_route=\/wp\/v2\/posts"}],"about":[{"href":"https:\/\/cebem.org\/index.php?rest_route=\/wp\/v2\/types\/post"}],"author":[{"embeddable":true,"href":"https:\/\/cebem.org\/index.php?rest_route=\/wp\/v2\/users\/7"}],"replies":[{"embeddable":true,"href":"https:\/\/cebem.org\/index.php?rest_route=%2Fwp%2Fv2%2Fcomments&post=5352"}],"version-history":[{"count":2,"href":"https:\/\/cebem.org\/index.php?rest_route=\/wp\/v2\/posts\/5352\/revisions"}],"predecessor-version":[{"id":5356,"href":"https:\/\/cebem.org\/index.php?rest_route=\/wp\/v2\/posts\/5352\/revisions\/5356"}],"wp:featuredmedia":[{"embeddable":true,"href":"https:\/\/cebem.org\/index.php?rest_route=\/wp\/v2\/media\/5353"}],"wp:attachment":[{"href":"https:\/\/cebem.org\/index.php?rest_route=%2Fwp%2Fv2%2Fmedia&parent=5352"}],"wp:term":[{"taxonomy":"category","embeddable":true,"href":"https:\/\/cebem.org\/index.php?rest_route=%2Fwp%2Fv2%2Fcategories&post=5352"},{"taxonomy":"post_tag","embeddable":true,"href":"https:\/\/cebem.org\/index.php?rest_route=%2Fwp%2Fv2%2Ftags&post=5352"}],"curies":[{"name":"wp","href":"https:\/\/api.w.org\/{rel}","templated":true}]}}