
{"id":533,"date":"2016-03-31T17:59:11","date_gmt":"2016-03-31T21:59:11","guid":{"rendered":"http:\/\/cebem.org\/?p=533"},"modified":"2016-05-05T11:55:03","modified_gmt":"2016-05-05T15:55:03","slug":"seminario-internacional-sistema-global-transfronterizo-mercados-ilegales-y-violencia-en-america-latina","status":"publish","type":"post","link":"https:\/\/cebem.org\/?p=533","title":{"rendered":"Seminario Internacional \u201cSistema Global Transfronterizo. Mercados ilegales y violencia en Am\u00e9rica Latina\u201d"},"content":{"rendered":"<p>El Colegio de la Frontera Norte con su sede en Cd. Ju\u00e1rez, llev\u00f3 a cabo los d\u00edas 17 y 18 de marzo el Seminario Internacional \u201cSistema Global Transfronterizo. Mercados ilegales y violencia en Am\u00e9rica Latina\u201d, el cual se enmarca dentro del proyecto de investigaci\u00f3n titulado \u201cExplorando la econom\u00eda pol\u00edtica de la violencia en los sistemas fronterizos de Am\u00e9rica Latina: Hacia una comprensi\u00f3n integral\u201d, bajo la coordinaci\u00f3n de Flacso-Ecuador, y financiado por el Centro Internacional de Investigaci\u00f3n para el Desarrollo (IDRC-Canad\u00e1); en este proyecto participaron 7 equipos de investigaci\u00f3n de distintos pa\u00edses de Am\u00e9rica Latina: Argentina, Brasil, Bolivia, Colombia, Ecuador, Italia, M\u00e9xico y Per\u00fa.<\/p>\n<p>En el seminario se abord\u00f3 el problema estructural de la formaci\u00f3n del sistema global transfronterizo en Am\u00e9rica Latina, as\u00ed como el de las econom\u00edas ilegales, los cuales analizaron, respectivamente, las situaciones de los distintos tipos de violencia que existen en Am\u00e9rica Latina.<\/p>\n<p>El primero de ellos consider\u00f3 a las regiones transfronterizas como campos de fuerzas. En este sentido, las fronteras son fen\u00f3menos hist\u00f3ricos -como lo son la violencia y la ilegalidad- donde actuaron y se encontraron agentes sociales, econ\u00f3micos, institucionales y pol\u00edticos provenientes de distintas esferas (legales e ilegales) para conformar un \u201ccampo de fuerza\u201d.<\/p>\n<p>El segundo se centr\u00f3 en las econom\u00edas ilegales provenientes de actividades como el narcotr\u00e1fico, contrabando de armas, tr\u00e1fico de personas o la trata de personas, las cuales formaron parte del proceso de transformaci\u00f3n de la econom\u00eda mundial, en el que diversos investigadores e instituciones, plantean que existe una nueva econom\u00eda.<\/p>\n<p>Por \u00faltimo, se mencion\u00f3 que existen distintos tipos de violencias; sin embargo, existe una t\u00edpicamente fronteriza, que nace de las ventajas comparativas que trae la complementariedad asim\u00e9trica, bajo tres formas: primero, lo que es legal all\u00e1 puede ser ilegal ac\u00e1 o, viceversa; segundo, la originada en dos econom\u00edas con din\u00e1micas diferentes, por ejemplo, de pol\u00edtica monetaria; y tercero, las pol\u00edticas de seguridad en un lado de la frontera pueden ser distintas a las del otro.<\/p>\n<p><em>Publicado por Colef Press<\/em><br \/>\n<em> Viernes 18 de marzo de 2016<\/em><br \/>\n<em> En: <a href=\"http:\/\/www.colef.mx\/saladeprensa\/?cat=28\" target=\"_blank\" rel=\"category\">Boletines de prensa<\/a>, <a href=\"http:\/\/www.colef.mx\/saladeprensa\/?cat=66\" target=\"_blank\" rel=\"category\">Newsletter<\/a><\/em><\/p>\n<p><strong>Enlaces Recomendados del Evento:<\/strong><\/p>\n<ul>\n<li>\n<h4><a href=\"https:\/\/www.facebook.com\/FronteraGlobal2015\/\" target=\"_blank\">P\u00e1gina Facebook de Frontera Global<\/a><\/h4>\n<\/li>\n<li>\n<h4><a href=\"https:\/\/www.facebook.com\/FronteraGlobal2015\/photos\/a.527001137472933.1073741838.398590720313976\/524180384421675\/?type=3\" target=\"_blank\">FOTOS del Seminario<\/a><\/h4>\n<\/li>\n<li>\n<h4><a href=\"https:\/\/www.facebook.com\/FronteraGlobal2015\/videos\/524526561053724\/\" target=\"_blank\">VIDEO<\/a>, Jos\u00e9 Blanes presenta modelo piramidal para el estudio del sistema global del crimen<\/h4>\n<\/li>\n<\/ul>\n","protected":false},"excerpt":{"rendered":"<p>El Colegio de la Frontera Norte con su sede en Cd. Ju\u00e1rez, llev\u00f3 a cabo los d\u00edas 17 y 18 de marzo el Seminario Internacional \u201cSistema Global Transfronterizo. Mercados ilegales y violencia en Am\u00e9rica Latina\u201d, el cual se enmarca dentro del proyecto de investigaci\u00f3n titulado \u201cExplorando la econom\u00eda pol\u00edtica de la violencia en los sistemas &hellip; <\/p>\n<p><a class=\"more-link btn\" href=\"https:\/\/cebem.org\/?p=533\">Seguir leyendo<\/a><\/p>\n","protected":false},"author":2,"featured_media":534,"comment_status":"closed","ping_status":"closed","sticky":false,"template":"","format":"standard","meta":{"_jetpack_memberships_contains_paid_content":false,"footnotes":"","jetpack_publicize_message":"","jetpack_publicize_feature_enabled":true,"jetpack_social_post_already_shared":true,"jetpack_social_options":{"image_generator_settings":{"template":"highway","default_image_id":0,"font":"","enabled":false},"version":2}},"categories":[9,34],"tags":[19],"class_list":["post-533","post","type-post","status-publish","format-standard","has-post-thumbnail","hentry","category-destacados","category-eventos","tag-seminario","item-wrap"],"jetpack_publicize_connections":[],"jetpack_featured_media_url":"https:\/\/i0.wp.com\/cebem.org\/wp-content\/uploads\/2016\/03\/equipo-fronteras.jpg?fit=2048%2C1536&ssl=1","jetpack_sharing_enabled":true,"_links":{"self":[{"href":"https:\/\/cebem.org\/index.php?rest_route=\/wp\/v2\/posts\/533","targetHints":{"allow":["GET"]}}],"collection":[{"href":"https:\/\/cebem.org\/index.php?rest_route=\/wp\/v2\/posts"}],"about":[{"href":"https:\/\/cebem.org\/index.php?rest_route=\/wp\/v2\/types\/post"}],"author":[{"embeddable":true,"href":"https:\/\/cebem.org\/index.php?rest_route=\/wp\/v2\/users\/2"}],"replies":[{"embeddable":true,"href":"https:\/\/cebem.org\/index.php?rest_route=%2Fwp%2Fv2%2Fcomments&post=533"}],"version-history":[{"count":3,"href":"https:\/\/cebem.org\/index.php?rest_route=\/wp\/v2\/posts\/533\/revisions"}],"predecessor-version":[{"id":537,"href":"https:\/\/cebem.org\/index.php?rest_route=\/wp\/v2\/posts\/533\/revisions\/537"}],"wp:featuredmedia":[{"embeddable":true,"href":"https:\/\/cebem.org\/index.php?rest_route=\/wp\/v2\/media\/534"}],"wp:attachment":[{"href":"https:\/\/cebem.org\/index.php?rest_route=%2Fwp%2Fv2%2Fmedia&parent=533"}],"wp:term":[{"taxonomy":"category","embeddable":true,"href":"https:\/\/cebem.org\/index.php?rest_route=%2Fwp%2Fv2%2Fcategories&post=533"},{"taxonomy":"post_tag","embeddable":true,"href":"https:\/\/cebem.org\/index.php?rest_route=%2Fwp%2Fv2%2Ftags&post=533"}],"curies":[{"name":"wp","href":"https:\/\/api.w.org\/{rel}","templated":true}]}}