
{"id":5313,"date":"2019-05-23T15:00:51","date_gmt":"2019-05-23T19:00:51","guid":{"rendered":"http:\/\/cebem.org\/?p=5313"},"modified":"2019-05-20T15:53:38","modified_gmt":"2019-05-20T19:53:38","slug":"diplomado-internacional-en-comunicacion-publica","status":"publish","type":"post","link":"https:\/\/cebem.org\/?p=5313","title":{"rendered":"Diplomado Internacional en Comunicaci\u00f3n P\u00fablica"},"content":{"rendered":"\n<div class=\"wp-block-image\"><figure class=\"aligncenter is-resized\"><img data-recalc-dims=\"1\" fetchpriority=\"high\" decoding=\"async\" src=\"https:\/\/i0.wp.com\/cebem.org\/wp-content\/uploads\/2019\/05\/2019.05.20.diplomado.png?resize=365%2C365\" alt=\"\" class=\"wp-image-5314\" width=\"365\" height=\"365\" srcset=\"https:\/\/i0.wp.com\/cebem.org\/wp-content\/uploads\/2019\/05\/2019.05.20.diplomado.png?w=500&amp;ssl=1 500w, https:\/\/i0.wp.com\/cebem.org\/wp-content\/uploads\/2019\/05\/2019.05.20.diplomado.png?resize=150%2C150&amp;ssl=1 150w, https:\/\/i0.wp.com\/cebem.org\/wp-content\/uploads\/2019\/05\/2019.05.20.diplomado.png?resize=300%2C300&amp;ssl=1 300w\" sizes=\"(max-width: 365px) 100vw, 365px\" \/><\/figure><\/div>\n\n\n\n<table class=\"wp-block-table\"><tbody><tr><td>Abiertas las matr\u00edculas\u00a0para la 4ta edici\u00f3n de este programa destinado \u00a0a periodistas y comunicadores\/as que desarrollan su actividad en las administraciones p\u00fablicas, as\u00ed como a\u00a0interesados\/as en la gesti\u00f3n de la comunicaci\u00f3n de gobierno. <br> <br>La <a rel=\"noreferrer noopener\" aria-label=\"Uni\u00f3n Iberoamericana de Municipalistas  (opens in a new tab)\" href=\"https:\/\/www.uimunicipalistas.org\/\" target=\"_blank\">Uni\u00f3n Iberoamericana de Municipalistas <\/a>(UIM), de forma conjunta con la <a rel=\"noreferrer noopener\" aria-label=\"Universidad Camilo Jos\u00e9 Cela (opens in a new tab)\" href=\"https:\/\/www.ucjc.edu\/estudios-universitarios\/postgrados\/?gclid=Cj0KCQjwoInnBRDDARIsANBVyATaBNq9cddV_htLYP6zmJyA9KtA0Rrp-jNPRNwMo4uVCZJoMm8KMEQaAquJEALw_wcB\" target=\"_blank\">Universidad Camilo Jos\u00e9 Cela<\/a> (Espa\u00f1a) y la <a href=\"https:\/\/escogranada.com\/\" target=\"_blank\" rel=\"noreferrer noopener\" aria-label=\"Escuela Superior de Comunicaci\u00f3n y Marketing de Granada (opens in a new tab)\">Escuela Superior de Comunicaci\u00f3n y Marketing de Granada<\/a> (ESCO &#8211; Espa\u00f1a), dirigen este Diplomado Internacional en el que los\/as participantes aprender\u00e1n a utilizar la comunicaci\u00f3n como herramienta estrat\u00e9gica, conociendo a trav\u00e9s de la aplicaci\u00f3n pr\u00e1ctica de la teor\u00eda, t\u00e9cnicas y t\u00e1cticas del trabajo comunicativo aplicables espec\u00edficamente en las instituciones p\u00fablicas. <br> <br> Este programa de car\u00e1cter semipresencial se desarrollar\u00e1 en el Campus online de la Uni\u00f3n Iberoamericana de Municipalistas y considera una semana de actividades presenciales en la ciudad de Madrid (17 al 21 de junio de 2019) durante la cual el alumnado accede a clases te\u00f3ricas impartidas por expertos\/as internacionales que se complementan con visitas de observaci\u00f3n y estudio a lugares tan emblem\u00e1ticos como el Palacio de Gobierno de Espa\u00f1a \u201cLa Moncloa\u201d, la C\u00e1mara de Diputados y algunos partidos pol\u00edticos, entre otros.<br> Quienes deseen pueden as\u00ed mismo cursar el programa de forma \u00edntegramente virtual (junio a octubre de 2019)\u00a0 <br><br>Para mas informaci\u00f3n clic <a rel=\"noreferrer noopener\" aria-label=\"aqu\u00ed (opens in a new tab)\" href=\"https:\/\/pga.uimunicipalistas.org\/catalogo\/411\" target=\"_blank\">aqu\u00ed<\/a>. <\/td><\/tr><\/tbody><\/table>\n","protected":false},"excerpt":{"rendered":"<p>Abiertas las matr\u00edculas para la 4ta edici\u00f3n de este programa destinado  a periodistas y comunicadores\/as que desarrollan su actividad en las administraciones p\u00fablicas, as\u00ed como a interesados\/as en la gesti\u00f3n de la comunicaci\u00f3n de gobierno.<\/p>\n","protected":false},"author":8,"featured_media":5314,"comment_status":"closed","ping_status":"closed","sticky":false,"template":"","format":"standard","meta":{"_jetpack_memberships_contains_paid_content":false,"footnotes":"","jetpack_publicize_message":"#DiplomadoInternacional en #Comunicaci\u00f3nP\u00fablica\n@uim, @ESCO-Espa\u00f1a, @Universidad Camilo Jos\u00e9 Cela ","jetpack_publicize_feature_enabled":true,"jetpack_social_post_already_shared":true,"jetpack_social_options":{"image_generator_settings":{"template":"highway","default_image_id":0,"font":"","enabled":false},"version":2}},"categories":[1,10],"tags":[364,121],"class_list":["post-5313","post","type-post","status-publish","format-standard","has-post-thumbnail","hentry","category-noticias","category-otros-cursos","tag-boletin-5-mayo-2019","tag-diplomado","item-wrap"],"jetpack_publicize_connections":[],"jetpack_featured_media_url":"https:\/\/i0.wp.com\/cebem.org\/wp-content\/uploads\/2019\/05\/2019.05.20.diplomado.png?fit=500%2C500&ssl=1","jetpack_sharing_enabled":true,"_links":{"self":[{"href":"https:\/\/cebem.org\/index.php?rest_route=\/wp\/v2\/posts\/5313","targetHints":{"allow":["GET"]}}],"collection":[{"href":"https:\/\/cebem.org\/index.php?rest_route=\/wp\/v2\/posts"}],"about":[{"href":"https:\/\/cebem.org\/index.php?rest_route=\/wp\/v2\/types\/post"}],"author":[{"embeddable":true,"href":"https:\/\/cebem.org\/index.php?rest_route=\/wp\/v2\/users\/8"}],"replies":[{"embeddable":true,"href":"https:\/\/cebem.org\/index.php?rest_route=%2Fwp%2Fv2%2Fcomments&post=5313"}],"version-history":[{"count":2,"href":"https:\/\/cebem.org\/index.php?rest_route=\/wp\/v2\/posts\/5313\/revisions"}],"predecessor-version":[{"id":5316,"href":"https:\/\/cebem.org\/index.php?rest_route=\/wp\/v2\/posts\/5313\/revisions\/5316"}],"wp:featuredmedia":[{"embeddable":true,"href":"https:\/\/cebem.org\/index.php?rest_route=\/wp\/v2\/media\/5314"}],"wp:attachment":[{"href":"https:\/\/cebem.org\/index.php?rest_route=%2Fwp%2Fv2%2Fmedia&parent=5313"}],"wp:term":[{"taxonomy":"category","embeddable":true,"href":"https:\/\/cebem.org\/index.php?rest_route=%2Fwp%2Fv2%2Fcategories&post=5313"},{"taxonomy":"post_tag","embeddable":true,"href":"https:\/\/cebem.org\/index.php?rest_route=%2Fwp%2Fv2%2Ftags&post=5313"}],"curies":[{"name":"wp","href":"https:\/\/api.w.org\/{rel}","templated":true}]}}