
{"id":5283,"date":"2019-05-17T15:00:01","date_gmt":"2019-05-17T19:00:01","guid":{"rendered":"http:\/\/cebem.org\/?p=5283"},"modified":"2019-05-14T17:51:25","modified_gmt":"2019-05-14T21:51:25","slug":"boletin-reforme-no-711","status":"publish","type":"post","link":"https:\/\/cebem.org\/?p=5283","title":{"rendered":"Bolet\u00edn Reforme No. 711"},"content":{"rendered":"\n<div class=\"wp-block-image\"><figure class=\"aligncenter is-resized\"><img data-recalc-dims=\"1\" fetchpriority=\"high\" decoding=\"async\" src=\"https:\/\/i0.wp.com\/cebem.org\/wp-content\/uploads\/2019\/03\/46296_109091099148788_3664568_n-2.jpg?resize=257%2C257\" alt=\"\" class=\"wp-image-4867\" width=\"257\" height=\"257\" srcset=\"https:\/\/i0.wp.com\/cebem.org\/wp-content\/uploads\/2019\/03\/46296_109091099148788_3664568_n-2.jpg?w=600&amp;ssl=1 600w, https:\/\/i0.wp.com\/cebem.org\/wp-content\/uploads\/2019\/03\/46296_109091099148788_3664568_n-2.jpg?resize=150%2C150&amp;ssl=1 150w, https:\/\/i0.wp.com\/cebem.org\/wp-content\/uploads\/2019\/03\/46296_109091099148788_3664568_n-2.jpg?resize=300%2C300&amp;ssl=1 300w\" sizes=\"(max-width: 257px) 100vw, 257px\" \/><\/figure><\/div>\n\n\n\n<p>El Centro Latinoamericano de Administraci\u00f3n para el Desarrollo, <a href=\"https:\/\/www.clad.org\/acerca-de\/clad\" target=\"_blank\" rel=\"noreferrer noopener\" aria-label=\"CLAD (opens in a new tab)\">CLAD<\/a>, es un organismo p\u00fablico internacional, de car\u00e1cter intergubernamental.<\/p>\n\n\n\n<p>Se&nbsp;<a href=\"https:\/\/www.clad.org\/images\/pdf\/Otros_documentos\/acta-constitutiva-del-clad.pdf\" target=\"_blank\" rel=\"noreferrer noopener\">constituy\u00f3 en el a\u00f1o 1972<\/a>&nbsp;bajo la iniciativa de los gobiernos de M\u00e9xico, Per\u00fa y Venezuela.<\/p>\n\n\n\n<p>Su sede se encuentra en Caracas, Rep\u00fablica Bolivariana de Venezuela, de conformidad con la \u201c<a href=\"https:\/\/www.clad.org\/images\/pdf\/Otros_documentos\/ley-aprobatoria-acuerdo-sede-clad-1980.pdf\" target=\"_blank\" rel=\"noreferrer noopener\">Ley Aprobatoria del Acuerdo de Sede entre el Gobierno de la Rep\u00fablica de Venezuela y el Centro Latinoamericano de Administraci\u00f3n para el Desarrollo<\/a>\u201d (G.O. N\u00ba 2.718 del 30 de diciembre de 1980).<\/p>\n\n\n\n<p>Su creaci\u00f3n fue respaldada por la Asamblea General de las Naciones Unidas (<a href=\"http:\/\/www.un.org\/es\/comun\/docs\/?symbol=A\/RES\/2845(XXVI)&amp;Lang=S&amp;Area=RESOLUTION\" target=\"_blank\" rel=\"noreferrer noopener\">Resoluci\u00f3n 2845 &#8211; XXVI<\/a>) con la idea de establecer una entidad regional que tuviera como eje de su actividad la modernizaci\u00f3n de las administraciones p\u00fablicas, un factor estrat\u00e9gico en el proceso de desarrollo econ\u00f3mico y social.<\/p>\n\n\n\n<p>Clic <a rel=\"noreferrer noopener\" aria-label=\"aqu\u00ed (opens in a new tab)\" href=\"https:\/\/mailchi.mp\/clad\/boletn-reforme-no-712 \" target=\"_blank\">aqu\u00ed<\/a> para leer el bolet\u00edn.<br><\/p>\n","protected":false},"excerpt":{"rendered":"<p>El Centro Latinoamericano de Administraci\u00f3n para el Desarrollo, es un organismo p\u00fablico internacional, de car\u00e1cter intergubernamental. Se constituy\u00f3 en el a\u00f1o 1972 bajo la iniciativa de los gobiernos de M\u00e9xico, Per\u00fa y Venezuela.<\/p>\n","protected":false},"author":8,"featured_media":4867,"comment_status":"closed","ping_status":"closed","sticky":false,"template":"","format":"standard","meta":{"_jetpack_memberships_contains_paid_content":false,"footnotes":"","jetpack_publicize_message":"Aqu\u00ed el Bolet\u00edn Reforme No. 711","jetpack_publicize_feature_enabled":true,"jetpack_social_post_already_shared":true,"jetpack_social_options":{"image_generator_settings":{"template":"highway","default_image_id":0,"font":"","enabled":false},"version":2}},"categories":[5],"tags":[364,245,229],"class_list":["post-5283","post","type-post","status-publish","format-standard","has-post-thumbnail","hentry","category-boletin","tag-boletin-5-mayo-2019","tag-desarrollo","tag-latinoamerica","item-wrap"],"jetpack_publicize_connections":[],"jetpack_featured_media_url":"https:\/\/i0.wp.com\/cebem.org\/wp-content\/uploads\/2019\/03\/46296_109091099148788_3664568_n-2.jpg?fit=600%2C600&ssl=1","jetpack_sharing_enabled":true,"_links":{"self":[{"href":"https:\/\/cebem.org\/index.php?rest_route=\/wp\/v2\/posts\/5283","targetHints":{"allow":["GET"]}}],"collection":[{"href":"https:\/\/cebem.org\/index.php?rest_route=\/wp\/v2\/posts"}],"about":[{"href":"https:\/\/cebem.org\/index.php?rest_route=\/wp\/v2\/types\/post"}],"author":[{"embeddable":true,"href":"https:\/\/cebem.org\/index.php?rest_route=\/wp\/v2\/users\/8"}],"replies":[{"embeddable":true,"href":"https:\/\/cebem.org\/index.php?rest_route=%2Fwp%2Fv2%2Fcomments&post=5283"}],"version-history":[{"count":2,"href":"https:\/\/cebem.org\/index.php?rest_route=\/wp\/v2\/posts\/5283\/revisions"}],"predecessor-version":[{"id":5290,"href":"https:\/\/cebem.org\/index.php?rest_route=\/wp\/v2\/posts\/5283\/revisions\/5290"}],"wp:featuredmedia":[{"embeddable":true,"href":"https:\/\/cebem.org\/index.php?rest_route=\/wp\/v2\/media\/4867"}],"wp:attachment":[{"href":"https:\/\/cebem.org\/index.php?rest_route=%2Fwp%2Fv2%2Fmedia&parent=5283"}],"wp:term":[{"taxonomy":"category","embeddable":true,"href":"https:\/\/cebem.org\/index.php?rest_route=%2Fwp%2Fv2%2Fcategories&post=5283"},{"taxonomy":"post_tag","embeddable":true,"href":"https:\/\/cebem.org\/index.php?rest_route=%2Fwp%2Fv2%2Ftags&post=5283"}],"curies":[{"name":"wp","href":"https:\/\/api.w.org\/{rel}","templated":true}]}}