
{"id":5206,"date":"2019-05-06T18:17:48","date_gmt":"2019-05-06T22:17:48","guid":{"rendered":"http:\/\/cebem.org\/?p=5206"},"modified":"2019-05-06T18:17:50","modified_gmt":"2019-05-06T22:17:50","slug":"diplomado-en-autonomia-indigena-originario-campesina-virtual","status":"publish","type":"post","link":"https:\/\/cebem.org\/?p=5206","title":{"rendered":"Diplomado en Autonom\u00eda Ind\u00edgena Originario Campesina &#8211; Virtual"},"content":{"rendered":"\n<div class=\"wp-block-image\"><figure class=\"aligncenter is-resized\"><img data-recalc-dims=\"1\" fetchpriority=\"high\" decoding=\"async\" src=\"https:\/\/i0.wp.com\/cebem.org\/wp-content\/uploads\/2019\/05\/diplomado-autonomia-indigena-originario-campesina-1024x614.png?resize=512%2C307\" alt=\"\" class=\"wp-image-5235\" width=\"512\" height=\"307\" srcset=\"https:\/\/i0.wp.com\/cebem.org\/wp-content\/uploads\/2019\/05\/diplomado-autonomia-indigena-originario-campesina.png?resize=1024%2C614&amp;ssl=1 1024w, https:\/\/i0.wp.com\/cebem.org\/wp-content\/uploads\/2019\/05\/diplomado-autonomia-indigena-originario-campesina.png?resize=300%2C180&amp;ssl=1 300w, https:\/\/i0.wp.com\/cebem.org\/wp-content\/uploads\/2019\/05\/diplomado-autonomia-indigena-originario-campesina.png?resize=768%2C461&amp;ssl=1 768w, https:\/\/i0.wp.com\/cebem.org\/wp-content\/uploads\/2019\/05\/diplomado-autonomia-indigena-originario-campesina.png?resize=600%2C360&amp;ssl=1 600w, https:\/\/i0.wp.com\/cebem.org\/wp-content\/uploads\/2019\/05\/diplomado-autonomia-indigena-originario-campesina.png?w=1182&amp;ssl=1 1182w\" sizes=\"(max-width: 512px) 100vw, 512px\" \/><\/figure><\/div>\n\n\n\n<p><strong>Objetivo:<\/strong><\/p>\n\n\n\n<p>Fortalecer competencias en el tema de Autonom\u00edas Ind\u00edgenas Originario\nCampesinas.<\/p>\n\n\n\n<p><strong>Contenido:<\/strong><\/p>\n\n\n\n<ul class=\"wp-block-list\"><li>M\u00f3dulo 1: Proceso Constituyente y Autonom\u00eda Ind\u00edgena Originario Campesina.<\/li><li> M\u00f3dulo 2: Interculturalidad y Derechos Ind\u00edgenas.<\/li><li> M\u00f3dulo 3: Normativa Plurinacional y Sistema Competencial.<\/li><li> M\u00f3dulo 4: Estatutos de Autonom\u00eda Ind\u00edgena Originario.<\/li><li> M\u00f3dulo 5: Gesti\u00f3n Territorial, Recursos Naturales y Econom\u00eda Plural.<\/li><li> M\u00f3dulo 6: Planificaci\u00f3n y Gesti\u00f3n Administrativa y Financiera.<\/li><\/ul>\n\n\n\n<p><strong>Dirigido a:<\/strong><\/p>\n\n\n\n<p>Profesionales de las diferentes \u00e1reas de estudio, servidoras y servidores\np\u00fablicos de los diferentes niveles de gobierno (municipal, departamental y\ncentral) y profesionales independientes interesados en fortalecer sus\ncompetencias en la tem\u00e1tica.<\/p>\n\n\n\n<p><strong>Certifica:<\/strong><\/p>\n\n\n\n<p>Ministerio de Educaci\u00f3n &#8211; Escuela de Gesti\u00f3n P\u00fablica Plurinacional<\/p>\n\n\n\n<p><strong>Detalles:<\/strong><\/p>\n\n\n\n<ul class=\"wp-block-list\"><li>Inicio: 13\/05\/2019<\/li><li>Duraci\u00f3n de diplomado: 3 meses,\nconcluidos los m\u00f3dulos, el participante tiene 15 d\u00edas para presentar una\nmonograf\u00eda, la cual ser\u00e1 la modalidad de titulaci\u00f3n.<\/li><li>240 horas acad\u00e9micas<\/li><li>Horarios: flexible<\/li><li>Costo del Diplomado al contado, 3:000\nBs. y en cuotas 3.500 Bs., siendo la primera cuota de 2.000 Bs. y los restantes\n1.500, concluido el primer m\u00f3dulo.<\/li><\/ul>\n\n\n\n<p><strong>Requisitos:<\/strong><\/p>\n\n\n\n<ul class=\"wp-block-list\"><li>Formulario de solicitud de inscripci\u00f3n,<\/li><li>Carta de compromiso (ambos se generan en sistema una vez realizada la      inscripci\u00f3n),<\/li><li>Fotocopia legalizada del T\u00edtulo en Provisi\u00f3n Nacional (licenciatura o equivalente),<\/li><li>Fotocopia de la c\u00e9dula de identidad vigente,<\/li><li>2 fotograf\u00edas 4X4 cm. (fondo azul el\u00e9ctrico sin m\u00e1rgenes y en tono mate),<\/li><li>Fotocopia de la factura de pago en el Banco Uni\u00f3n, del monto total al contado, o de la primera cuota.<\/li><\/ul>\n\n\n\n<p><strong>Contactos:<\/strong><\/p>\n\n\n\n<ul class=\"wp-block-list\"><li>Telf.: (591-3) 3119025 &#8211; 3119086<\/li><li>(591-2)  2124058<\/li><li><a href=\"mailto:kchavez@egpp.gob.bo\">kchavez@egpp.gob.bo<\/a><\/li><li><a href=\"mailto:mcalle@egpp.gob.bo\">mcalle@egpp.gob.bo<\/a><\/li><li><a href=\"http:\/\/181.115.181.139\/sisacademico\/oferta\/web\/autonomia-indigena-originario-campesina\" target=\"_blank\" rel=\"noreferrer noopener\" aria-label=\"P\u00e1gina web (opens in a new tab)\">P\u00e1gina web<\/a><\/li><\/ul>\n","protected":false},"excerpt":{"rendered":"<p>Inicio: 13\/05\/2019<br \/>\nObjetivo: Fortalecer competencias en el tema de Autonom\u00edas Ind\u00edgenas Originario Campesinas.<\/p>\n","protected":false},"author":2,"featured_media":5235,"comment_status":"closed","ping_status":"closed","sticky":false,"template":"","format":"standard","meta":{"_jetpack_memberships_contains_paid_content":false,"footnotes":"","jetpack_publicize_message":"#Diplomado en Autonom\u00eda Ind\u00edgena Originario Campesina - Virtual","jetpack_publicize_feature_enabled":true,"jetpack_social_post_already_shared":true,"jetpack_social_options":{"image_generator_settings":{"template":"highway","default_image_id":0,"font":"","enabled":false},"version":2}},"categories":[10],"tags":[121],"class_list":["post-5206","post","type-post","status-publish","format-standard","has-post-thumbnail","hentry","category-otros-cursos","tag-diplomado","item-wrap"],"jetpack_publicize_connections":[],"jetpack_featured_media_url":"https:\/\/i0.wp.com\/cebem.org\/wp-content\/uploads\/2019\/05\/diplomado-autonomia-indigena-originario-campesina.png?fit=1182%2C709&ssl=1","jetpack_sharing_enabled":true,"_links":{"self":[{"href":"https:\/\/cebem.org\/index.php?rest_route=\/wp\/v2\/posts\/5206","targetHints":{"allow":["GET"]}}],"collection":[{"href":"https:\/\/cebem.org\/index.php?rest_route=\/wp\/v2\/posts"}],"about":[{"href":"https:\/\/cebem.org\/index.php?rest_route=\/wp\/v2\/types\/post"}],"author":[{"embeddable":true,"href":"https:\/\/cebem.org\/index.php?rest_route=\/wp\/v2\/users\/2"}],"replies":[{"embeddable":true,"href":"https:\/\/cebem.org\/index.php?rest_route=%2Fwp%2Fv2%2Fcomments&post=5206"}],"version-history":[{"count":2,"href":"https:\/\/cebem.org\/index.php?rest_route=\/wp\/v2\/posts\/5206\/revisions"}],"predecessor-version":[{"id":5236,"href":"https:\/\/cebem.org\/index.php?rest_route=\/wp\/v2\/posts\/5206\/revisions\/5236"}],"wp:featuredmedia":[{"embeddable":true,"href":"https:\/\/cebem.org\/index.php?rest_route=\/wp\/v2\/media\/5235"}],"wp:attachment":[{"href":"https:\/\/cebem.org\/index.php?rest_route=%2Fwp%2Fv2%2Fmedia&parent=5206"}],"wp:term":[{"taxonomy":"category","embeddable":true,"href":"https:\/\/cebem.org\/index.php?rest_route=%2Fwp%2Fv2%2Fcategories&post=5206"},{"taxonomy":"post_tag","embeddable":true,"href":"https:\/\/cebem.org\/index.php?rest_route=%2Fwp%2Fv2%2Ftags&post=5206"}],"curies":[{"name":"wp","href":"https:\/\/api.w.org\/{rel}","templated":true}]}}