
{"id":5183,"date":"2019-05-03T10:00:54","date_gmt":"2019-05-03T14:00:54","guid":{"rendered":"http:\/\/cebem.org\/?p=5183"},"modified":"2019-04-30T11:15:38","modified_gmt":"2019-04-30T15:15:38","slug":"convocatoria-iii-congreso-latinoamericano-de-teoria-social","status":"publish","type":"post","link":"https:\/\/cebem.org\/?p=5183","title":{"rendered":"Convocatoria: III Congreso Latinoamericano de Teor\u00eda Social"},"content":{"rendered":"\n<figure class=\"wp-block-image\"><img data-recalc-dims=\"1\" fetchpriority=\"high\" decoding=\"async\" width=\"750\" height=\"439\" src=\"https:\/\/i0.wp.com\/cebem.org\/wp-content\/uploads\/2019\/04\/iii-congreso-social-1024x600.jpg?resize=750%2C439\" alt=\"\" class=\"wp-image-5184\" srcset=\"https:\/\/i0.wp.com\/cebem.org\/wp-content\/uploads\/2019\/04\/iii-congreso-social.jpg?w=1024&amp;ssl=1 1024w, https:\/\/i0.wp.com\/cebem.org\/wp-content\/uploads\/2019\/04\/iii-congreso-social.jpg?resize=300%2C176&amp;ssl=1 300w, https:\/\/i0.wp.com\/cebem.org\/wp-content\/uploads\/2019\/04\/iii-congreso-social.jpg?resize=768%2C450&amp;ssl=1 768w, https:\/\/i0.wp.com\/cebem.org\/wp-content\/uploads\/2019\/04\/iii-congreso-social.jpg?resize=600%2C352&amp;ssl=1 600w\" sizes=\"(max-width: 750px) 100vw, 750px\" \/><\/figure>\n\n\n\n<p>La <a rel=\"noreferrer noopener\" aria-label=\"Universidad de Buenos Aires (opens in a new tab)\" href=\"http:\/\/www.uba.ar\/\" target=\"_blank\">Universidad de Buenos Aires<\/a> invita a participar y difundir la siguiente <strong>convocatoria<\/strong> en el marco del <strong>III Congreso Latinoamericano de Teor\u00eda Social,<\/strong> que se llevar\u00e1 a cabo del <strong>31 de julio al 2 de agosto de 2019<\/strong> en la Facultad de Ciencias Sociales, Universidad de Buenos Aires (Sede Santiago del Estero 1029, C1075AAU, Ciudad Aut\u00f3noma de Buenos Aires).<br> <br><strong>Mesa Nro. 7: Teor\u00eda social y G\u00e9neros. Perspectivas desde el Sur Global<\/strong><br>Coordinaci\u00f3n:<br>M. Micaela Bazzano (Facultad de Ciencias Sociales, IIGG, UBA)<br>Mora Blaser (Facultad de Ciencias Sociales, UBA)<br><a href=\"mailto:sociologiasgeneros@gmail.com\">sociologiasgeneros@gmail.com<\/a>      <\/p>\n\n\n\n<p>Este espacio se propone convocar a quienes trabajen en diversas cuestiones relativas a G\u00e9neros, Estudios de las Mujeres, Feminismos, Disidencias Sexuales y afines, desde la teor\u00eda social, los g\u00e9neros y una perspectiva postcolonial y decolonial. Esta perspectiva interpela los debates sobre las teor\u00edas de g\u00e9nero, dado su cuestionamiento hacia la mirada euroc\u00e9ntrica del feminismo blanco, transversalizando categor\u00edas como raza y otras identidades de g\u00e9nero y culturales.<br> <br> Su finalidad es brindar una ocasi\u00f3n para el intercambio de producciones, resultados y avances de investigaci\u00f3n desde una reflexividad que incorpore dichas interpelaciones. Se invita a reflexionar y debatir sobre problemas y conceptos, matrices discursivas, dificultades en el trabajo de campo, procesos de militancia y su entrelazamiento con el campo acad\u00e9mico, aspectos epistemol\u00f3gicos, avances te\u00f3ricos para renovar su an\u00e1lisis.<br> <br>Las tem\u00e1ticas abordadas en las ponencias podr\u00e1n ser de \u00edndole diversa en el campo de los estudios de g\u00e9nero y la teor\u00eda social, para lo cual proponemos organizar la mesa en los siguientes ejes tem\u00e1ticos:<\/p>\n\n\n\n<ul class=\"wp-block-list\"><li>Desarrollos conceptuales y teor\u00edas sobre g\u00e9neros<\/li><li>Perspectivas epistemol\u00f3gicas y aspectos metodol\u00f3gicos cuali y cuantitativos<\/li><li>Pol\u00edticas p\u00fablicas y pol\u00edticas sociales<\/li><li>Movimientos sociales y militancia<\/li><\/ul>\n\n\n\n<p>Consideramos relevante abrir este espacio para actualizar, intercambiar y producir conocimientos desde el Sur Global, con base en los estudios poscoloniales, entendido como sur epist\u00e9mico en donde son las poblaciones las que han sufrido las injusticias del capitalismo, colonialismo y patriarcado.<br> <br><strong>CONVOCATORIA A PRESENTACI\u00d3N DE RES\u00daMENES (fecha l\u00edmite 13 de mayo)<\/strong><br> <br>Las propuestas de Res\u00famenes deber\u00e1n enviarse en un archivo .doc\/.docx nombrado del siguiente modo: RES-Mesa XX\u2013Apellido del autor (Ejemplo: RES-Mesa7-Perez). Deber\u00e1n incluir la siguiente informaci\u00f3n:<\/p>\n\n\n\n<ul class=\"wp-block-list\"><li>T\u00edtulo del trabajo<\/li><li>Apellidos y Nombres, pertenencia institucional y      direcciones de contacto de lxs autorxs<\/li><li>Resumen (hasta 200 palabras)<\/li><\/ul>\n\n\n\n<p>Las propuestas deber\u00e1n enviarse a: <a href=\"mailto:trabajoscongresoteoriasocial@gmail.com\">trabajoscongresoteoriasocial@gmail.com<\/a> <br>En el asunto del mail se deber\u00e1 indicar el n\u00famero de la Mesa Tem\u00e1tica a la que se desea enviar el resumen (Ejemplo: RESUMEN \u2013 MESA 7). <br>Enlace: <a rel=\"noreferrer noopener\" href=\"https:\/\/l.facebook.com\/l.php?u=http%3A%2F%2Fdiferencias.com.ar%2Fcongreso%2FICLTS2015%2Fwp%2Findex.php%2Fenvio-de-propuestas-mesas-y-paneles%2F%3Ffbclid%3DIwAR2utOf2MW7MWne5tp6VJGvOMXXXv1hMNFCBiL_Fgd1RJfUfWkDEcE56_24&amp;h=AT2QE9DkngP9Bj-pOTaAZ2eEbDRuqURqFnJ1PZWp2sNE6OyBXUOoy0gP7pAxsdahbQKW3oofDUwNkEL_30uHX541vH3J-7ini8ITvXaRXFsOF19D1J7plR64YdmTYxmlgLw\" target=\"_blank\">http:\/\/diferencias.com.ar\/congreso\/ICLTS2015\/wp\/index.php\/envio-de-propuestas-mesas-y-paneles\/<\/a><\/p>\n","protected":false},"excerpt":{"rendered":"<p>La Universidad de Buenos Aires invita a participar y difundir la siguiente convocatoria en el marco del III Congreso Latinoamericano de Teor\u00eda Social, que se llevar\u00e1 a cabo del 31 de julio al 2 de agosto de 2019 en la Facultad de Ciencias Sociales, Universidad de Buenos Aires <\/p>\n","protected":false},"author":7,"featured_media":5184,"comment_status":"closed","ping_status":"closed","sticky":false,"template":"","format":"standard","meta":{"_jetpack_memberships_contains_paid_content":false,"footnotes":"","jetpack_publicize_message":"Convocatoria a presentar res\u00famenes para el III Congreso Latinoamericano de #Teor\u00edaSocial @UBAonline","jetpack_publicize_feature_enabled":true,"jetpack_social_post_already_shared":true,"jetpack_social_options":{"image_generator_settings":{"template":"highway","default_image_id":0,"font":"","enabled":false},"version":2}},"categories":[8],"tags":[364,367,114],"class_list":["post-5183","post","type-post","status-publish","format-standard","has-post-thumbnail","hentry","category-convocatorias","tag-boletin-5-mayo-2019","tag-generos","tag-mujeres","item-wrap"],"jetpack_publicize_connections":[],"jetpack_featured_media_url":"https:\/\/i0.wp.com\/cebem.org\/wp-content\/uploads\/2019\/04\/iii-congreso-social.jpg?fit=1024%2C600&ssl=1","jetpack_sharing_enabled":true,"_links":{"self":[{"href":"https:\/\/cebem.org\/index.php?rest_route=\/wp\/v2\/posts\/5183","targetHints":{"allow":["GET"]}}],"collection":[{"href":"https:\/\/cebem.org\/index.php?rest_route=\/wp\/v2\/posts"}],"about":[{"href":"https:\/\/cebem.org\/index.php?rest_route=\/wp\/v2\/types\/post"}],"author":[{"embeddable":true,"href":"https:\/\/cebem.org\/index.php?rest_route=\/wp\/v2\/users\/7"}],"replies":[{"embeddable":true,"href":"https:\/\/cebem.org\/index.php?rest_route=%2Fwp%2Fv2%2Fcomments&post=5183"}],"version-history":[{"count":3,"href":"https:\/\/cebem.org\/index.php?rest_route=\/wp\/v2\/posts\/5183\/revisions"}],"predecessor-version":[{"id":5187,"href":"https:\/\/cebem.org\/index.php?rest_route=\/wp\/v2\/posts\/5183\/revisions\/5187"}],"wp:featuredmedia":[{"embeddable":true,"href":"https:\/\/cebem.org\/index.php?rest_route=\/wp\/v2\/media\/5184"}],"wp:attachment":[{"href":"https:\/\/cebem.org\/index.php?rest_route=%2Fwp%2Fv2%2Fmedia&parent=5183"}],"wp:term":[{"taxonomy":"category","embeddable":true,"href":"https:\/\/cebem.org\/index.php?rest_route=%2Fwp%2Fv2%2Fcategories&post=5183"},{"taxonomy":"post_tag","embeddable":true,"href":"https:\/\/cebem.org\/index.php?rest_route=%2Fwp%2Fv2%2Ftags&post=5183"}],"curies":[{"name":"wp","href":"https:\/\/api.w.org\/{rel}","templated":true}]}}