
{"id":5121,"date":"2019-04-18T15:00:59","date_gmt":"2019-04-18T19:00:59","guid":{"rendered":"http:\/\/cebem.org\/?p=5121"},"modified":"2019-04-18T11:02:19","modified_gmt":"2019-04-18T15:02:19","slug":"convocatoria-del-iii-seminario-internacional-estado-territorio-y-desarrollo","status":"publish","type":"post","link":"https:\/\/cebem.org\/?p=5121","title":{"rendered":"Convocatoria del III Seminario Internacional Estado, Territorio y Desarrollo"},"content":{"rendered":"\n<figure class=\"wp-block-image\"><img data-recalc-dims=\"1\" fetchpriority=\"high\" decoding=\"async\" width=\"750\" height=\"294\" src=\"https:\/\/i0.wp.com\/cebem.org\/wp-content\/uploads\/2019\/04\/SeminarioEstadoTerritorioYDesarrollo_YencyContreras_8615fc60ed81672024f4ff1c754a731d.png?resize=750%2C294\" alt=\"\" class=\"wp-image-5124\" srcset=\"https:\/\/i0.wp.com\/cebem.org\/wp-content\/uploads\/2019\/04\/SeminarioEstadoTerritorioYDesarrollo_YencyContreras_8615fc60ed81672024f4ff1c754a731d.png?w=780&amp;ssl=1 780w, https:\/\/i0.wp.com\/cebem.org\/wp-content\/uploads\/2019\/04\/SeminarioEstadoTerritorioYDesarrollo_YencyContreras_8615fc60ed81672024f4ff1c754a731d.png?resize=300%2C118&amp;ssl=1 300w, https:\/\/i0.wp.com\/cebem.org\/wp-content\/uploads\/2019\/04\/SeminarioEstadoTerritorioYDesarrollo_YencyContreras_8615fc60ed81672024f4ff1c754a731d.png?resize=768%2C301&amp;ssl=1 768w, https:\/\/i0.wp.com\/cebem.org\/wp-content\/uploads\/2019\/04\/SeminarioEstadoTerritorioYDesarrollo_YencyContreras_8615fc60ed81672024f4ff1c754a731d.png?resize=600%2C235&amp;ssl=1 600w\" sizes=\"(max-width: 750px) 100vw, 750px\" \/><\/figure>\n\n\n\n<p>La<a rel=\"noreferrer noopener\" aria-label=\" Universidad Piloto de Colombia (opens in a new tab)\" href=\"http:\/\/www.unipiloto.edu.co\/\" target=\"_blank\"> <\/a><strong><a rel=\"noreferrer noopener\" aria-label=\" Universidad Piloto de Colombia (opens in a new tab)\" href=\"http:\/\/www.unipiloto.edu.co\/\" target=\"_blank\">Universidad Piloto de Colombia<\/a><\/strong> a trav\u00e9s del Grupo de Investigaci\u00f3n Gesti\u00f3n Urbana, el programa de Maestr\u00eda en Gesti\u00f3n Urbana y la Facultad de Arquitectura y Artes; la <strong><a href=\"https:\/\/www.ufba.br\/\" target=\"_blank\" rel=\"noreferrer noopener\" aria-label=\"Universidad Federal de Bah\u00eda (opens in a new tab)\">Universidad Federal de Bah\u00eda<\/a><\/strong> a trav\u00e9s del LESTE de y con el apoyo de la <strong>Red de Universidades de ONU-H\u00e1bitat <\/strong>y <strong><a rel=\"noreferrer noopener\" aria-label=\"ONU H\u00e1bitat (opens in a new tab)\" href=\"http:\/\/es.unhabitat.org\/\" target=\"_blank\">ONU H\u00e1bitat<\/a><\/strong> invitan al<\/p>\n\n\n\n<p style=\"text-align:center\"><strong>III Seminario\nInternacional Estado, Territorio y Desarrollo: <em>\u201cEl territorio y la\nadaptabilidad al cambio a la luz de los ODS\u201d<\/em><\/strong><\/p>\n\n\n\n<p style=\"text-align:center\"><strong>Del 23 al 26 de\nseptiembre de 2019, Ciudad de Bogot\u00e1, Colombia<\/strong><\/p>\n\n\n\n<p>\u00a0<strong>MESAS TEM\u00c1TICAS:<\/strong><br>1. Accesibilidad urbana\/regional y movilidad cotidiana <br><em>Coordinadores: Jos\u00e9 Ricardo Villar y Mauricio Moreno, Rodrigo Firmino, Fabio Duarte.<\/em><br>2. Cambio clim\u00e1tico, Medio ambiente y fuentes de energ\u00eda <br><em>Coordinadores: Andr\u00e9s Valverde, Carlos Garcias, Harry Bollmann, Ana Mar\u00eda Osorio.<\/em><br>3. Desigualdades sociales y justicia espacial: escalas y acciones <br><em>Coordinadores: Prof. Dr. Antonio Angelo Martins da Fonseca,<\/em> <em>Isabella Nascimento, Vincent Gouesset.<\/em><br>4. Metropolizaci\u00f3n contempor\u00e1nea: nuevos y viejos desaf\u00edos <br><em>Coordinadores: Melba Rubiano, Nohora Carvajal, Augusto Cesar<\/em> <em>Pinheiro, Carlos Hardt, Thierry Lulle.<\/em><br>5. Nuevas territorialidades: igualda de de g\u00e9nero, medio ambiente y soberan\u00eda alimentaria <br><em>Coordinadores: Profa. Dra. Noeli, Adriana Correal, Diana Mora, Harry Bollmann.<\/em><br>6. Espacialidades del poder, avances conservadores y resistencias <em>Coordinadores: Prof. Dr. Cristov\u00e3o Brito, Samira Kauchakje.<\/em><br>7. Estado: paz, justicia y ciudadan\u00eda <br><em>Coordinadores: Prof. Dr. Alcides dos Santos Caldas, Juliana Nunes.<\/em><\/p>\n\n\n\n<p><strong>PRESENTACI\u00d3N DE PROPUESTAS DE PONENCIAS:<\/strong><br>Favor enviar las propuestas de ponencias de m\u00e1ximo 500 palabras incluyendo:<br><em>\u2022 T\u00edtulo<\/em><br><em>\u2022 Autores, filiaci\u00f3n y correo electr\u00f3nico<\/em><br><em>\u2022 Resumen anal\u00edtico<\/em><br><em>\u2022 Cinco palabras clave<\/em><br><em>\u2022 Nombre de mesa tem\u00e1tica en la que desea participar<\/em><br><em>\u2022 Se recibir\u00e1n ponencias en espa\u00f1ol o portugu\u00e9s.<\/em><\/p>\n\n\n\n<p><strong>ENV\u00cdO DE PROPUESTAS:<\/strong><br><em><a href=\"mailto:gurbana@unipiloto.edu.co\">gurbana@unipiloto.edu.co<\/a><\/em><br><em><a href=\"mailto:seminarioseted@gmail.com\">seminarioseted@gmail.com<\/a><\/em><br>Fecha m\u00e1xima de env\u00edo de propuesta de ponencia: 30 de junio de 2019<\/p>\n\n\n\n<p><strong>COSTOS:<\/strong><br>Con Pago hasta el 30 de julio<br>Audiencia General: <em>$150.000 COP (50 USD)<\/em><br>Ponentes y estudiantes de pregrado y posgrado: <em>$110.000 COP (35 USD)<\/em><br>Con Pago despu\u00e9s del 30 de julio<br>Audiencia General: <em>$180.000 COP (60 USD)<\/em><br>Ponentes y estudiantes de pregrado y posgrado: <em>$130.000 COP (40 USD)<\/em><br>Salida T\u00e9cnica: Sujeto a disponibilidad. Todos los interesados: <em>$30.000 COP (10USD)<\/em> <em>(incluye transporte y refrigerio)<\/em><\/p>\n\n\n\n<p><strong><a rel=\"noreferrer noopener\" aria-label=\"PREINSCRIPCI\u00d3N AQUI (opens in a new tab)\" href=\"https:\/\/goo.gl\/forms\/rSjSZGPBqJt1pHuM2\" target=\"_blank\">PREINSCRIPCI\u00d3N AQUI<\/a><\/strong><br><strong><a rel=\"noreferrer noopener\" aria-label=\"M\u00c1S INFORMACI\u00d3N (opens in a new tab)\" href=\"http:\/\/ieu.unal.edu.co\/images\/Seminario_III_SETED_MGU.pdf\" target=\"_blank\">M\u00c1S INFORMACI\u00d3N<\/a><\/strong><br><br><\/p>\n","protected":false},"excerpt":{"rendered":"<p>La Universidad Piloto de Colombia a trav\u00e9s del Grupo de Investigaci\u00f3n Gesti\u00f3n Urbana, el programa de Maestr\u00eda en Gesti\u00f3n Urbana y la Facultad de Arquitectura y Artes; la Universidad Federal de Bah\u00eda a trav\u00e9s del LESTE de y con el apoyo de la Red de Universidades de ONU-H\u00e1bitat y ONU H\u00e1bitat invitan al III Seminario &hellip; <\/p>\n<p><a class=\"more-link btn\" href=\"https:\/\/cebem.org\/?p=5121\">Seguir leyendo<\/a><\/p>\n","protected":false},"author":7,"featured_media":5126,"comment_status":"closed","ping_status":"closed","sticky":false,"template":"","format":"standard","meta":{"_jetpack_memberships_contains_paid_content":false,"footnotes":"","jetpack_publicize_message":"Convocatoria del III Seminario Internacional #Estado, #Territorio y #Desarrollo @UPilotoOficial","jetpack_publicize_feature_enabled":true,"jetpack_social_post_already_shared":true,"jetpack_social_options":{"image_generator_settings":{"template":"highway","default_image_id":0,"font":"","enabled":false},"version":2}},"categories":[8],"tags":[333,245,357],"class_list":["post-5121","post","type-post","status-publish","format-standard","has-post-thumbnail","hentry","category-convocatorias","tag-boletin-4-abril-2019","tag-desarrollo","tag-territorio","item-wrap"],"jetpack_publicize_connections":[],"jetpack_featured_media_url":"https:\/\/i0.wp.com\/cebem.org\/wp-content\/uploads\/2019\/04\/congreso.png?fit=405%2C480&ssl=1","jetpack_sharing_enabled":true,"_links":{"self":[{"href":"https:\/\/cebem.org\/index.php?rest_route=\/wp\/v2\/posts\/5121","targetHints":{"allow":["GET"]}}],"collection":[{"href":"https:\/\/cebem.org\/index.php?rest_route=\/wp\/v2\/posts"}],"about":[{"href":"https:\/\/cebem.org\/index.php?rest_route=\/wp\/v2\/types\/post"}],"author":[{"embeddable":true,"href":"https:\/\/cebem.org\/index.php?rest_route=\/wp\/v2\/users\/7"}],"replies":[{"embeddable":true,"href":"https:\/\/cebem.org\/index.php?rest_route=%2Fwp%2Fv2%2Fcomments&post=5121"}],"version-history":[{"count":4,"href":"https:\/\/cebem.org\/index.php?rest_route=\/wp\/v2\/posts\/5121\/revisions"}],"predecessor-version":[{"id":5127,"href":"https:\/\/cebem.org\/index.php?rest_route=\/wp\/v2\/posts\/5121\/revisions\/5127"}],"wp:featuredmedia":[{"embeddable":true,"href":"https:\/\/cebem.org\/index.php?rest_route=\/wp\/v2\/media\/5126"}],"wp:attachment":[{"href":"https:\/\/cebem.org\/index.php?rest_route=%2Fwp%2Fv2%2Fmedia&parent=5121"}],"wp:term":[{"taxonomy":"category","embeddable":true,"href":"https:\/\/cebem.org\/index.php?rest_route=%2Fwp%2Fv2%2Fcategories&post=5121"},{"taxonomy":"post_tag","embeddable":true,"href":"https:\/\/cebem.org\/index.php?rest_route=%2Fwp%2Fv2%2Ftags&post=5121"}],"curies":[{"name":"wp","href":"https:\/\/api.w.org\/{rel}","templated":true}]}}