
{"id":512,"date":"2016-03-31T16:06:02","date_gmt":"2016-03-31T20:06:02","guid":{"rendered":"http:\/\/cebem.org\/?p=512"},"modified":"2016-03-31T16:06:02","modified_gmt":"2016-03-31T20:06:02","slug":"noticias-de-federacion-iberoamericana-de-urbanistas-fiu-marzo-16","status":"publish","type":"post","link":"https:\/\/cebem.org\/?p=512","title":{"rendered":"NOTICIAS de Federaci\u00f3n Iberoamericana de Urbanistas (FIU) &#8211; Marzo 16"},"content":{"rendered":"<p style=\"text-align: center;\"><strong>HABITAT junto con el Ayuntamiento de Barcelona promueven para los d\u00edas 4 y 5 de abril un Thematic Meeting<\/strong><br \/>\n<strong>(Habitat III) sobre el tema del ESPACIO P\u00daBLICO. DERECHO A LA CIUDAD. <\/strong><\/p>\n<p style=\"text-align: left;\">FIU\u00a0est\u00e1 directamente involucrado en el montaje de este evento formando parte del Comit\u00e9 de Direcci\u00f3n.<\/p>\n<p><a href=\"http:\/\/aetu.dyd.es\/newslink\/183996\/224.html\" target=\"_blank\">M\u00e1s informaci\u00f3n<\/a><\/p>\n<hr \/>\n<p style=\"text-align: center;\"><strong>La Asociaci\u00f3n Iberoamericana de Movilidad Urbana Para la Sostenibilidad (ASIMUS)<\/strong><br \/>\n<strong> junto con FIU organizan:<\/strong><\/p>\n<p style=\"text-align: center;\"><strong><em>VIDEOCONFERENCIA<\/em><\/strong><\/p>\n<p>Lunes 25 de abril, a las 12hs. de Curitiba y\u00a0 a las 19hs. de Barcelona<\/p>\n<p>\u00abPol\u00edticas urban\u00edsticas y de movilidad en Curitiba\u201d<br \/>\n<strong>Videoconferencia a cargo de: <\/strong>LUISIANA PAGANELLI SILVA<\/p>\n<p><strong>Arquitecta y Urbanista de Curitiba, Brasil, que trabaja actualmente como Asesora de Relaciones Externas en el Instituto de Investigaci\u00f3n <\/strong><strong>y Planificaci\u00f3n Urbana de Curitiba &#8211; IPPUC, desde 2007.<\/strong><\/p>\n<p><a href=\"http:\/\/aetu.dyd.es\/newslink\/183996\/225.html\" target=\"_blank\">M\u00e1s informaci\u00f3n<\/a><\/p>\n<hr \/>\n<p style=\"text-align: center;\"><strong>La Asociaci\u00f3n Iberoamericana de Movilidad Urbana Para la Sostenibilidad (ASIMUS)<\/strong><br \/>\n<strong>junto con FIU organizaron el pasado d\u00eda 29 de febrero:<\/strong><\/p>\n<p><em>VIDEOCONFERENCIA (visualizar)<\/em><\/p>\n<p><strong>Metros o BRTs? Del transporte p\u00fablico a la construcci\u00f3n de ciudad. El caso de Bogot\u00e1<\/strong><\/p>\n<p><strong>C\u00c9SAR AUGUSTO RU\u00cdZ <\/strong><br \/>\n<strong><br \/>\n<em>Ingeniero Civil, Master y Doctor en Econom\u00eda de la Universidad Nacional de Colombia,<\/em> <em>Posgrado en Planificaci\u00f3n Regional de la Universidad de los Andes (Bogot\u00e1, Colombia).<\/em><\/strong><\/p>\n<p style=\"text-align: left;\"><a href=\"http:\/\/aetu.dyd.es\/newslink\/183996\/221.html\">M\u00e1s informaci\u00f3n<\/a><\/p>\n<hr \/>\n<p style=\"text-align: center;\"><strong>Formaci\u00f3n de Posgrado a distancia en Ciudad y Urbanismo por la UOC<\/strong><\/p>\n<p style=\"text-align: center;\"><strong>Ciudades conectadas, abiertas y colaborativas: ciudades m\u00e1s inteligentes<\/strong><\/p>\n<p>La Universitat Oberta de Catalunya (UOC) ha abierto las postulaciones para sus programas de formaci\u00f3n a distancia de Ciudad y Urbanismo. Toda la informaci\u00f3n a continuaci\u00f3n:<\/p>\n<p><a href=\"http:\/\/aetu.dyd.es\/newslink\/183996\/223.html\" target=\"_blank\">M\u00e1s informaci\u00f3n<\/a><\/p>\n","protected":false},"excerpt":{"rendered":"<p>HABITAT junto con el Ayuntamiento de Barcelona promueven para los d\u00edas 4 y 5 de abril un Thematic Meeting (Habitat III) sobre el tema del ESPACIO P\u00daBLICO. DERECHO A LA CIUDAD. FIU\u00a0est\u00e1 directamente involucrado en el montaje de este evento formando parte del Comit\u00e9 de Direcci\u00f3n. M\u00e1s informaci\u00f3n La Asociaci\u00f3n Iberoamericana de Movilidad Urbana Para &hellip; <\/p>\n<p><a class=\"more-link btn\" href=\"https:\/\/cebem.org\/?p=512\">Seguir leyendo<\/a><\/p>\n","protected":false},"author":2,"featured_media":513,"comment_status":"closed","ping_status":"closed","sticky":false,"template":"","format":"standard","meta":{"_jetpack_memberships_contains_paid_content":false,"footnotes":"","jetpack_publicize_message":"","jetpack_publicize_feature_enabled":true,"jetpack_social_post_already_shared":true,"jetpack_social_options":{"image_generator_settings":{"template":"highway","default_image_id":0,"font":"","enabled":false},"version":2}},"categories":[7],"tags":[17],"class_list":["post-512","post","type-post","status-publish","format-standard","has-post-thumbnail","hentry","category-otras-publicaciones","tag-boletin","item-wrap"],"jetpack_publicize_connections":[],"jetpack_featured_media_url":"https:\/\/i0.wp.com\/cebem.org\/wp-content\/uploads\/2016\/03\/FIU_LOGO.jpg?fit=800%2C870&ssl=1","jetpack_sharing_enabled":true,"_links":{"self":[{"href":"https:\/\/cebem.org\/index.php?rest_route=\/wp\/v2\/posts\/512","targetHints":{"allow":["GET"]}}],"collection":[{"href":"https:\/\/cebem.org\/index.php?rest_route=\/wp\/v2\/posts"}],"about":[{"href":"https:\/\/cebem.org\/index.php?rest_route=\/wp\/v2\/types\/post"}],"author":[{"embeddable":true,"href":"https:\/\/cebem.org\/index.php?rest_route=\/wp\/v2\/users\/2"}],"replies":[{"embeddable":true,"href":"https:\/\/cebem.org\/index.php?rest_route=%2Fwp%2Fv2%2Fcomments&post=512"}],"version-history":[{"count":1,"href":"https:\/\/cebem.org\/index.php?rest_route=\/wp\/v2\/posts\/512\/revisions"}],"predecessor-version":[{"id":514,"href":"https:\/\/cebem.org\/index.php?rest_route=\/wp\/v2\/posts\/512\/revisions\/514"}],"wp:featuredmedia":[{"embeddable":true,"href":"https:\/\/cebem.org\/index.php?rest_route=\/wp\/v2\/media\/513"}],"wp:attachment":[{"href":"https:\/\/cebem.org\/index.php?rest_route=%2Fwp%2Fv2%2Fmedia&parent=512"}],"wp:term":[{"taxonomy":"category","embeddable":true,"href":"https:\/\/cebem.org\/index.php?rest_route=%2Fwp%2Fv2%2Fcategories&post=512"},{"taxonomy":"post_tag","embeddable":true,"href":"https:\/\/cebem.org\/index.php?rest_route=%2Fwp%2Fv2%2Ftags&post=512"}],"curies":[{"name":"wp","href":"https:\/\/api.w.org\/{rel}","templated":true}]}}