
{"id":5036,"date":"2019-04-05T15:00:11","date_gmt":"2019-04-05T19:00:11","guid":{"rendered":"http:\/\/cebem.org\/?p=5036"},"modified":"2019-04-01T14:48:20","modified_gmt":"2019-04-01T18:48:20","slug":"el-corredor-biologico-en-fauba","status":"publish","type":"post","link":"https:\/\/cebem.org\/?p=5036","title":{"rendered":"El corredor biol\u00f3gico en FAUBA, Buenos Aires"},"content":{"rendered":"\n<div class=\"wp-block-image\"><figure class=\"aligncenter\"><img data-recalc-dims=\"1\" fetchpriority=\"high\" decoding=\"async\" width=\"750\" height=\"422\" src=\"https:\/\/i0.wp.com\/cebem.org\/wp-content\/uploads\/2019\/04\/corredor-1024x576.png?resize=750%2C422\" alt=\"\" class=\"wp-image-5037\" srcset=\"https:\/\/i0.wp.com\/cebem.org\/wp-content\/uploads\/2019\/04\/corredor.png?resize=1024%2C576&amp;ssl=1 1024w, https:\/\/i0.wp.com\/cebem.org\/wp-content\/uploads\/2019\/04\/corredor.png?resize=300%2C169&amp;ssl=1 300w, https:\/\/i0.wp.com\/cebem.org\/wp-content\/uploads\/2019\/04\/corredor.png?resize=768%2C432&amp;ssl=1 768w, https:\/\/i0.wp.com\/cebem.org\/wp-content\/uploads\/2019\/04\/corredor.png?resize=600%2C338&amp;ssl=1 600w, https:\/\/i0.wp.com\/cebem.org\/wp-content\/uploads\/2019\/04\/corredor.png?w=1920&amp;ssl=1 1920w, https:\/\/i0.wp.com\/cebem.org\/wp-content\/uploads\/2019\/04\/corredor.png?w=1500&amp;ssl=1 1500w\" sizes=\"(max-width: 750px) 100vw, 750px\" \/><\/figure><\/div>\n\n\n\n<p>Estudiantes y graduados de la carrera de Jardiner\u00eda de la Facultad de Agronom\u00eda &#8211; <a rel=\"noreferrer noopener\" aria-label=\"FAUBA (opens in a new tab)\" href=\"https:\/\/www.agro.uba.ar\/carreras\/jardineria\" target=\"_blank\">FAUBA<\/a> de Buenos Aires junto al grupo \u00abNativas\u00bb y \u00abEl Renacer de la Laguna FVET UBA\u00bb, propusieron la intervenci\u00f3n del predio de la Facultad de Agronom\u00eda con <strong>plantas nativas<\/strong> de las eco-regiones bonaerenses para consolidar el <strong>corredor biol\u00f3gico<\/strong> rioplatense, generando m\u00f3dulos de plantaci\u00f3n que enriquezcan el espacio orientados bajo los conceptos de jardines naturalistas y de comunidades, creando asociaciones entre plantas hospederas, nutricias y ornamentales que tienen relaciones con diversa fauna, cooperando as\u00ed con el equilibrio ambiental.<\/p>\n\n\n\n<p class=\"has-medium-font-size\"><strong><a rel=\"noreferrer noopener\" aria-label=\"Mir\u00e1 la nota (opens in a new tab)\" href=\"https:\/\/www.agro.uba.ar\/noticias\/actualidad-news\/el-corredor-biologico-en-fauba\" target=\"_blank\">Lee la nota<\/a> <\/strong><\/p>\n","protected":false},"excerpt":{"rendered":"<p>Estudiantes y graduados de la carrera de Jardiner\u00eda de la Facultad de Agronom\u00eda &#8211; FAUBA de Buenos Aires junto al grupo \u00abNativas\u00bb y \u00abEl Renacer de la Laguna FVET UBA\u00bb, propusieron la intervenci\u00f3n del predio de la Facultad de Agronom\u00eda con plantas nativas de las eco-regiones bonaerenses para consolidar el corredor biol\u00f3gico rioplatense, generando m\u00f3dulos &hellip; <\/p>\n<p><a class=\"more-link btn\" href=\"https:\/\/cebem.org\/?p=5036\">Seguir leyendo<\/a><\/p>\n","protected":false},"author":7,"featured_media":5037,"comment_status":"closed","ping_status":"closed","sticky":false,"template":"","format":"standard","meta":{"_jetpack_memberships_contains_paid_content":false,"footnotes":"","jetpack_publicize_message":"","jetpack_publicize_feature_enabled":true,"jetpack_social_post_already_shared":true,"jetpack_social_options":{"image_generator_settings":{"template":"highway","default_image_id":0,"font":"","enabled":false},"version":2}},"categories":[1],"tags":[333,347,320,348],"class_list":["post-5036","post","type-post","status-publish","format-standard","has-post-thumbnail","hentry","category-noticias","tag-boletin-4-abril-2019","tag-corredor-biologico","tag-fauba","tag-plantas-nativa","item-wrap"],"jetpack_publicize_connections":[],"jetpack_featured_media_url":"https:\/\/i0.wp.com\/cebem.org\/wp-content\/uploads\/2019\/04\/corredor.png?fit=1920%2C1080&ssl=1","jetpack_sharing_enabled":true,"_links":{"self":[{"href":"https:\/\/cebem.org\/index.php?rest_route=\/wp\/v2\/posts\/5036","targetHints":{"allow":["GET"]}}],"collection":[{"href":"https:\/\/cebem.org\/index.php?rest_route=\/wp\/v2\/posts"}],"about":[{"href":"https:\/\/cebem.org\/index.php?rest_route=\/wp\/v2\/types\/post"}],"author":[{"embeddable":true,"href":"https:\/\/cebem.org\/index.php?rest_route=\/wp\/v2\/users\/7"}],"replies":[{"embeddable":true,"href":"https:\/\/cebem.org\/index.php?rest_route=%2Fwp%2Fv2%2Fcomments&post=5036"}],"version-history":[{"count":3,"href":"https:\/\/cebem.org\/index.php?rest_route=\/wp\/v2\/posts\/5036\/revisions"}],"predecessor-version":[{"id":5040,"href":"https:\/\/cebem.org\/index.php?rest_route=\/wp\/v2\/posts\/5036\/revisions\/5040"}],"wp:featuredmedia":[{"embeddable":true,"href":"https:\/\/cebem.org\/index.php?rest_route=\/wp\/v2\/media\/5037"}],"wp:attachment":[{"href":"https:\/\/cebem.org\/index.php?rest_route=%2Fwp%2Fv2%2Fmedia&parent=5036"}],"wp:term":[{"taxonomy":"category","embeddable":true,"href":"https:\/\/cebem.org\/index.php?rest_route=%2Fwp%2Fv2%2Fcategories&post=5036"},{"taxonomy":"post_tag","embeddable":true,"href":"https:\/\/cebem.org\/index.php?rest_route=%2Fwp%2Fv2%2Ftags&post=5036"}],"curies":[{"name":"wp","href":"https:\/\/api.w.org\/{rel}","templated":true}]}}