
{"id":4980,"date":"2019-03-29T15:00:14","date_gmt":"2019-03-29T19:00:14","guid":{"rendered":"http:\/\/cebem.org\/?p=4980"},"modified":"2019-03-28T10:46:27","modified_gmt":"2019-03-28T14:46:27","slug":"entre-la-buena-vecindad-y-la-rigida-institucionalidad-transfronteriza-de-arica-chile-en-relacion-a-tacna-peru","status":"publish","type":"post","link":"https:\/\/cebem.org\/?p=4980","title":{"rendered":"Entre la \u00abbuena vecindad\u00bb y la r\u00edgida institucionalidad transfronteriza de Arica (Chile) en relaci\u00f3n a Tacna (Per\u00fa)"},"content":{"rendered":"\n<div class=\"wp-block-image\"><figure class=\"aligncenter is-resized\"><img data-recalc-dims=\"1\" fetchpriority=\"high\" decoding=\"async\" src=\"https:\/\/i0.wp.com\/cebem.org\/wp-content\/uploads\/2019\/03\/frontera.jpg?resize=258%2C195\" alt=\"\" class=\"wp-image-4987\" width=\"258\" height=\"195\"\/><\/figure><\/div>\n\n\n\n<p>Academia.edu presenta una nueva publicaci\u00f3n titulada <strong>\u00abLa vuelta de todo eso. Econom\u00eda y sociedad en la frontera chileno\/peruana: el complejo urbano transfronterizo Tacna\/Arica\u00bb<\/strong> de Haroldo Dilla Alfonso<br>y Camila<a href=\"https:\/\/unap.academia.edu\/Camila%C3%81lvarezT\"> <\/a>\u00c1lvarez Torres.<\/p>\n\n\n\n<p>El objetivo de este art\u00edculo es analizar los circuitos econ\u00f3micos que conforman el complejo urbano transfronterizo Arica-Tacna (Chile-Per\u00fa). Se apoya en una investigaci\u00f3n cualitativa realizada en la zona que implic\u00f3 entrevistas, observaciones y revisiones documentales. Sus conclusiones indican que se trata de una regi\u00f3n transfronteriza muy intensa, pero acotada al \u00e1mbito local. Sus intercambios m\u00e1s significativos de mercanc\u00edas ocurren en la informalidad y se canalizan a trav\u00e9s de millones de cruces de personas en ambas direcciones. Se trata de un intercambio desigual favorable a la ciudad chilena.<br><\/p>\n\n\n\n<p>Academia.edu es una plataforma para que acad\u00e9micos compartan trabajos de investigaci\u00f3n. La misi\u00f3n de la empresa es acelerar la investigaci\u00f3n mundial.<\/p>\n\n\n\n<p class=\"has-medium-font-size\"><a href=\"http:\/\/cebem.org\/wp-content\/uploads\/2019\/03\/Entre_la_buena_vecindad_y_la_rigida_inst.pdf\" target=\"_blank\" rel=\"noreferrer noopener\" aria-label=\"Descarga aqu\u00ed el PDF (opens in a new tab)\">Descarga aqu\u00ed el PDF<\/a><\/p>\n\n\n\n<p class=\"has-medium-font-size\"> <a href=\"https:\/\/www.academia.edu\/\" target=\"_blank\" rel=\"noreferrer noopener\" aria-label=\"\u00danete a Academia (opens in a new tab)\">\u00danete a Academia<\/a><\/p>\n","protected":false},"excerpt":{"rendered":"<p>Academia.edu presenta una nueva publicaci\u00f3n titulada \u00abLa vuelta de todo eso. Econom\u00eda y sociedad en la frontera chileno\/peruana: el complejo urbano transfronterizo Tacna\/Arica\u00bb de Haroldo Dilla Alfonsoy Camila \u00c1lvarez Torres. El objetivo de este art\u00edculo es analizar los circuitos econ\u00f3micos que conforman el complejo urbano transfronterizo Arica-Tacna (Chile-Per\u00fa). Se apoya en una investigaci\u00f3n cualitativa realizada &hellip; <\/p>\n<p><a class=\"more-link btn\" href=\"https:\/\/cebem.org\/?p=4980\">Seguir leyendo<\/a><\/p>\n","protected":false},"author":7,"featured_media":4987,"comment_status":"closed","ping_status":"closed","sticky":false,"template":"","format":"standard","meta":{"_jetpack_memberships_contains_paid_content":false,"footnotes":"","jetpack_publicize_message":"Entre la \u00abbuena vecindad\u00bb y la r\u00edgida institucionalidad transfronteriza de Arica (Chile) en relaci\u00f3n a Tacna (Per\u00fa)","jetpack_publicize_feature_enabled":true,"jetpack_social_post_already_shared":true,"jetpack_social_options":{"image_generator_settings":{"template":"highway","default_image_id":0,"font":"","enabled":false},"version":2}},"categories":[7],"tags":[332,333,226],"class_list":["post-4980","post","type-post","status-publish","format-standard","has-post-thumbnail","hentry","category-otras-publicaciones","tag-academia","tag-boletin-4-abril-2019","tag-fronteras","item-wrap"],"jetpack_publicize_connections":[],"jetpack_featured_media_url":"https:\/\/i0.wp.com\/cebem.org\/wp-content\/uploads\/2019\/03\/frontera.jpg?fit=258%2C195&ssl=1","jetpack_sharing_enabled":true,"_links":{"self":[{"href":"https:\/\/cebem.org\/index.php?rest_route=\/wp\/v2\/posts\/4980","targetHints":{"allow":["GET"]}}],"collection":[{"href":"https:\/\/cebem.org\/index.php?rest_route=\/wp\/v2\/posts"}],"about":[{"href":"https:\/\/cebem.org\/index.php?rest_route=\/wp\/v2\/types\/post"}],"author":[{"embeddable":true,"href":"https:\/\/cebem.org\/index.php?rest_route=\/wp\/v2\/users\/7"}],"replies":[{"embeddable":true,"href":"https:\/\/cebem.org\/index.php?rest_route=%2Fwp%2Fv2%2Fcomments&post=4980"}],"version-history":[{"count":4,"href":"https:\/\/cebem.org\/index.php?rest_route=\/wp\/v2\/posts\/4980\/revisions"}],"predecessor-version":[{"id":4996,"href":"https:\/\/cebem.org\/index.php?rest_route=\/wp\/v2\/posts\/4980\/revisions\/4996"}],"wp:featuredmedia":[{"embeddable":true,"href":"https:\/\/cebem.org\/index.php?rest_route=\/wp\/v2\/media\/4987"}],"wp:attachment":[{"href":"https:\/\/cebem.org\/index.php?rest_route=%2Fwp%2Fv2%2Fmedia&parent=4980"}],"wp:term":[{"taxonomy":"category","embeddable":true,"href":"https:\/\/cebem.org\/index.php?rest_route=%2Fwp%2Fv2%2Fcategories&post=4980"},{"taxonomy":"post_tag","embeddable":true,"href":"https:\/\/cebem.org\/index.php?rest_route=%2Fwp%2Fv2%2Ftags&post=4980"}],"curies":[{"name":"wp","href":"https:\/\/api.w.org\/{rel}","templated":true}]}}