
{"id":492,"date":"2016-03-31T11:34:18","date_gmt":"2016-03-31T15:34:18","guid":{"rendered":"http:\/\/cebem.org\/?p=492"},"modified":"2016-03-31T11:34:18","modified_gmt":"2016-03-31T15:34:18","slug":"ade-anuncia-la-apertura-del-programa-dec-2016","status":"publish","type":"post","link":"https:\/\/cebem.org\/?p=492","title":{"rendered":"ADE anuncia la apertura del Programa DEC 2016"},"content":{"rendered":"<p><strong>La Asociaci\u00f3n Dirigentes de Empresa ADE anuncia la apertura del Programa DEC, el mismo dar\u00e1 inici\u00f3 jueves el 14 de abril de 2016.<\/strong><\/p>\n<p><strong>AGENDA DEL PROGRAMA<\/strong><\/p>\n<p>Inicio: abril de 2016.<\/p>\n<p>22 reuniones semanales, los Jueves de 18.30 a 20.30 hs. m\u00e1s tres Workshops, donde se har\u00e1n simulaciones din\u00e1micas, sobre reuniones de Directorio, resoluci\u00f3n de casos concretos y Media Coaching (en estudio de televisi\u00f3n).<\/p>\n<p><strong>Sobre el programa<\/strong><\/p>\n<p>El Programa DEC tiene como objetivo certificar las habilidades para Desempe\u00f1arse profesionalmente como Director de una sociedad.<\/p>\n<p>Es una certificaci\u00f3n \u00fanica ya que, por un lado, es un t\u00edtulo otorgado por ADE, es decir una habilitaci\u00f3n profesional dada por los propios pares y, por el otro, cuenta con el aval de la Universidad de Ciencias Empresariales y Sociales (UCES) en los t\u00f3picos puramente acad\u00e9micos.<\/p>\n<p>El Programa DEC se orienta a un amplio p\u00fablico: Directores en ejercicio, Gerentes con perspectivas de integrar un Directorio y Directivos de empresas familiares.<\/p>\n<p>Al finalizar la capacitaci\u00f3n, sus participantes conocer\u00e1n sus riesgos y responsabilidades, las mejores pr\u00e1cticas locales e internacionales en gobernanza empresarial, las nuevas habilidades para desempe\u00f1arse en un Directorio y los principales aspectos vinculados con la evaluaci\u00f3n y remuneraci\u00f3n de los Directores.<\/p>\n<p>El Cuerpo Docente \u2013m\u00e1s de 20 profesores- est\u00e1 integrado por presidentes y miembros de Directorio de empresas de primera l\u00ednea, as\u00ed como empresarios exitosos y acad\u00e9micos reconocidos.<\/p>\n<p><strong>Informes, inscripci\u00f3n y cursado<\/strong>: Paraguay 1338 4\u00b0 Piso, Ciudad de Buenos Aires. Tel.: 4811-6735 \/ 6987 \/ 9885<\/p>\n<p><a href=\"http:\/\/www.programadec.com.ar\" target=\"_blank\">http:\/\/www.programadec.com.ar<\/a> \u25cf <a href=\"mailto:info@programadec.com.ar\">info@programadec.com.ar<\/a><\/p>\n","protected":false},"excerpt":{"rendered":"<p>La Asociaci\u00f3n Dirigentes de Empresa ADE anuncia la apertura del Programa DEC, el mismo dar\u00e1 inici\u00f3 jueves el 14 de abril de 2016. AGENDA DEL PROGRAMA Inicio: abril de 2016. 22 reuniones semanales, los Jueves de 18.30 a 20.30 hs. m\u00e1s tres Workshops, donde se har\u00e1n simulaciones din\u00e1micas, sobre reuniones de Directorio, resoluci\u00f3n de casos &hellip; <\/p>\n<p><a class=\"more-link btn\" href=\"https:\/\/cebem.org\/?p=492\">Seguir leyendo<\/a><\/p>\n","protected":false},"author":2,"featured_media":493,"comment_status":"closed","ping_status":"closed","sticky":false,"template":"","format":"standard","meta":{"_jetpack_memberships_contains_paid_content":false,"footnotes":"","jetpack_publicize_message":"","jetpack_publicize_feature_enabled":true,"jetpack_social_post_already_shared":true,"jetpack_social_options":{"image_generator_settings":{"template":"highway","default_image_id":0,"font":"","enabled":false},"version":2}},"categories":[10],"tags":[],"class_list":["post-492","post","type-post","status-publish","format-standard","has-post-thumbnail","hentry","category-otros-cursos","item-wrap"],"jetpack_publicize_connections":[],"jetpack_featured_media_url":"https:\/\/i0.wp.com\/cebem.org\/wp-content\/uploads\/2016\/03\/destacado.jpg?fit=800%2C365&ssl=1","jetpack_sharing_enabled":true,"_links":{"self":[{"href":"https:\/\/cebem.org\/index.php?rest_route=\/wp\/v2\/posts\/492","targetHints":{"allow":["GET"]}}],"collection":[{"href":"https:\/\/cebem.org\/index.php?rest_route=\/wp\/v2\/posts"}],"about":[{"href":"https:\/\/cebem.org\/index.php?rest_route=\/wp\/v2\/types\/post"}],"author":[{"embeddable":true,"href":"https:\/\/cebem.org\/index.php?rest_route=\/wp\/v2\/users\/2"}],"replies":[{"embeddable":true,"href":"https:\/\/cebem.org\/index.php?rest_route=%2Fwp%2Fv2%2Fcomments&post=492"}],"version-history":[{"count":1,"href":"https:\/\/cebem.org\/index.php?rest_route=\/wp\/v2\/posts\/492\/revisions"}],"predecessor-version":[{"id":494,"href":"https:\/\/cebem.org\/index.php?rest_route=\/wp\/v2\/posts\/492\/revisions\/494"}],"wp:featuredmedia":[{"embeddable":true,"href":"https:\/\/cebem.org\/index.php?rest_route=\/wp\/v2\/media\/493"}],"wp:attachment":[{"href":"https:\/\/cebem.org\/index.php?rest_route=%2Fwp%2Fv2%2Fmedia&parent=492"}],"wp:term":[{"taxonomy":"category","embeddable":true,"href":"https:\/\/cebem.org\/index.php?rest_route=%2Fwp%2Fv2%2Fcategories&post=492"},{"taxonomy":"post_tag","embeddable":true,"href":"https:\/\/cebem.org\/index.php?rest_route=%2Fwp%2Fv2%2Ftags&post=492"}],"curies":[{"name":"wp","href":"https:\/\/api.w.org\/{rel}","templated":true}]}}