
{"id":4914,"date":"2019-03-18T11:00:08","date_gmt":"2019-03-18T15:00:08","guid":{"rendered":"http:\/\/cebem.org\/?p=4914"},"modified":"2019-03-18T10:20:45","modified_gmt":"2019-03-18T14:20:45","slug":"curso-haciendo-a-las-ciudades-andinas-mas-verdes-en-tiempos-del-cambio-climatico","status":"publish","type":"post","link":"https:\/\/cebem.org\/?p=4914","title":{"rendered":"Curso: haciendo a las Ciudades Andinas m\u00e1s \u201cverdes\u201d en tiempos del Cambio Clim\u00e1tico"},"content":{"rendered":"\n<div class=\"wp-block-image\"><figure class=\"aligncenter is-resized\"><img data-recalc-dims=\"1\" fetchpriority=\"high\" decoding=\"async\" src=\"https:\/\/i0.wp.com\/cebem.org\/wp-content\/uploads\/2019\/03\/alex-holyoake-113856-unsplash.jpg?resize=488%2C325\" alt=\"\" class=\"wp-image-4916\" width=\"488\" height=\"325\" srcset=\"https:\/\/i0.wp.com\/cebem.org\/wp-content\/uploads\/2019\/03\/alex-holyoake-113856-unsplash.jpg?w=1000&amp;ssl=1 1000w, https:\/\/i0.wp.com\/cebem.org\/wp-content\/uploads\/2019\/03\/alex-holyoake-113856-unsplash.jpg?resize=300%2C200&amp;ssl=1 300w, https:\/\/i0.wp.com\/cebem.org\/wp-content\/uploads\/2019\/03\/alex-holyoake-113856-unsplash.jpg?resize=768%2C511&amp;ssl=1 768w, https:\/\/i0.wp.com\/cebem.org\/wp-content\/uploads\/2019\/03\/alex-holyoake-113856-unsplash.jpg?resize=600%2C400&amp;ssl=1 600w\" sizes=\"(max-width: 488px) 100vw, 488px\" \/><\/figure><\/div>\n\n\n\n<p>El <strong>I<a rel=\"noreferrer noopener\" aria-label=\"nstituto de Vivienda y Estudios Urbanos (IHS) (opens in a new tab)\" href=\"https:\/\/www.ihs.nl\/en\/ihs-spanish\" target=\"_blank\">nstituto de Vivienda y Estudios Urbanos <\/a><\/strong><a rel=\"noreferrer noopener\" aria-label=\"nstituto de Vivienda y Estudios Urbanos (IHS) (opens in a new tab)\" href=\"https:\/\/www.ihs.nl\/en\/ihs-spanish\" target=\"_blank\">(IHS)<\/a> de la Erasmus University of Rotterdam, Holanda presenta el curso de refrescamiento en La Paz, Bolivia: \u00ab<strong>Haciendo a las Ciudades Andinas m\u00e1s \u201cverdes\u201d en tiempos del Cambio Clim\u00e1tico<\/strong>\u00ab. El curso est\u00e1 concebido para <strong>25 participantes<\/strong> ex alumnos becarios de pa\u00edses de Sud Am\u00e9rica. Todos ellos, una vez pasado el proceso de selecci\u00f3n, contar\u00e1n con una <strong>beca total<\/strong> (pasajes a\u00e9reos, hotel, alimentaci\u00f3n, etc) patrocinada por el Gobierno Holand\u00e9s.<\/p>\n\n\n\n<p><strong>P\u00fablico\nobjetivo:<\/strong><\/p>\n\n\n\n<p>Este curso est\u00e1 dirigido a ex alumnos del Programa de conocimientos Orange (OKP) \/ Programa de becas de Holanda (NFP) de Bolivia y pa\u00edses vecinos de OKP \/ NFP. <strong>Hasta cierto punto, los alumnos pueden invitar a colegas laborales, si est\u00e1n bien motivados<\/strong>. Este curso est\u00e1 dirigido para alumnos cuya pr\u00e1ctica actual est\u00e1 relacionada con el tema del curso. Se recomienda encarecidamente la participaci\u00f3n femenina. Los participantes ser\u00e1n elegidos en funci\u00f3n de sus antecedentes profesionales relevantes, fuerte motivaci\u00f3n y alto potencial de impacto en el desarrollo prolongado de la capacitaci\u00f3n.<\/p>\n\n\n\n<p><strong>Objetivos:<\/strong><\/p>\n\n\n\n<p>Al final del curso, los participantes deber\u00e1n poder:<br>Mejorar, comprender, analizar y evaluar las vulnerabilidades y los impactos causados \u200b\u200bpor los extremos del agua en el funcionamiento de los tres sectores, proponiendo estrategias y acciones \u201cverdes\u201d para ayudar a dos ciudades seleccionadas (una en Bolivia y una en Per\u00fa, pero aplicable a otras ciudades de la sub regi\u00f3n andina) haciendo frente a los extremos del agua agravados por el Cambio Clim\u00e1tico.<\/p>\n\n\n\n<p>\u2022 Sub objetivo 1: Identificar y\nevaluar los impactos causados \u200b\u200bpor los extremos del agua.<\/p>\n\n\n\n<p>\u2022 Sub objetivo 2: Identificar,\ndescribir y priorizar las principales vulnerabilidades de estos 3 sectores.<\/p>\n\n\n\n<p>\u2022 Sub objetivo 3: Aplicar herramientas de \u201cciudad verde\u201d y desarrollar un plan de acci\u00f3n de \u201cciudad verde\u201d utilizando la nueva metodolog\u00eda desarrollada por IHS para definir estrategias y acciones verdes para reducir las vulnerabilidades identificadas<a rel=\"noreferrer noopener\" href=\"https:\/\/www.ihs.nl\/en\/resources\/alumni\/refresher-courses\/bolivia\" target=\"_blank\">.<\/a><\/p>\n\n\n\n<p class=\"has-medium-font-size\"><a rel=\"noreferrer noopener\" aria-label=\" (opens in a new tab)\" href=\"http:\/\/cebem.org\/wp-content\/uploads\/2019\/03\/Descripci\u00f3n-Curso-IHS-junio-2019-LP-BOL.docx\" target=\"_blank\">Para mas informaci\u00f3n<\/a><\/p>\n\n\n\n<p class=\"has-medium-font-size\"><a rel=\"noreferrer noopener\" href=\"https:\/\/www.ihs.nl\/en\/resources\/alumni\/refresher-courses\/bolivia\" target=\"_blank\">Link para aplicar<\/a><\/p>\n\n\n\n<p><\/p>\n","protected":false},"excerpt":{"rendered":"<p>El Instituto de Vivienda y Estudios Urbanos (IHS) de Rotterdam, presenta el curso \u00abHaciendo a las Ciudades Andinas m\u00e1s \u201cverdes\u201d en tiempos del Cambio Clim\u00e1tico\u00bb para 25 participantes ex alumnos <\/p>\n","protected":false},"author":7,"featured_media":4916,"comment_status":"closed","ping_status":"closed","sticky":false,"template":"","format":"standard","meta":{"_jetpack_memberships_contains_paid_content":false,"footnotes":"","jetpack_publicize_message":"El IHS de @erasmusuni presenta el curso de refrescamiento: \"Haciendo a las Ciudades Andinas m\u00e1s \u201cverdes\u201d en tiempos del #CambioClim\u00e1tico\". Becas totales para ex alumnos seleccionados.","jetpack_publicize_feature_enabled":true,"jetpack_social_post_already_shared":true,"jetpack_social_options":{"image_generator_settings":{"template":"highway","default_image_id":0,"font":"","enabled":false},"version":2}},"categories":[10],"tags":[307,60,264,38],"class_list":["post-4914","post","type-post","status-publish","format-standard","has-post-thumbnail","hentry","category-otros-cursos","tag-boletin-3-marzo-2019","tag-cambio-climatico","tag-ciudades","tag-curso","item-wrap"],"jetpack_publicize_connections":[],"jetpack_featured_media_url":"https:\/\/i0.wp.com\/cebem.org\/wp-content\/uploads\/2019\/03\/alex-holyoake-113856-unsplash.jpg?fit=1000%2C666&ssl=1","jetpack_sharing_enabled":true,"_links":{"self":[{"href":"https:\/\/cebem.org\/index.php?rest_route=\/wp\/v2\/posts\/4914","targetHints":{"allow":["GET"]}}],"collection":[{"href":"https:\/\/cebem.org\/index.php?rest_route=\/wp\/v2\/posts"}],"about":[{"href":"https:\/\/cebem.org\/index.php?rest_route=\/wp\/v2\/types\/post"}],"author":[{"embeddable":true,"href":"https:\/\/cebem.org\/index.php?rest_route=\/wp\/v2\/users\/7"}],"replies":[{"embeddable":true,"href":"https:\/\/cebem.org\/index.php?rest_route=%2Fwp%2Fv2%2Fcomments&post=4914"}],"version-history":[{"count":3,"href":"https:\/\/cebem.org\/index.php?rest_route=\/wp\/v2\/posts\/4914\/revisions"}],"predecessor-version":[{"id":4920,"href":"https:\/\/cebem.org\/index.php?rest_route=\/wp\/v2\/posts\/4914\/revisions\/4920"}],"wp:featuredmedia":[{"embeddable":true,"href":"https:\/\/cebem.org\/index.php?rest_route=\/wp\/v2\/media\/4916"}],"wp:attachment":[{"href":"https:\/\/cebem.org\/index.php?rest_route=%2Fwp%2Fv2%2Fmedia&parent=4914"}],"wp:term":[{"taxonomy":"category","embeddable":true,"href":"https:\/\/cebem.org\/index.php?rest_route=%2Fwp%2Fv2%2Fcategories&post=4914"},{"taxonomy":"post_tag","embeddable":true,"href":"https:\/\/cebem.org\/index.php?rest_route=%2Fwp%2Fv2%2Ftags&post=4914"}],"curies":[{"name":"wp","href":"https:\/\/api.w.org\/{rel}","templated":true}]}}