
{"id":4855,"date":"2019-03-11T16:00:23","date_gmt":"2019-03-11T20:00:23","guid":{"rendered":"http:\/\/cebem.org\/?p=4855"},"modified":"2019-03-11T10:37:49","modified_gmt":"2019-03-11T14:37:49","slug":"politicas-publicas-locales-con-perspectiva-de-genero-un-enfoque-desde-la-praxis-webinar","status":"publish","type":"post","link":"https:\/\/cebem.org\/?p=4855","title":{"rendered":"Pol\u00edticas p\u00fablicas locales con perspectiva de g\u00e9nero: un enfoque desde la praxis (Webinar)"},"content":{"rendered":"\n<div class=\"wp-block-image\"><figure class=\"aligncenter\"><img data-recalc-dims=\"1\" fetchpriority=\"high\" decoding=\"async\" width=\"750\" height=\"750\" src=\"https:\/\/i0.wp.com\/cebem.org\/wp-content\/uploads\/2019\/03\/empoderamiento.png?resize=750%2C750\" alt=\"\" class=\"wp-image-4857\" srcset=\"https:\/\/i0.wp.com\/cebem.org\/wp-content\/uploads\/2019\/03\/empoderamiento.png?w=1000&amp;ssl=1 1000w, https:\/\/i0.wp.com\/cebem.org\/wp-content\/uploads\/2019\/03\/empoderamiento.png?resize=150%2C150&amp;ssl=1 150w, https:\/\/i0.wp.com\/cebem.org\/wp-content\/uploads\/2019\/03\/empoderamiento.png?resize=300%2C300&amp;ssl=1 300w, https:\/\/i0.wp.com\/cebem.org\/wp-content\/uploads\/2019\/03\/empoderamiento.png?resize=768%2C768&amp;ssl=1 768w, https:\/\/i0.wp.com\/cebem.org\/wp-content\/uploads\/2019\/03\/empoderamiento.png?resize=600%2C600&amp;ssl=1 600w\" sizes=\"(max-width: 750px) 100vw, 750px\" \/><\/figure><\/div>\n\n\n\n<p style=\"text-align:center\"> <strong>14 de marzo de 2019\u00a0&#8211; 18:00\u00a0horas<\/strong> <\/p>\n\n\n\n<p>El pr\u00f3ximo jueves 14 de marzo se dar\u00e1 inicio al ciclo de videoconferencias <strong>\u201cClaves Feministas para Liderazgos Transformadores\u201d <\/strong>convocado por la <a rel=\"noreferrer noopener\" aria-label=\"Uni\u00f3n Iberoamericana de Municipalistas (opens in a new tab)\" href=\"https:\/\/www.uimunicipalistas.org\/\" target=\"_blank\">Uni\u00f3n Iberoamericana de Municipalistas<\/a> (UIM) en alianza con la Oficina Regional de <a href=\"http:\/\/lac.unwomen.org\/es\" target=\"_blank\" rel=\"noreferrer noopener\" aria-label=\"ONU Mujeres (opens in a new tab)\">ONU Mujeres<\/a> para Am\u00e9rica Latina y el Caribe.<\/p>\n\n\n\n<p>A trav\u00e9s de diferentes dicertaciones, voces expertas en materia de igualdad de g\u00e9nero de diferentes naciones de Iberoam\u00e9rica, tomar\u00e1n la palabra con el objetivo de <strong>fortalecer las capacidades para el ejercicio de la participaci\u00f3n pol\u00edtica de las mujeres<\/strong>, principalmente a nivel local\/municipal, a trav\u00e9s de estrategias de formaci\u00f3n, fortalecimiento de las agendas pol\u00edticas de las mujeres por medio de intercambios de experiencias nacionales e internacionales.<\/p>\n\n\n\n<p>La primera\nvideoconferencia ser\u00e1 compartida por la pol\u00edtica chilena, Carolina Toh\u00e1\nMorales, quien centrar\u00e1 su exposici\u00f3n en reflexionar sobre los obst\u00e1culos y\ndesaf\u00edo que enfrentan las mujeres en la esfera p\u00fablica y en su carrera\npol\u00edtica.<\/p>\n\n\n\n<p>La actividad en\nl\u00ednea, posibilitar\u00e1 el intercambio de reflexiones sobre la actualidad, realidad\ny desaf\u00edos de la gobernanza y de la implementaci\u00f3n de las pol\u00edticas p\u00fablicas\ncon enfoque de g\u00e9nero y de derechos de las mujeres en el contexto de Am\u00e9rica\nLatina.<\/p>\n\n\n\n<p>Revisa el horario de la conferencia en tu pa\u00eds <a href=\"https:\/\/mkt.uimunicipalistas.org\/lnk?c=51173&amp;t=253&amp;url=https:\/\/bit.ly\/2H3XllW\">AQU\u00cd <\/a><\/p>\n\n\n\n<p class=\"has-medium-font-size\"><a href=\"https:\/\/live.eventosuim.org\/politicas-publicas-locales-con-perspectiva-de-genero\/\" target=\"_blank\" rel=\"noreferrer noopener\" aria-label=\"Inscr\u00edbete (opens in a new tab)\">Inscr\u00edbete<\/a><\/p>\n","protected":false},"excerpt":{"rendered":"<p>14 de marzo de 2019\u00a0&#8211; 18:00\u00a0horas El pr\u00f3ximo jueves 14 de marzo se dar\u00e1 inicio al ciclo de videoconferencias \u201cClaves Feministas para Liderazgos Transformadores\u201d convocado por la Uni\u00f3n Iberoamericana de Municipalistas (UIM) en alianza con la Oficina Regional de ONU Mujeres para Am\u00e9rica Latina y el Caribe. A trav\u00e9s de diferentes dicertaciones, voces expertas en &hellip; <\/p>\n<p><a class=\"more-link btn\" href=\"https:\/\/cebem.org\/?p=4855\">Seguir leyendo<\/a><\/p>\n","protected":false},"author":7,"featured_media":4857,"comment_status":"closed","ping_status":"closed","sticky":false,"template":"","format":"standard","meta":{"_jetpack_memberships_contains_paid_content":false,"footnotes":"","jetpack_publicize_message":"Webinar @ONUMujeres @uimunicipalista: Pol\u00edticas p\u00fablicas locales con perspectiva de g\u00e9nero #empoderamientopolitico","jetpack_publicize_feature_enabled":true,"jetpack_social_post_already_shared":true,"jetpack_social_options":{"image_generator_settings":{"template":"highway","default_image_id":0,"font":"","enabled":false},"version":2}},"categories":[10],"tags":[307,312,43,313,311,203,147],"class_list":["post-4855","post","type-post","status-publish","format-standard","has-post-thumbnail","hentry","category-otros-cursos","tag-boletin-3-marzo-2019","tag-empoderamento","tag-genero","tag-onu-mujeres","tag-politicas-publicas-locales","tag-uim","tag-webinar","item-wrap"],"jetpack_publicize_connections":[],"jetpack_featured_media_url":"https:\/\/i0.wp.com\/cebem.org\/wp-content\/uploads\/2019\/03\/empoderamiento.png?fit=1000%2C1000&ssl=1","jetpack_sharing_enabled":true,"_links":{"self":[{"href":"https:\/\/cebem.org\/index.php?rest_route=\/wp\/v2\/posts\/4855","targetHints":{"allow":["GET"]}}],"collection":[{"href":"https:\/\/cebem.org\/index.php?rest_route=\/wp\/v2\/posts"}],"about":[{"href":"https:\/\/cebem.org\/index.php?rest_route=\/wp\/v2\/types\/post"}],"author":[{"embeddable":true,"href":"https:\/\/cebem.org\/index.php?rest_route=\/wp\/v2\/users\/7"}],"replies":[{"embeddable":true,"href":"https:\/\/cebem.org\/index.php?rest_route=%2Fwp%2Fv2%2Fcomments&post=4855"}],"version-history":[{"count":1,"href":"https:\/\/cebem.org\/index.php?rest_route=\/wp\/v2\/posts\/4855\/revisions"}],"predecessor-version":[{"id":4859,"href":"https:\/\/cebem.org\/index.php?rest_route=\/wp\/v2\/posts\/4855\/revisions\/4859"}],"wp:featuredmedia":[{"embeddable":true,"href":"https:\/\/cebem.org\/index.php?rest_route=\/wp\/v2\/media\/4857"}],"wp:attachment":[{"href":"https:\/\/cebem.org\/index.php?rest_route=%2Fwp%2Fv2%2Fmedia&parent=4855"}],"wp:term":[{"taxonomy":"category","embeddable":true,"href":"https:\/\/cebem.org\/index.php?rest_route=%2Fwp%2Fv2%2Fcategories&post=4855"},{"taxonomy":"post_tag","embeddable":true,"href":"https:\/\/cebem.org\/index.php?rest_route=%2Fwp%2Fv2%2Ftags&post=4855"}],"curies":[{"name":"wp","href":"https:\/\/api.w.org\/{rel}","templated":true}]}}