
{"id":4852,"date":"2019-03-12T16:00:50","date_gmt":"2019-03-12T20:00:50","guid":{"rendered":"http:\/\/cebem.org\/?p=4852"},"modified":"2019-03-27T11:08:52","modified_gmt":"2019-03-27T15:08:52","slug":"master-internacional-en-tecnologia-de-los-alimentos-edicion-lv","status":"publish","type":"post","link":"https:\/\/cebem.org\/?p=4852","title":{"rendered":"M\u00e1ster Internacional en Tecnolog\u00eda de los Alimentos Edici\u00f3n lV"},"content":{"rendered":"\n<div class=\"wp-block-image\"><figure class=\"aligncenter\"><img data-recalc-dims=\"1\" fetchpriority=\"high\" decoding=\"async\" width=\"679\" height=\"539\" src=\"https:\/\/i0.wp.com\/cebem.org\/wp-content\/uploads\/2019\/03\/master.jpg?resize=679%2C539\" alt=\"\" class=\"wp-image-4853\" srcset=\"https:\/\/i0.wp.com\/cebem.org\/wp-content\/uploads\/2019\/03\/master.jpg?w=679&amp;ssl=1 679w, https:\/\/i0.wp.com\/cebem.org\/wp-content\/uploads\/2019\/03\/master.jpg?resize=300%2C238&amp;ssl=1 300w, https:\/\/i0.wp.com\/cebem.org\/wp-content\/uploads\/2019\/03\/master.jpg?resize=600%2C476&amp;ssl=1 600w\" sizes=\"(max-width: 679px) 100vw, 679px\" \/><\/figure><\/div>\n\n\n\n<p style=\"text-align:center\">La<strong> <a rel=\"noreferrer noopener\" aria-label=\"Universit\u00e0 degli Studi di Parma&nbsp; (opens in a new tab)\" href=\"https:\/\/www.unipr.it\/\" target=\"_blank\">Universit\u00e0 degli Studi di Parma<\/a><\/strong><a rel=\"noreferrer noopener\" aria-label=\"Universit\u00e0 degli Studi di Parma&nbsp; (opens in a new tab)\" href=\"https:\/\/www.unipr.it\/\" target=\"_blank\">&nbsp;<\/a><strong>(Italia)<\/strong>&nbsp;en conjunto con<br> <strong><a href=\"https:\/\/www.agro.uba.ar\/\" target=\"_blank\" rel=\"noreferrer noopener\" aria-label=\"Facultad de Agronom\u00eda de la Universidad de Buenos Aires (opens in a new tab)\">Facultad de Agronom\u00eda de la Universidad de Buenos Aires<\/a>&nbsp;<\/strong><br>Presentan<br><strong>M\u00e1ster Internacional en Tecnolog\u00eda de los Alimentos<\/strong>&nbsp;<strong>Edici\u00f3n lV <\/strong><br>Modalidad Intensiva<strong>&nbsp;MITA&nbsp;Latinoam\u00e9rica<\/strong>&nbsp;<br>-Con el apoyo de<strong>&nbsp;elbahiense&nbsp;&#8211;<\/strong>&nbsp;Aditivos Alimentarios&nbsp;&nbsp;<\/p>\n\n\n\n<p>La&nbsp;<strong>Universidad de Parma<\/strong>&nbsp;de la Rep\u00fablica Italiana y&nbsp;la&nbsp;<strong>Facultad de Agronom\u00eda de la Universidad de Buenos Aires&nbsp;(FAUBA)<\/strong>, se complacen en informar que&nbsp;el<strong> 24 de junio de 2019 <\/strong>comienza la cuarta edici\u00f3n&nbsp;del&nbsp;<strong><a href=\"https:\/\/youtu.be\/9t9QNiiqR6g  \" target=\"_blank\" rel=\"noreferrer noopener\" aria-label=\"M\u00e1ster Internacional en Tecnolog\u00eda de los Alimentos Latinoam\u00e9rica (opens in a new tab)\">M\u00e1ster Internacional en Tecnolog\u00eda de los Alimentos Latinoam\u00e9rica<\/a>&nbsp;&#8211;&nbsp;MITA LATAM IV- orientado a profesionales del sector agroalimentario de Am\u00e9rica Latina y otras partes del mundo.<\/strong>&nbsp;<\/p>\n\n\n\n<p>El plan de estudios se ha dise\u00f1ado en forma especial para lograr un\naprendizaje cient\u00edfico aplicado e intensivo, de car\u00e1cter presencial.<\/p>\n\n\n\n<p>El&nbsp;<strong>MITA<\/strong>&nbsp;pretende formar especialistas -con base en qu\u00edmica,\nmicrobiolog\u00eda, f\u00edsico-qu\u00edmica, contaminantes qu\u00edmicos y biol\u00f3gicos, material\nde&nbsp;<em>packaging<\/em>, transformaciones qu\u00edmicas y mec\u00e1nicas, entre otras\nramas del conocimiento- dedicados a la producci\u00f3n, investigaci\u00f3n, desarrollo e\ninnovaci\u00f3n de alimentos, tanto en la industria alimentaria como en otros\n\u00e1mbitos del ejercicio profesional (universidades y otros centros de\ninvestigaci\u00f3n, e instituciones p\u00fablicas de control de los alimentos) &nbsp;para\nque sean&nbsp;capaces de integrarse y cooperar en equipos\nmultidisciplinarios.&nbsp;<\/p>\n\n\n\n<p>El&nbsp;<strong>programa<\/strong>&nbsp;del<strong>&nbsp;MITA<\/strong>&nbsp;se divide en 4\nm\u00f3dulos y este es su cronograma:&nbsp;<\/p>\n\n\n\n<p><strong>M\u00f3dulo I. &nbsp; Desde el 24\/06\/2019 hasta el&nbsp; 5\/07\/2019.<\/strong><br><strong>M\u00f3dulo II.&nbsp; Desde el 27\/01\/2020 hasta el&nbsp; 7\/02\/2020.<\/strong><br><strong>M\u00f3dulo III. Desde el 13\/07\/2020 hasta el 24\/07\/2020.<\/strong>&nbsp;<br><strong>M\u00f3dulo IV. Desde el 17\/02\/2021 hasta el 26\/02\/2021.<\/strong><\/p>\n\n\n\n<p>Las clases se realizan en la sede de la Facultad de Agronom\u00eda de la Universidad de Buenos Aires, en los auditorios MITA. <\/p>\n\n\n\n<p>El&nbsp;<strong>MITA<\/strong>&nbsp;cuenta con una&nbsp;<strong>doble titulaci\u00f3n<\/strong>. La\nUniversidad de Parma (Italia) otorga el&nbsp;<strong>t\u00edtulo de M\u00e1ster\nInternacional en Tecnolog\u00eda de los Alimento<\/strong>s y la Facultad de Agronom\u00eda\nde la Universidad de Buenos Aires, el certificado de<strong>&nbsp;Posgrado en\nAlta Direcci\u00f3n en Tecnolog\u00eda de los Alimentos<\/strong>.&nbsp;Intervienen en sus\nclases<strong>&nbsp;profesores argentinos e italianos<\/strong>, dando en cada disciplina\nvisiones del mercado de Am\u00e9rica Latina y de la Uni\u00f3n Europea.<\/p>\n\n\n\n<p>MAYOR INFORMACION: entrevista personal o de manera online v\u00eda Skype enviando sus datos a consultasparma@agro.uba.ar&nbsp; <\/p>\n","protected":false},"excerpt":{"rendered":"<p>La Universit\u00e0 degli Studi di Parma&nbsp;(Italia)&nbsp;en conjunto con Facultad de Agronom\u00eda de la Universidad de Buenos Aires&nbsp;PresentanM\u00e1ster Internacional en Tecnolog\u00eda de los Alimentos&nbsp;Edici\u00f3n lV Modalidad Intensiva&nbsp;MITA&nbsp;Latinoam\u00e9rica&nbsp;-Con el apoyo de&nbsp;elbahiense&nbsp;&#8211;&nbsp;Aditivos Alimentarios&nbsp;&nbsp; La&nbsp;Universidad de Parma&nbsp;de la Rep\u00fablica Italiana y&nbsp;la&nbsp;Facultad de Agronom\u00eda de la Universidad de Buenos Aires&nbsp;(FAUBA), se complacen en informar que&nbsp;el 24 de junio de 2019 &hellip; <\/p>\n<p><a class=\"more-link btn\" href=\"https:\/\/cebem.org\/?p=4852\">Seguir leyendo<\/a><\/p>\n","protected":false},"author":7,"featured_media":4853,"comment_status":"closed","ping_status":"closed","sticky":false,"template":"","format":"standard","meta":{"_jetpack_memberships_contains_paid_content":false,"footnotes":"","jetpack_publicize_message":"M\u00e1ster Internacional en Tecnolog\u00eda de los #Alimentos Edici\u00f3n lV","jetpack_publicize_feature_enabled":true,"jetpack_social_post_already_shared":true,"jetpack_social_options":{"image_generator_settings":{"template":"highway","default_image_id":0,"font":"","enabled":false},"version":2}},"categories":[10],"tags":[333,38,77],"class_list":["post-4852","post","type-post","status-publish","format-standard","has-post-thumbnail","hentry","category-otros-cursos","tag-boletin-4-abril-2019","tag-curso","tag-master","item-wrap"],"jetpack_publicize_connections":[],"jetpack_featured_media_url":"https:\/\/i0.wp.com\/cebem.org\/wp-content\/uploads\/2019\/03\/master.jpg?fit=679%2C539&ssl=1","jetpack_sharing_enabled":true,"_links":{"self":[{"href":"https:\/\/cebem.org\/index.php?rest_route=\/wp\/v2\/posts\/4852","targetHints":{"allow":["GET"]}}],"collection":[{"href":"https:\/\/cebem.org\/index.php?rest_route=\/wp\/v2\/posts"}],"about":[{"href":"https:\/\/cebem.org\/index.php?rest_route=\/wp\/v2\/types\/post"}],"author":[{"embeddable":true,"href":"https:\/\/cebem.org\/index.php?rest_route=\/wp\/v2\/users\/7"}],"replies":[{"embeddable":true,"href":"https:\/\/cebem.org\/index.php?rest_route=%2Fwp%2Fv2%2Fcomments&post=4852"}],"version-history":[{"count":2,"href":"https:\/\/cebem.org\/index.php?rest_route=\/wp\/v2\/posts\/4852\/revisions"}],"predecessor-version":[{"id":4990,"href":"https:\/\/cebem.org\/index.php?rest_route=\/wp\/v2\/posts\/4852\/revisions\/4990"}],"wp:featuredmedia":[{"embeddable":true,"href":"https:\/\/cebem.org\/index.php?rest_route=\/wp\/v2\/media\/4853"}],"wp:attachment":[{"href":"https:\/\/cebem.org\/index.php?rest_route=%2Fwp%2Fv2%2Fmedia&parent=4852"}],"wp:term":[{"taxonomy":"category","embeddable":true,"href":"https:\/\/cebem.org\/index.php?rest_route=%2Fwp%2Fv2%2Fcategories&post=4852"},{"taxonomy":"post_tag","embeddable":true,"href":"https:\/\/cebem.org\/index.php?rest_route=%2Fwp%2Fv2%2Ftags&post=4852"}],"curies":[{"name":"wp","href":"https:\/\/api.w.org\/{rel}","templated":true}]}}