
{"id":485,"date":"2016-03-31T07:28:18","date_gmt":"2016-03-31T11:28:18","guid":{"rendered":"http:\/\/cebem.org\/?p=485"},"modified":"2016-03-31T07:28:18","modified_gmt":"2016-03-31T11:28:18","slug":"hacia-la-transparencia-socioambiental-analisis-de-los-procesos-eiti-en-america-latina-y-el-caribe-lecciones-y-propuestas","status":"publish","type":"post","link":"https:\/\/cebem.org\/?p=485","title":{"rendered":"Hacia la TRANSPARENCIA SOCIOAMBIENTAL. An\u00e1lisis de los Procesos EITI en Am\u00e9rica Latina y el Caribe: Lecciones y Propuestas"},"content":{"rendered":"<p><strong>PRESENTACI\u00d3N<\/strong><\/p>\n<p>La demanda por informaci\u00f3n socioambiental en relaci\u00f3n con las actividades extractivas para valorar sus costos reales, sustentar el debate y fortalecer la participaci\u00f3n de la poblaci\u00f3n en la toma de decisiones sobre las pol\u00edticas<br \/>\ny los proyectos mineros, petroleros y gas\u00edferos se hace sentir cada vez m\u00e1s fuerte en Am\u00e9rica Latina. Al mismo<br \/>\ntiempo, varios pa\u00edses de la regi\u00f3n se encuentran involucrados, en diferentes etapas y con diverso grado de<br \/>\nparticipaci\u00f3n y legitimidad, en la Iniciativa para la Transparencia en las Industrias Extractivas (EITI, por sus siglas<br \/>\nen ingl\u00e9s), como un espacio para mejorar el acceso a la informaci\u00f3n y la gobernanza en estos sectores. En este<br \/>\nescenario, las necesidades nacionales est\u00e1n inevitablemente permeando los procesos EITI de la regi\u00f3n, donde<br \/>\nexiste un llamado para incluir compromisos espec\u00edficos en materia de informaci\u00f3n socioambiental. Sin embargo,<br \/>\nen algunas experiencias la inclusi\u00f3n de estos compromisos se ha visto dificultada por el hecho de que el est\u00e1ndar<br \/>\ninternacional de la EITI no contempla espec\u00edficamente esta cuesti\u00f3n, aunque s\u00ed reconoce la necesidad de que la<br \/>\niniciativa se adapte a los contextos nacionales.<\/p>\n<p>Ante este panorama, la Red Latinoamericana sobre las Industrias Extractivas (RLIE)1 se aboc\u00f3 a la realizaci\u00f3n del<br \/>\npresente estudio para profundizar el conocimiento sobre los procesos EITI nacionales de la regi\u00f3n y el papel que<br \/>\nhan jugado las demandas por informaci\u00f3n socioambiental. A partir de este mejor conocimiento, se presentan una<br \/>\nserie de recomendaciones para fortalecer la agenda de EITI y hacerla m\u00e1s relevante para la regi\u00f3n y para otros<br \/>\npa\u00edses del mundo, a trav\u00e9s de la inclusi\u00f3n de la cuesti\u00f3n socioambiental. Para ello, se analizaron los procesos de<br \/>\nGuatemala, Honduras, Colombia, Per\u00fa, Trinidad y Tobago, Filipinas y Mongolia como casos de buenas pr\u00e1cticas.<\/p>\n<p>No queremos dejar de mencionar que la realizaci\u00f3n y publicaci\u00f3n de este estudio se hizo con el apoyo de Publiquen<br \/>\nLo Que Pagan (PLQP) y Natural Resource Governance Institute (NRGI), quienes han jugado un papel clave en<br \/>\neste proceso. Por ello, aprovechamos este breve espacio para extenderles nuestro agradecimiento por el trabajo<br \/>\nrealizado.<\/p>\n<h4><a href=\"http:\/\/cebem.org\/wp-content\/uploads\/2016\/03\/An\u00e1lisis-de-los-procesos-EITI-en-Am\u00e9rica-Latina-y-el-Caribe.pdf\" target=\"_blank\" rel=\"\">DESCARGAR documento<\/a><\/h4>\n","protected":false},"excerpt":{"rendered":"<p>PRESENTACI\u00d3N La demanda por informaci\u00f3n socioambiental en relaci\u00f3n con las actividades extractivas para valorar sus costos reales, sustentar el debate y fortalecer la participaci\u00f3n de la poblaci\u00f3n en la toma de decisiones sobre las pol\u00edticas y los proyectos mineros, petroleros y gas\u00edferos se hace sentir cada vez m\u00e1s fuerte en Am\u00e9rica Latina. Al mismo tiempo, &hellip; <\/p>\n<p><a class=\"more-link btn\" href=\"https:\/\/cebem.org\/?p=485\">Seguir leyendo<\/a><\/p>\n","protected":false},"author":2,"featured_media":486,"comment_status":"closed","ping_status":"closed","sticky":false,"template":"","format":"standard","meta":{"_jetpack_memberships_contains_paid_content":false,"footnotes":"","jetpack_publicize_message":"","jetpack_publicize_feature_enabled":true,"jetpack_social_post_already_shared":true,"jetpack_social_options":{"image_generator_settings":{"template":"highway","default_image_id":0,"font":"","enabled":false},"version":2}},"categories":[7],"tags":[],"class_list":["post-485","post","type-post","status-publish","format-standard","has-post-thumbnail","hentry","category-otras-publicaciones","item-wrap"],"jetpack_publicize_connections":[],"jetpack_featured_media_url":"https:\/\/i0.wp.com\/cebem.org\/wp-content\/uploads\/2016\/03\/An%C3%A1lisis-de-los-procesos-EITI-en-Am%C3%A9rica-Latina-y-el-Caribe_P%C3%A1gina_01.jpg?fit=1560%2C2027&ssl=1","jetpack_sharing_enabled":true,"_links":{"self":[{"href":"https:\/\/cebem.org\/index.php?rest_route=\/wp\/v2\/posts\/485","targetHints":{"allow":["GET"]}}],"collection":[{"href":"https:\/\/cebem.org\/index.php?rest_route=\/wp\/v2\/posts"}],"about":[{"href":"https:\/\/cebem.org\/index.php?rest_route=\/wp\/v2\/types\/post"}],"author":[{"embeddable":true,"href":"https:\/\/cebem.org\/index.php?rest_route=\/wp\/v2\/users\/2"}],"replies":[{"embeddable":true,"href":"https:\/\/cebem.org\/index.php?rest_route=%2Fwp%2Fv2%2Fcomments&post=485"}],"version-history":[{"count":1,"href":"https:\/\/cebem.org\/index.php?rest_route=\/wp\/v2\/posts\/485\/revisions"}],"predecessor-version":[{"id":488,"href":"https:\/\/cebem.org\/index.php?rest_route=\/wp\/v2\/posts\/485\/revisions\/488"}],"wp:featuredmedia":[{"embeddable":true,"href":"https:\/\/cebem.org\/index.php?rest_route=\/wp\/v2\/media\/486"}],"wp:attachment":[{"href":"https:\/\/cebem.org\/index.php?rest_route=%2Fwp%2Fv2%2Fmedia&parent=485"}],"wp:term":[{"taxonomy":"category","embeddable":true,"href":"https:\/\/cebem.org\/index.php?rest_route=%2Fwp%2Fv2%2Fcategories&post=485"},{"taxonomy":"post_tag","embeddable":true,"href":"https:\/\/cebem.org\/index.php?rest_route=%2Fwp%2Fv2%2Ftags&post=485"}],"curies":[{"name":"wp","href":"https:\/\/api.w.org\/{rel}","templated":true}]}}