
{"id":4824,"date":"2019-03-05T12:00:56","date_gmt":"2019-03-05T16:00:56","guid":{"rendered":"http:\/\/cebem.org\/?p=4824"},"modified":"2019-03-01T16:50:41","modified_gmt":"2019-03-01T20:50:41","slug":"inscripcion-abierta-especializacion-en-infancias-y-juventudes-modalidad-virtual","status":"publish","type":"post","link":"https:\/\/cebem.org\/?p=4824","title":{"rendered":"Inscripci\u00f3n abierta: Especializaci\u00f3n en Infancias y Juventudes &#8211; Modalidad virtual"},"content":{"rendered":"\n<p>Coordinaci\u00f3n General<br><strong>Sara Victoria Alvarado<\/strong>&nbsp;(Centro de Estudios Avanzados en Ni\u00f1ez y Juventud del CINDE, Universidad de Manizales, Colombia)<\/p>\n\n\n\n<p>Coordinaci\u00f3n Acad\u00e9mica<br><strong>Melina V\u00e1zquez<\/strong>&nbsp;(Instituto Gino Germani, Universidad de Buenos Aires, Argentina),&nbsp;<br><strong>Mar\u00eda Isabel Dom\u00ednguez<\/strong>&nbsp;(Centro de Investigaciones Psicol\u00f3gicas y Sociol\u00f3gicas, Cuba)<br><strong>Mar\u00eda Camila Ospina&nbsp;<\/strong>(Centro de Estudios Avanzados en Ni\u00f1ez y Juventud del CINDE,&nbsp;<br>Universidad de Manizales, Colombia)<\/p>\n\n\n\n<p>La acreditaci\u00f3n y certificaci\u00f3n de la Especializaci\u00f3n y del Curso Internacional ser\u00e1 realizada por el Consejo Latinoamericano de Ciencias Sociales (CLACSO) y la Red Iberoamericana de Posgrados en Infancias y Juventudes (Red INJU) <\/p>\n\n\n\n<p><strong><em>Duraci\u00f3n: desde abril de 2019 hasta marzo de 2020<\/em><\/strong><\/p>\n\n\n\n<figure class=\"wp-block-image\"><img data-recalc-dims=\"1\" fetchpriority=\"high\" decoding=\"async\" width=\"600\" height=\"551\" src=\"https:\/\/i0.wp.com\/cebem.org\/wp-content\/uploads\/2019\/03\/2019.03.01.Collage-curso.jpg?resize=600%2C551\" alt=\"\" class=\"wp-image-4825\" srcset=\"https:\/\/i0.wp.com\/cebem.org\/wp-content\/uploads\/2019\/03\/2019.03.01.Collage-curso.jpg?w=600&amp;ssl=1 600w, https:\/\/i0.wp.com\/cebem.org\/wp-content\/uploads\/2019\/03\/2019.03.01.Collage-curso.jpg?resize=300%2C276&amp;ssl=1 300w\" sizes=\"(max-width: 600px) 100vw, 600px\" \/><\/figure>\n\n\n\n<p>Para m\u00e1s informaci\u00f3n haga clic al siguiente enlace: <a href=\"https:\/\/www.clacso.org.ar\/difusion\/Infancias-y-Juventudes-2Cohorte\/index.html\">https:\/\/www.clacso.org.ar\/difusion\/Infancias-y-Juventudes-2Cohorte\/index.html<\/a><\/p>\n","protected":false},"excerpt":{"rendered":"<p>Coordinaci\u00f3n GeneralSara Victoria Alvarado&nbsp;(Centro de Estudios Avanzados en Ni\u00f1ez y Juventud del CINDE, Universidad de Manizales, Colombia) Coordinaci\u00f3n Acad\u00e9micaMelina V\u00e1zquez&nbsp;(Instituto Gino Germani, Universidad de Buenos Aires, Argentina),&nbsp;Mar\u00eda Isabel Dom\u00ednguez&nbsp;(Centro de Investigaciones Psicol\u00f3gicas y Sociol\u00f3gicas, Cuba)Mar\u00eda Camila Ospina&nbsp;(Centro de Estudios Avanzados en Ni\u00f1ez y Juventud del CINDE,&nbsp;Universidad de Manizales, Colombia) La acreditaci\u00f3n y certificaci\u00f3n de la &hellip; <\/p>\n<p><a class=\"more-link btn\" href=\"https:\/\/cebem.org\/?p=4824\">Seguir leyendo<\/a><\/p>\n","protected":false},"author":8,"featured_media":4825,"comment_status":"closed","ping_status":"closed","sticky":false,"template":"","format":"standard","meta":{"_jetpack_memberships_contains_paid_content":false,"footnotes":"","jetpack_publicize_message":"Inscripci\u00f3n abierta: #Especializaci\u00f3n en #Infancias y #Juventudes - Modalidad virtual. No pierdas esta oportunidad!","jetpack_publicize_feature_enabled":true,"jetpack_social_post_already_shared":true,"jetpack_social_options":{"image_generator_settings":{"template":"highway","default_image_id":0,"font":"","enabled":false},"version":2}},"categories":[8],"tags":[307,297,235,236],"class_list":["post-4824","post","type-post","status-publish","format-standard","has-post-thumbnail","hentry","category-convocatorias","tag-boletin-3-marzo-2019","tag-especializacion","tag-infancias","tag-juventudes","item-wrap"],"jetpack_publicize_connections":[],"jetpack_featured_media_url":"https:\/\/i0.wp.com\/cebem.org\/wp-content\/uploads\/2019\/03\/2019.03.01.Collage-curso.jpg?fit=600%2C551&ssl=1","jetpack_sharing_enabled":true,"_links":{"self":[{"href":"https:\/\/cebem.org\/index.php?rest_route=\/wp\/v2\/posts\/4824","targetHints":{"allow":["GET"]}}],"collection":[{"href":"https:\/\/cebem.org\/index.php?rest_route=\/wp\/v2\/posts"}],"about":[{"href":"https:\/\/cebem.org\/index.php?rest_route=\/wp\/v2\/types\/post"}],"author":[{"embeddable":true,"href":"https:\/\/cebem.org\/index.php?rest_route=\/wp\/v2\/users\/8"}],"replies":[{"embeddable":true,"href":"https:\/\/cebem.org\/index.php?rest_route=%2Fwp%2Fv2%2Fcomments&post=4824"}],"version-history":[{"count":1,"href":"https:\/\/cebem.org\/index.php?rest_route=\/wp\/v2\/posts\/4824\/revisions"}],"predecessor-version":[{"id":4826,"href":"https:\/\/cebem.org\/index.php?rest_route=\/wp\/v2\/posts\/4824\/revisions\/4826"}],"wp:featuredmedia":[{"embeddable":true,"href":"https:\/\/cebem.org\/index.php?rest_route=\/wp\/v2\/media\/4825"}],"wp:attachment":[{"href":"https:\/\/cebem.org\/index.php?rest_route=%2Fwp%2Fv2%2Fmedia&parent=4824"}],"wp:term":[{"taxonomy":"category","embeddable":true,"href":"https:\/\/cebem.org\/index.php?rest_route=%2Fwp%2Fv2%2Fcategories&post=4824"},{"taxonomy":"post_tag","embeddable":true,"href":"https:\/\/cebem.org\/index.php?rest_route=%2Fwp%2Fv2%2Ftags&post=4824"}],"curies":[{"name":"wp","href":"https:\/\/api.w.org\/{rel}","templated":true}]}}