
{"id":4783,"date":"2019-02-22T20:02:48","date_gmt":"2019-02-23T00:02:48","guid":{"rendered":"http:\/\/cebem.org\/?p=4783"},"modified":"2019-04-08T10:49:03","modified_gmt":"2019-04-08T14:49:03","slug":"curso-presencial-diseno-de-programas-y-proyectos-basados-en-metodologia-de-marco-logico","status":"publish","type":"post","link":"https:\/\/cebem.org\/?p=4783","title":{"rendered":"Curso Presencial: Dise\u00f1o de Programas y Proyectos basados en Metodolog\u00eda de Marco L\u00f3gico"},"content":{"rendered":"\n<div class=\"wp-block-image\"><figure class=\"aligncenter is-resized\"><img data-recalc-dims=\"1\" fetchpriority=\"high\" decoding=\"async\" src=\"https:\/\/i0.wp.com\/cebem.org\/wp-content\/uploads\/2019\/02\/Presencial-Marco-Logico.jpg?resize=600%2C375\" alt=\"\" class=\"wp-image-4797\" width=\"600\" height=\"375\" srcset=\"https:\/\/i0.wp.com\/cebem.org\/wp-content\/uploads\/2019\/02\/Presencial-Marco-Logico.jpg?w=1024&amp;ssl=1 1024w, https:\/\/i0.wp.com\/cebem.org\/wp-content\/uploads\/2019\/02\/Presencial-Marco-Logico.jpg?resize=300%2C188&amp;ssl=1 300w, https:\/\/i0.wp.com\/cebem.org\/wp-content\/uploads\/2019\/02\/Presencial-Marco-Logico.jpg?resize=768%2C480&amp;ssl=1 768w, https:\/\/i0.wp.com\/cebem.org\/wp-content\/uploads\/2019\/02\/Presencial-Marco-Logico.jpg?resize=600%2C375&amp;ssl=1 600w\" sizes=\"(max-width: 600px) 100vw, 600px\" \/><\/figure><\/div>\n\n\n\n<h4 class=\"wp-block-heading\" style=\"text-align:center\">5, 6 y 12 de abril de 2019<\/h4>\n\n\n\n<p class=\"has-text-color has-vivid-red-color\" style=\"border-bottom:solid #006633;width:35%;\"><strong>OBJETIVO CENTRAL DEL CURSO<\/strong><\/p>\n\n\n\n<p class=\"justext\"><strong><em>Desarrollar y\nfortalecer capacidades y competencias profesionales en el dise\u00f1o de programas y\nproyectos basados en la metodolog\u00eda de Marco L\u00f3gico,<\/em><\/strong>\nfocalizando la atenci\u00f3n en aspectos centrales que hacen al dise\u00f1o, desde la\nrelevancia del diagn\u00f3stico o evaluaci\u00f3n, el planteamiento de la matriz de marco\nl\u00f3gico, la formulaci\u00f3n de calidad de objetivos e indicadores, hasta el dise\u00f1o\nde un programa \/ proyecto basado en formatos aplicados con base en Marco\nL\u00f3gico. <\/p>\n\n\n\n<blockquote class=\"wp-block-quote justext is-layout-flow wp-block-quote-is-layout-flow\"><p><strong><em>Un curso 100% practico donde se sentir\u00e1 familiarizado con herramientas de dise\u00f1o de programas y proyectos, ejercicios de aplicaci\u00f3n pr\u00e1ctica y formatos para su dise\u00f1o. &nbsp;<\/em><\/strong><\/p><\/blockquote>\n\n\n\n<p class=\"has-text-color has-vivid-red-color\" style=\"border-bottom:solid #006633;width:25%;\"><strong><em>OBJETIVOS ESPECIFICOS<\/em><\/strong><\/p>\n\n\n\n<p class=\"justext\">Desarrollar\ncapacidades y competencias en profesionales en el dise\u00f1o de programas \/proyectos\nutilizando un enfoque de Marco L\u00f3gico.<\/p>\n\n\n\n<p class=\"justext\">Desarrollar\ncapacidades para sustentar adecuadamente un programa o proyecto en el marco de\nla formulaci\u00f3n basada en Marco L\u00f3gico para la Cooperaci\u00f3n Internacional.<\/p>\n\n\n\n<p class=\"has-text-color has-vivid-red-color\" style=\"border-bottom:solid #006633;width:25%;\"><strong>P\u00daBLICO OBJETIVO:<\/strong><\/p>\n\n\n\n<p>El curso est\u00e1\norientado a: <\/p>\n\n\n\n<ul class=\"justext wp-block-list\"><li><strong>Profesionales<\/strong> de Organizaciones\nNo Gubernamentales (ONGs), Asociaciones, Fundaciones, Cooperaci\u00f3n\nInternacional, Organizaciones Sociales o Privadas, <strong>que quieran desarrollar o mejorar sus capacidades en el dise\u00f1o de\nproyectos con base a metodolog\u00eda de Marco L\u00f3gico. <\/strong><\/li><li><strong>Profesionales independientes<\/strong> que deseen\nbrindar sus servicios como asesores, consultores o ejecutores, <strong>para una aplicaci\u00f3n metodol\u00f3gica\nespecializada basada en Marco L\u00f3gico. <\/strong><\/li><li><strong>Profesionales de gobiernos departamentales y\/o de\ngobiernos locales<\/strong> que desarrollen o implementen proyectos.<\/li><li><strong>Docentes<\/strong> de universidades nacionales y\nprivadas, as\u00ed como, de institutos superiores tecnol\u00f3gicos.<\/li><li><strong>Profesionales en general<\/strong> que deseen\nadquirir capacidades en esta tem\u00e1tica. &nbsp;<\/li><\/ul>\n\n\n\t\t\t\t\t\t<style>\r\n\t\t\t\t\r\n\t\t\t\t\t#tab_container_4791 {\r\n\toverflow:hidden;\r\n\tdisplay:block;\r\n\twidth:100%;\r\n\tborder:0px solid #ddd;\r\n\tmargin-bottom:30px;\r\n\t}\r\n\r\n#tab_container_4791 .tab-content{\r\n\tpadding:20px;\r\n\tborder: 1px solid #e6e6e6 !important;\r\n\tmargin-top: 0px;\r\n\tbackground-color:#ffffff !important;\r\n\tcolor: #000000 !important;\r\n\tfont-size:15px !important;\r\n\tfont-family: Arial !important;\r\n\t\r\n\t\tborder: 1px solid #e6e6e6 !important;\r\n\t}\r\n#tab_container_4791 .wpsm_nav-tabs {\r\n    border-bottom: 0px solid #ddd;\r\n}\r\n#tab_container_4791 .wpsm_nav-tabs > li.active > a, #tab_container_4791 .wpsm_nav-tabs > li.active > a:hover, #tab_container_4791 .wpsm_nav-tabs > li.active > a:focus {\r\n\tcolor: #000000 !important;\r\n\tcursor: default;\r\n\tbackground-color: #99b2c9 !important;\r\n\tborder: 1px solid #8099b0 !important;\r\n}\r\n\r\n#tab_container_4791 .wpsm_nav-tabs > li > a {\r\n    margin-right: 0px !important; \r\n    line-height: 1.42857143 !important;\r\n    border: 1px solid #7b67bc !important;\r\n    border-radius: 0px 0px 0 0 !important; \r\n\tbackground-color: #8e7acf !important;\r\n\tcolor: #ffffff !important;\r\n\tpadding: 15px 18px 15px 18px !important;\r\n\ttext-decoration: none !important;\r\n\tfont-size: 14px !important;\r\n\ttext-align:center !important;\r\n\tfont-family: Arial !important;\r\n}\r\n#tab_container_4791 .wpsm_nav-tabs > li > a:focus {\r\noutline: 0px !important;\r\n}\r\n\r\n#tab_container_4791 .wpsm_nav-tabs > li > a:before {\r\n\tdisplay:none !important;\r\n}\r\n#tab_container_4791 .wpsm_nav-tabs > li > a:after {\r\n\tdisplay:none !important ;\r\n}\r\n#tab_container_4791 .wpsm_nav-tabs > li{\r\npadding:0px !important ;\r\nmargin:0px;\r\n}\r\n\r\n#tab_container_4791 .wpsm_nav-tabs > li > a:hover , #tab_container_4791 .wpsm_nav-tabs > li > a:focus {\r\n    color: #ffffff !important;\r\n    background-color: #8e7acf !important;\r\n\tborder: 1px solid #7b67bc !important;\r\n\t\r\n}\r\n#tab_container_4791 .wpsm_nav-tabs > li > a .fa{\r\n\r\nmargin-right:5px !important;\r\n\r\nmargin-left:5px !important;\r\n\r\n\r\n}\r\n\r\n\t\t#tab_container_4791 .wpsm_nav-tabs a{\r\n\t\t\tbackground-image: url(https:\/\/cebem.org\/wp-content\/plugins\/tabs-responsive\/assets\/images\/style-soft.png);\r\n\t\t\tbackground-position: 0 0;\r\n\t\t\tbackground-repeat: repeat-x;\r\n\t\t}\r\n\t\t\t\r\n\r\n\r\n#tab_container_4791 .wpsm_nav-tabs > li {\r\n    float: left;\r\n    margin-bottom: -1px !important;\r\n\tmargin-right:0px !important; \r\n}\r\n\r\n\r\n#tab_container_4791 .tab-content{\r\noverflow:hidden !important;\r\n}\r\n\r\n\r\n@media (min-width: 769px) {\r\n\r\n\t#tab_container_4791 .wpsm_nav-tabs > li{\r\n\t\tfloat:left !important ;\r\n\t\t\t\tmargin-right:-1px !important;\r\n\t\t\t\t\t}\r\n\t#tab_container_4791 .wpsm_nav-tabs{\r\n\t\tfloat:none !important;\r\n\t\tmargin:0px !important;\r\n\t}\r\n\r\n\t#tab_container_4791 .wpsm_nav-tabs > li {\r\n\t\t\t\t\r\n\t}\r\n\t#tab_container_4791 .wpsm_nav{\r\n\t\t\t}\r\n\r\n}\r\n\r\n\r\n\r\n@media (max-width: 768px) {\r\n\t#tab_container_4791 .wpsm_nav-tabs > li {\r\n\t\t\t\t\r\n\t}\r\n\t#tab_container_4791 .wpsm_nav{\r\n\t\t\t}\r\n}\r\n\r\n\r\n\t.wpsm_nav-tabs li:before{\r\n\t\tdisplay:none !important;\r\n\t}\r\n\r\n\t@media (max-width: 768px) {\r\n\t\t\t\t\r\n\t\t\t\t.wpsm_nav-tabs{\r\n\t\t\tmargin-left:0px !important;\r\n\t\t\tmargin-right:0px !important; \r\n\t\t\t\r\n\t\t}\r\n\t\t\t\t#tab_container_4791 .wpsm_nav-tabs > li{\r\n\t\t\tfloat:none !important;\r\n\t\t}\r\n\t\t\t\r\n\t}\t\t\t\t<\/style>\r\n\t\t\t\t<div id=\"tab_container_4791\" >\r\n\t \r\n\t\t\t\t\t<ul class=\"wpsm_nav wpsm_nav-tabs\" role=\"tablist\" id=\"myTab_4791\">\r\n\t\t\t\t\t\t\t\r\n\t\t\t\t\t\t\t<li role=\"presentation\"  class=\"active\"  onclick=\"do_resize()\">\r\n\t\t\t\t\t\t\t\t<a href=\"#tabs_desc_4791_1\" aria-controls=\"tabs_desc_4791_1\" role=\"tab\" data-toggle=\"tab\">\r\n\t\t\t\t\t\t\t\t\t\r\n\t\t\t\t\t\t\t\t\t\t\t\t\t\t\t\t\t\t\t\t\t\t\t\t\t\t\t\t\t\t\t<i class=\"fa fa-align-left\"><\/i> \t\t\t\t\t\t\t\t\t\t\t\t\t\t\t\t\t\t\t\r\n\t\t\t\t\t\t\t\t\t\t\t\t\t\t\t\t\t\t\r\n\t\t\t\t\t\t\t\t\t<span>CONTENIDO<\/span>\r\n\t\t\t\t\t\t\t\t\t\r\n\t\t\t\t\t\t\t\t\t\t\t\t\t\t\t\t\t\t\r\n\t\t\t\t\t\t\t\t\t\t\t\t\t\t\t\t\t\t\t\t\r\n\t\t\t\t\t\t\t\t\t\r\n\t\t\t\t\t\t\t\t<\/a>\r\n\t\t\t\t\t\t\t<\/li>\r\n\t\t\t\t\t\t\t\r\n\t\t\t\t\t\t\t<li role=\"presentation\"  onclick=\"do_resize()\">\r\n\t\t\t\t\t\t\t\t<a href=\"#tabs_desc_4791_2\" aria-controls=\"tabs_desc_4791_2\" role=\"tab\" data-toggle=\"tab\">\r\n\t\t\t\t\t\t\t\t\t\r\n\t\t\t\t\t\t\t\t\t\t\t\t\t\t\t\t\t\t\t\t\t\t\t\t\t\t\t\t\t\t\t<i class=\"fa fa-calendar\"><\/i> \t\t\t\t\t\t\t\t\t\t\t\t\t\t\t\t\t\t\t\r\n\t\t\t\t\t\t\t\t\t\t\t\t\t\t\t\t\t\t\r\n\t\t\t\t\t\t\t\t\t<span>DURACI\u00d3N y SERVICIOS<\/span>\r\n\t\t\t\t\t\t\t\t\t\r\n\t\t\t\t\t\t\t\t\t\t\t\t\t\t\t\t\t\t\r\n\t\t\t\t\t\t\t\t\t\t\t\t\t\t\t\t\t\t\t\t\r\n\t\t\t\t\t\t\t\t\t\r\n\t\t\t\t\t\t\t\t<\/a>\r\n\t\t\t\t\t\t\t<\/li>\r\n\t\t\t\t\t\t\t\r\n\t\t\t\t\t\t\t<li role=\"presentation\"  onclick=\"do_resize()\">\r\n\t\t\t\t\t\t\t\t<a href=\"#tabs_desc_4791_3\" aria-controls=\"tabs_desc_4791_3\" role=\"tab\" data-toggle=\"tab\">\r\n\t\t\t\t\t\t\t\t\t\r\n\t\t\t\t\t\t\t\t\t\t\t\t\t\t\t\t\t\t\t\t\t\t\t\t\t\t\t\t\t\t\t<i class=\"fa fa-female\"><\/i> \t\t\t\t\t\t\t\t\t\t\t\t\t\t\t\t\t\t\t\r\n\t\t\t\t\t\t\t\t\t\t\t\t\t\t\t\t\t\t\r\n\t\t\t\t\t\t\t\t\t<span>FACILITADORA<\/span>\r\n\t\t\t\t\t\t\t\t\t\r\n\t\t\t\t\t\t\t\t\t\t\t\t\t\t\t\t\t\t\r\n\t\t\t\t\t\t\t\t\t\t\t\t\t\t\t\t\t\t\t\t\r\n\t\t\t\t\t\t\t\t\t\r\n\t\t\t\t\t\t\t\t<\/a>\r\n\t\t\t\t\t\t\t<\/li>\r\n\t\t\t\t\t\t\t\r\n\t\t\t\t\t\t\t<li role=\"presentation\"  onclick=\"do_resize()\">\r\n\t\t\t\t\t\t\t\t<a href=\"#tabs_desc_4791_4\" aria-controls=\"tabs_desc_4791_4\" role=\"tab\" data-toggle=\"tab\">\r\n\t\t\t\t\t\t\t\t\t\r\n\t\t\t\t\t\t\t\t\t\t\t\t\t\t\t\t\t\t\t\t\t\t\t\t\t\t\t\t\t\t\t<i class=\"fa fa-dollar\"><\/i> \t\t\t\t\t\t\t\t\t\t\t\t\t\t\t\t\t\t\t\r\n\t\t\t\t\t\t\t\t\t\t\t\t\t\t\t\t\t\t\r\n\t\t\t\t\t\t\t\t\t<span>INVERSI\u00d3N<\/span>\r\n\t\t\t\t\t\t\t\t\t\r\n\t\t\t\t\t\t\t\t\t\t\t\t\t\t\t\t\t\t\r\n\t\t\t\t\t\t\t\t\t\t\t\t\t\t\t\t\t\t\t\t\r\n\t\t\t\t\t\t\t\t\t\r\n\t\t\t\t\t\t\t\t<\/a>\r\n\t\t\t\t\t\t\t<\/li>\r\n\t\t\t\t\t\t\t\t\t\t\t <\/ul>\r\n\r\n\t\t\t\t\t  <!-- Tab panes -->\r\n\t\t\t\t\t  <div class=\"tab-content\" id=\"tab-content_4791\">\r\n\t\t\t\t\t\t\t\t\t\t\t\t <div role=\"tabpanel\" class=\"tab-pane  in active \" id=\"tabs_desc_4791_1\">\r\n\t\t\t\t\t\t\t\t<ul>\r\n \t<li>Nociones b\u00e1sicas: diferencias y caracterizaci\u00f3n de programas y proyectos<\/li>\r\n \t<li>Ciclo de programaci\u00f3n de programas y proyectos (variantes)<\/li>\r\n \t<li>Metodolog\u00eda de Marco L\u00f3gico or\u00edgenes y evoluci\u00f3n<\/li>\r\n \t<li>Diagn\u00f3stico de un programa \/ proyecto<\/li>\r\n \t<li>Identificaci\u00f3n de problemas y objetivos del programa\/ proyecto, an\u00e1lisis de actores.<\/li>\r\n \t<li>Dise\u00f1o y formulaci\u00f3n de la Matriz de Marco L\u00f3gico, niveles de objetivos y l\u00f3gica de interacci\u00f3n.<\/li>\r\n \t<li>Formulaci\u00f3n e identificaci\u00f3n de indicadores, atributos, tipos, criterios de selecci\u00f3n y construcci\u00f3n. Herramientas y ejercicios aplicados para su formulaci\u00f3n adecuada.<\/li>\r\n \t<li>Formatos de programas y proyectos, aspectos relevantes.<\/li>\r\n \t<li>Herramientas e instrumentos basados en Marco L\u00f3gico.<\/li>\r\n<\/ul>\t\t\t\t\t\t <\/div>\r\n\t\t\t\t\t\t\t\t\t\t\t\t <div role=\"tabpanel\" class=\"tab-pane \" id=\"tabs_desc_4791_2\">\r\n\t\t\t\t\t\t\t\t<h4>Duraci\u00f3n, horarios y modalidad<\/h4>\r\nEl curso presencial tiene una duraci\u00f3n de 15 horas (incluye asignaciones aplicadas y pr\u00e1cticas), distribuidas en 3 d\u00edas:\r\n<ul>\r\n \t<li>Viernes 5 de abril de 18:30 a 22:00 pm<\/li>\r\n \t<li>S\u00e1bado 6 de abril de 8:30 a 12:30 pm<\/li>\r\n \t<li>Viernes 12 de abril de 18:30 a 22:00 pm<\/li>\r\n<\/ul>\r\nLa asistencia a todas las sesiones es obligatoria para la obtenci\u00f3n de certificados.\r\n\r\n<h4>Servicios incluidos en el curso<\/h4>\r\nEl curso contempla la entrega de los siguientes materiales y servicios:\r\n<ol>\r\n \t<li>Bibliograf\u00eda central y complementaria en formato digital.<\/li>\r\n \t<li>Presentaciones centrales en formato digital<\/li>\r\n \t<li>Tutor\u00eda y asesoramiento presencial permanente<\/li>\r\n \t<li>Certificaci\u00f3n a nombre de CEBEM<\/li>\r\n<\/ol>\t\t\t\t\t\t <\/div>\r\n\t\t\t\t\t\t\t\t\t\t\t\t <div role=\"tabpanel\" class=\"tab-pane \" id=\"tabs_desc_4791_3\">\r\n\t\t\t\t\t\t\t\t<p style=\"text-align: justify;\"><a href=\"https:\/\/i0.wp.com\/cebem.org\/wp-content\/uploads\/2018\/04\/Evelin-troche.jpg\"><img data-recalc-dims=\"1\" decoding=\"async\" class=\"alignleft wp-image-3374 size-thumbnail\" src=\"https:\/\/i0.wp.com\/cebem.org\/wp-content\/uploads\/2018\/04\/Evelin-troche-150x150.jpg?resize=150%2C150\" alt=\"\" width=\"150\" height=\"150\" srcset=\"https:\/\/i0.wp.com\/cebem.org\/wp-content\/uploads\/2018\/04\/Evelin-troche.jpg?resize=150%2C150&amp;ssl=1 150w, https:\/\/i0.wp.com\/cebem.org\/wp-content\/uploads\/2018\/04\/Evelin-troche.jpg?zoom=2&amp;resize=150%2C150&amp;ssl=1 300w\" sizes=\"(max-width: 150px) 100vw, 150px\" \/><\/a><strong>Evelin Troche Araujo, <\/strong>economista y consultora senior cuenta con alrededor 20 a\u00f1os de experiencia en el sector del desarrollo socio econ\u00f3mico, liderando y gerenciando procesos, programas y proyectos de desarrollo socio econ\u00f3mico en organizaciones sociales y privadas en las \u00e1reas de planificaci\u00f3n y direcci\u00f3n estrat\u00e9gica, operaciones, dise\u00f1o (planeaci\u00f3n), monitoreo y evaluaci\u00f3n, gerencia por resultados, gerencia de programas y proyectos, gerenciamiento de procesos estrat\u00e9gicos institucionales, gesti\u00f3n de la calidad e innovaci\u00f3n, liderazgo organizacional, entre otros campos. Cuenta adem\u00e1s con amplia experiencia en el manejo del ciclo de gesti\u00f3n del aprendizaje, desarrollo de capacidades y competencias, y metodolog\u00edas relacionadas.<\/p>\r\n\r\n<p style=\"text-align: justify;\">Estudios de Postgrado en Liderazgo Organizacional en el Instituto Tecnol\u00f3gico y de Estudios Superiores de Monterrey (ITSEM, M\u00e9xico); Educaci\u00f3n Superior (UNIVALLE); Certificada en Project Management for Development Professionals, PMD Pro - LEVEL 1 (Gesti\u00f3n \/Gerenciamiento de Proyectos para profesionales del desarrollo), APMG Group International (Instituto Global de Acreditaci\u00f3n y Certificaci\u00f3n); Desarrollo local y municipios (CESU \u2013 CEBEM), entre otros.<\/p>\r\n\r\n<p style=\"text-align: justify;\">Se desempe\u00f1\u00f3 como Presidente del Directorio de FUBODE IFD; Miembro del Equipo Ejecutivo (SMT) de World Vision International Bolivia; Gerente Senior de Estrategia, Innovaci\u00f3n y Calidad; Gerente de Dise\u00f1o, Monitoreo y Evaluaci\u00f3n, en World Vision International Bolivia; Consultora Senior en proyectos de desarrollo socio econ\u00f3mico, planificaci\u00f3n estrat\u00e9gica, gesti\u00f3n del conocimiento -entre otras tem\u00e1ticas - en diferentes organizaciones sociales; Docente en diferentes especialidades, entre otras experiencias laborales.<\/p>\t\t\t\t\t\t <\/div>\r\n\t\t\t\t\t\t\t\t\t\t\t\t <div role=\"tabpanel\" class=\"tab-pane \" id=\"tabs_desc_4791_4\">\r\n\t\t\t\t\t\t\t\t<ul>\r\n \t<li>800 bolivianos que incluye materiales de estudio y certificados de participaci\u00f3n.<\/li>\r\n \t<li>Existe un descuento por pago al contado hasta el 1 de abril, cost\u00e1ndole el curso 700 bs.<\/li>\r\n<\/ul>\r\n\r\n<p style=\"text-align: justify;\"><span style=\"color: #5c3a97;\"><strong>FORMAS DE PAGO:<\/strong><\/span><\/p>\r\n<strong>SI VIVE EN BOLIVIA<\/strong>\r\n<ol>\r\n \t<li><strong>Dep\u00f3sito bancario<\/strong><br>\r\nInstituci\u00f3n: Banco BISA<br>\r\nCuenta corriente: 130861-206-2<br>\r\nTitular de la cuenta: Cebem<\/li>\r\n \t<li><strong>Pago en efectivo\r\n<\/strong><br>Direcci\u00f3n: Calle Capit\u00e1n Ravelo No. 2077, entre Calles Goitia y Montevideo frente a la Caja de la Banca Privada, La Paz, Bolivia<br>\r\nTel\u00e9fono y\/o Fax: +591 (2) 2441497 \u2013 2441916<\/li>\r\n \t<li><strong>Prodem (para el interior del pa\u00eds)<\/strong><br>\r\nDestinatario: Cinda Beatriz Herrera Rodr\u00edguez<br>\r\nCI: 2234285 LP<\/li>\r\n \t<li><strong>FIE (para el interior del pa\u00eds)<br>\r\n<\/strong>Destinatario: Cinda Beatriz Herrera Rodr\u00edguez<br>\r\nCI: 2234285 LP<\/li>\r\n<\/ol>\r\n \r\n\r\n<strong>SI VIVE EN EL EXTERIOR<\/strong>\r\n<ol>\r\n \t<li><strong>Western Union\r\n<\/strong><br>Destinatario: Cinda Beatriz Herrera Rodr\u00edguez<br>\r\nCI: 2234285 LP<br>\r\nLocalidad: La Paz, Bolivia<\/li>\r\n \t<li><strong>Transferencia bancaria\r\n<\/strong><br>Si opta por esta forma, favor comunicarse con <a href=\"mailto:beatriz@cebem.org\">beatriz@cebem.org<\/a> para que le env\u00ede los datos y disposiciones de nuestro banco para realizar la transferencia.<\/li>\r\n<\/ol>\t\t\t\t\t\t <\/div>\r\n\t\t\t\t\t\t\t\r\n\t\t\t\t\t <\/div>\r\n\t\t\t\t\t \r\n\t\t\t\t <\/div>\r\n <script>\r\n\t\tjQuery(function () {\r\n\t\t\tjQuery('#myTab_4791 a:first').tab('show')\r\n\t\t});\r\n\t\t\r\n\t\t\t\tjQuery(function(){\r\n\t\t\tvar b=\"fadeInLeft\";\r\n\t\t\tvar c;\r\n\t\t\tvar a;\r\n\t\t\td(jQuery(\"#myTab_4791 a\"),jQuery(\"#tab-content_4791\"));function d(e,f,g){\r\n\t\t\t\te.click(function(i){\r\n\t\t\t\t\ti.preventDefault();\r\n\t\t\t\t\tjQuery(this).tab(\"show\");\r\n\t\t\t\t\tvar h=jQuery(this).data(\"easein\");\r\n\t\t\t\t\tif(c){c.removeClass(a);}\r\n\t\t\t\t\tif(h){f.find(\"div.active\").addClass(\"animated \"+h);a=h;}\r\n\t\t\t\t\telse{if(g){f.find(\"div.active\").addClass(\"animated \"+g);a=g;}else{f.find(\"div.active\").addClass(\"animated \"+b);a=b;}}c=f.find(\"div.active\");\r\n\t\t\t\t});\r\n\t\t\t}\r\n\t\t});\r\n\t\t\r\n\r\n\t\tfunction do_resize(){\r\n\r\n\t\t\tvar width=jQuery( '.tab-content .tab-pane iframe' ).width();\r\n\t\t\tvar height=jQuery( '.tab-content .tab-pane iframe' ).height();\r\n\r\n\t\t\tvar toggleSize = true;\r\n\t\t\tjQuery('iframe').animate({\r\n\t\t\t    width: toggleSize ? width : 640,\r\n\t\t\t    height: toggleSize ? height : 360\r\n\t\t\t  }, 250);\r\n\r\n\t\t\t  toggleSize = !toggleSize;\r\n\t\t}\r\n\r\n\r\n\t<\/script>\r\n\t\t\t\t\r\n\t\t\t\n\n\n\n<p class=\"has-text-color has-vivid-red-color\" style=\"border-bottom:solid #006633;width:20%;\"><strong>INSCRIPCIONES<\/strong><\/p>\n\n\n\n<p>Consultas e inscripciones en el Centro Boliviano de Estudios Multidisciplinarios (CEBEM) &#8211; Calle Capit\u00e1n Ravelo No. 2077 frente a la Caja de la Banca Privada La Paz &#8211; Bolivia<br>Tel\u00e9fono y\/o Fax: +591 (2) 2441497 &#8211; 2441916<\/p>\n\n\n\n<h4 class=\"wp-block-heading\" style=\"text-align:center\">Si te interesa el curso\u2026<\/h4>\n\n\n\n<div class=\"wp-block-button aligncenter is-style-outline is-style-outline--1\"><a class=\"wp-block-button__link\" href=\"https:\/\/goo.gl\/forms\/xkwPtbc3mkmMR3F32\">PREINSCR\u00cdBETE AQU\u00cd<\/a><\/div>\n\n\n\n<p><strong>Contacto:<\/strong> <a href=\"mailto:beatriz@cebem.org\" target=\"_blank\" rel=\"noreferrer noopener\">Beatriz Herrera<\/a><\/p>\n\n\n\n<blockquote class=\"wp-block-quote ajustext is-layout-flow wp-block-quote-is-layout-flow\"><p><strong>IMPORTANTE:<\/strong> Existen DESCUENTOS en la inscripci\u00f3n de grupos institucionales.<\/p><\/blockquote>\n","protected":false},"excerpt":{"rendered":"<p>5, 6 y 12 de abril de 2019 OBJETIVO CENTRAL DEL CURSO Desarrollar y fortalecer capacidades y competencias profesionales en el dise\u00f1o de programas y proyectos basados en la metodolog\u00eda de Marco L\u00f3gico, focalizando la atenci\u00f3n en aspectos centrales que hacen al dise\u00f1o, desde la relevancia del diagn\u00f3stico o evaluaci\u00f3n, el planteamiento de la matriz &hellip; <\/p>\n<p><a class=\"more-link btn\" href=\"https:\/\/cebem.org\/?p=4791\">Seguir leyendo<\/a><\/p>\n","protected":false},"author":2,"featured_media":4797,"comment_status":"open","ping_status":"closed","sticky":false,"template":"","format":"standard","meta":{"_jetpack_memberships_contains_paid_content":false,"footnotes":"","jetpack_publicize_message":"","jetpack_publicize_feature_enabled":true,"jetpack_social_post_already_shared":true,"jetpack_social_options":{"image_generator_settings":{"template":"highway","default_image_id":0,"font":"","enabled":false},"version":2}},"categories":[4],"tags":[280,156,304],"class_list":["post-4783","post","type-post","status-publish","format-standard","has-post-thumbnail","hentry","category-cursos-culminados-cebem","tag-boletin-2-2019","tag-curso-presencial","tag-marco-logico","nodate","item-wrap"],"jetpack_publicize_connections":[],"jetpack_featured_media_url":"https:\/\/i0.wp.com\/cebem.org\/wp-content\/uploads\/2019\/02\/Presencial-Marco-Logico.jpg?fit=1024%2C640&ssl=1","jetpack_sharing_enabled":true,"_links":{"self":[{"href":"https:\/\/cebem.org\/index.php?rest_route=\/wp\/v2\/posts\/4783","targetHints":{"allow":["GET"]}}],"collection":[{"href":"https:\/\/cebem.org\/index.php?rest_route=\/wp\/v2\/posts"}],"about":[{"href":"https:\/\/cebem.org\/index.php?rest_route=\/wp\/v2\/types\/post"}],"author":[{"embeddable":true,"href":"https:\/\/cebem.org\/index.php?rest_route=\/wp\/v2\/users\/2"}],"replies":[{"embeddable":true,"href":"https:\/\/cebem.org\/index.php?rest_route=%2Fwp%2Fv2%2Fcomments&post=4783"}],"version-history":[{"count":11,"href":"https:\/\/cebem.org\/index.php?rest_route=\/wp\/v2\/posts\/4783\/revisions"}],"predecessor-version":[{"id":4926,"href":"https:\/\/cebem.org\/index.php?rest_route=\/wp\/v2\/posts\/4783\/revisions\/4926"}],"wp:featuredmedia":[{"embeddable":true,"href":"https:\/\/cebem.org\/index.php?rest_route=\/wp\/v2\/media\/4797"}],"wp:attachment":[{"href":"https:\/\/cebem.org\/index.php?rest_route=%2Fwp%2Fv2%2Fmedia&parent=4783"}],"wp:term":[{"taxonomy":"category","embeddable":true,"href":"https:\/\/cebem.org\/index.php?rest_route=%2Fwp%2Fv2%2Fcategories&post=4783"},{"taxonomy":"post_tag","embeddable":true,"href":"https:\/\/cebem.org\/index.php?rest_route=%2Fwp%2Fv2%2Ftags&post=4783"}],"curies":[{"name":"wp","href":"https:\/\/api.w.org\/{rel}","templated":true}]}}