
{"id":4750,"date":"2019-02-21T16:00:24","date_gmt":"2019-02-21T20:00:24","guid":{"rendered":"http:\/\/cebem.org\/?p=4750"},"modified":"2019-02-21T16:47:01","modified_gmt":"2019-02-21T20:47:01","slug":"nueva-notificacion-de-iconos-revista-de-ciencias-sociales","status":"publish","type":"post","link":"https:\/\/cebem.org\/?p=4750","title":{"rendered":"Invitaci\u00f3n a presentar art\u00edculos &#8211; Iconos 66"},"content":{"rendered":"\n<div class=\"wp-block-image\"><figure class=\"aligncenter is-resized\"><img data-recalc-dims=\"1\" fetchpriority=\"high\" decoding=\"async\" src=\"https:\/\/i0.wp.com\/cebem.org\/wp-content\/uploads\/2019\/02\/2019.02.13.flasco-FB.png?resize=387%2C387\" alt=\"\" class=\"wp-image-4660\" width=\"387\" height=\"387\" srcset=\"https:\/\/i0.wp.com\/cebem.org\/wp-content\/uploads\/2019\/02\/2019.02.13.flasco-FB.png?w=800&amp;ssl=1 800w, https:\/\/i0.wp.com\/cebem.org\/wp-content\/uploads\/2019\/02\/2019.02.13.flasco-FB.png?resize=150%2C150&amp;ssl=1 150w, https:\/\/i0.wp.com\/cebem.org\/wp-content\/uploads\/2019\/02\/2019.02.13.flasco-FB.png?resize=300%2C300&amp;ssl=1 300w, https:\/\/i0.wp.com\/cebem.org\/wp-content\/uploads\/2019\/02\/2019.02.13.flasco-FB.png?resize=768%2C768&amp;ssl=1 768w, https:\/\/i0.wp.com\/cebem.org\/wp-content\/uploads\/2019\/02\/2019.02.13.flasco-FB.png?resize=600%2C600&amp;ssl=1 600w\" sizes=\"(max-width: 387px) 100vw, 387px\" \/><\/figure><\/div>\n\n\n\n<p><strong><a rel=\"noreferrer noopener\" aria-label=\"\u00cdconos. Revista de Ciencias Sociales de FLACSO Ecuador (opens in a new tab)\" href=\"http:\/\/revistas.flacsoandes.edu.ec\/iconos\/announcement\" target=\"_blank\">\u00cdconos. Revista de Ciencias Sociales de FLACSO Ecuador<\/a><\/strong>&nbsp;busca&nbsp;estimular una reflexi\u00f3n que vincule las inquietudes acad\u00e9micas de las ciencias sociales con problemas de la realidad social. La revista est\u00e1 dirigida a la comunidad cient\u00edfica y a quienes se interesen por conocer, ampliar y profundizar desde perspectivas acad\u00e9micas, temas de debate social, pol\u00edtico, cultural y econ\u00f3mico de Am\u00e9rica Latina.<\/p>\n\n\n\n<h2 class=\"wp-block-heading\">Invitaci\u00f3n a presentar art\u00edculos &#8211; Iconos 66<\/h2>\n\n\n\n<p><strong>Comunidad, vulnerabilidad y reproducci\u00f3n en condiciones de desastres. Abordajes desde Am\u00e9rica Latina y el Caribe<\/strong><\/p>\n\n\n\n<p><strong>Coordinaci\u00f3n:<\/strong>&nbsp;Cristina Vega (FLACSO Ecuador), Ana Gabriela Fern\u00e1ndez (FLACSO Uruguay) y Johannes Waldm\u00fcller (UDLA Ecuador).<\/p>\n\n\n\n<p><strong>Recepci\u00f3n de art\u00edculos:<\/strong>&nbsp;desde el 4 de febrero al 3 de junio de 2019.<\/p>\n\n\n\n<p><strong>Publicaci\u00f3n:<\/strong>&nbsp;enero de 2020.<\/p>\n\n\n\n<p><strong>Env\u00edo de art\u00edculos:<\/strong>&nbsp;A trav\u00e9s de plataforma de gesti\u00f3n de \u00cdconos<\/p>\n","protected":false},"excerpt":{"rendered":"<p>\u00cdconos. Revista de Ciencias Sociales de FLACSO Ecuador&nbsp;busca&nbsp;estimular una reflexi\u00f3n que vincule las inquietudes acad\u00e9micas de las ciencias sociales con problemas de la realidad social. La revista est\u00e1 dirigida a la comunidad cient\u00edfica y a quienes se interesen por conocer, ampliar y profundizar desde perspectivas acad\u00e9micas, temas de debate social, pol\u00edtico, cultural y econ\u00f3mico de &hellip; <\/p>\n<p><a class=\"more-link btn\" href=\"https:\/\/cebem.org\/?p=4750\">Seguir leyendo<\/a><\/p>\n","protected":false},"author":8,"featured_media":4660,"comment_status":"closed","ping_status":"closed","sticky":false,"template":"","format":"standard","meta":{"_jetpack_memberships_contains_paid_content":false,"footnotes":"","jetpack_publicize_message":"Nueva notificaci\u00f3n de \u00cdconos - #Revista de #Ciencias #Sociales","jetpack_publicize_feature_enabled":true,"jetpack_social_post_already_shared":true,"jetpack_social_options":{"image_generator_settings":{"template":"highway","default_image_id":0,"font":"","enabled":false},"version":2}},"categories":[8],"tags":[186,299,280],"class_list":["post-4750","post","type-post","status-publish","format-standard","has-post-thumbnail","hentry","category-convocatorias","tag-america-latina","tag-articulos","tag-boletin-2-2019","item-wrap"],"jetpack_publicize_connections":[],"jetpack_featured_media_url":"https:\/\/i0.wp.com\/cebem.org\/wp-content\/uploads\/2019\/02\/2019.02.13.flasco-FB.png?fit=800%2C800&ssl=1","jetpack_sharing_enabled":true,"_links":{"self":[{"href":"https:\/\/cebem.org\/index.php?rest_route=\/wp\/v2\/posts\/4750","targetHints":{"allow":["GET"]}}],"collection":[{"href":"https:\/\/cebem.org\/index.php?rest_route=\/wp\/v2\/posts"}],"about":[{"href":"https:\/\/cebem.org\/index.php?rest_route=\/wp\/v2\/types\/post"}],"author":[{"embeddable":true,"href":"https:\/\/cebem.org\/index.php?rest_route=\/wp\/v2\/users\/8"}],"replies":[{"embeddable":true,"href":"https:\/\/cebem.org\/index.php?rest_route=%2Fwp%2Fv2%2Fcomments&post=4750"}],"version-history":[{"count":5,"href":"https:\/\/cebem.org\/index.php?rest_route=\/wp\/v2\/posts\/4750\/revisions"}],"predecessor-version":[{"id":4780,"href":"https:\/\/cebem.org\/index.php?rest_route=\/wp\/v2\/posts\/4750\/revisions\/4780"}],"wp:featuredmedia":[{"embeddable":true,"href":"https:\/\/cebem.org\/index.php?rest_route=\/wp\/v2\/media\/4660"}],"wp:attachment":[{"href":"https:\/\/cebem.org\/index.php?rest_route=%2Fwp%2Fv2%2Fmedia&parent=4750"}],"wp:term":[{"taxonomy":"category","embeddable":true,"href":"https:\/\/cebem.org\/index.php?rest_route=%2Fwp%2Fv2%2Fcategories&post=4750"},{"taxonomy":"post_tag","embeddable":true,"href":"https:\/\/cebem.org\/index.php?rest_route=%2Fwp%2Fv2%2Ftags&post=4750"}],"curies":[{"name":"wp","href":"https:\/\/api.w.org\/{rel}","templated":true}]}}