
{"id":4646,"date":"2019-02-12T20:32:19","date_gmt":"2019-02-13T00:32:19","guid":{"rendered":"http:\/\/cebem.org\/?p=4646"},"modified":"2019-02-12T18:33:26","modified_gmt":"2019-02-12T22:33:26","slug":"xii-convencion-internacional-sobre-medio-ambiente-y-desarrollo","status":"publish","type":"post","link":"https:\/\/cebem.org\/?p=4646","title":{"rendered":"XII convenci\u00f3n internacional sobre medio ambiente y desarrollo"},"content":{"rendered":"\n<figure class=\"wp-block-image\"><img data-recalc-dims=\"1\" fetchpriority=\"high\" decoding=\"async\" width=\"691\" height=\"176\" src=\"https:\/\/i0.wp.com\/cebem.org\/wp-content\/uploads\/2019\/02\/convencion.jpg?resize=691%2C176\" alt=\"\" class=\"wp-image-4647\" srcset=\"https:\/\/i0.wp.com\/cebem.org\/wp-content\/uploads\/2019\/02\/convencion.jpg?w=691&amp;ssl=1 691w, https:\/\/i0.wp.com\/cebem.org\/wp-content\/uploads\/2019\/02\/convencion.jpg?resize=300%2C76&amp;ssl=1 300w, https:\/\/i0.wp.com\/cebem.org\/wp-content\/uploads\/2019\/02\/convencion.jpg?resize=600%2C153&amp;ssl=1 600w\" sizes=\"(max-width: 691px) 100vw, 691px\" \/><\/figure>\n\n\n\n<p style=\"text-align:center\"><strong>1 al 5 de julio del 2019<\/strong><br><strong>Palacio de Convenciones de La Habana Cuba<\/strong><\/p>\n\n\n\n<p>La Agencia de Medio Ambiente del Ministerio de Ciencia, Tecnolog\u00eda y Medio Ambiente de la Rep\u00fablica de Cuba, de conjunto con otras entidades y organizaciones, tiene el gusto de convocar\u00a0 a investigadores, autoridades, educadores, especialistas, gestores, empresarios, profesionales, productores y dem\u00e1s personas de todo el mundo que trabajan por la sostenibilidad de nuestro planeta, a participar en\u00a0 la <strong>XII Convenci\u00f3n Internacional sobre\u00a0 Medio Ambiente y Desarrollo<\/strong> que se realizar\u00e1 entre el 1 y el 5 de julio del 2019 en el Palacio de Convenciones de La Habana.<\/p>\n\n\n\n<p>\n\nLa Convenci\u00f3n estar\u00e1 organizada en varios eventos que cubrir\u00e1n temas de gran vigencia: XII Congreso de Educaci\u00f3n Ambiental para el Desarrollo Sostenible, XI Congreso de \u00c1reas Protegidas, IX Congreso de Gesti\u00f3n Ambiental, VII &nbsp;Congreso sobre manejo de Ecosistemas y Biodiversidad, VI&nbsp; Congreso sobre Cambio Clim\u00e1tico, IV Congreso de Pol\u00edtica, Derecho y Justicia&nbsp; Ambiental, &nbsp;VII Simposio de Museos de Historia Natural, IV Simposio Ciencias de la Sostenibilidad, III Simposio sobre Riesgos de Desastres y Riesgos Clim\u00e1ticos, I Simposio de Ciencias de la tierra, el espacio y Clima espacial, I Simposio Conservaci\u00f3n y uso sostenible de ecosistemas marinos, I Simposio Cuevas, Carso y Ambientes Subterr\u00e1neos, VI Coloquio sobre&nbsp; Ordenamiento Ambiental del Territorio, IV Coloquio Regulaci\u00f3n y Control Ambiental, IV Coloquio Transporte y Medio Ambiente, IV Coloquio de Manejo Sostenible de Tierras. Adem\u00e1s, se presenta, al igual que en a\u00f1os anteriores, una Feria Expositiva Asociada de Tecnolog\u00edas, Proyectos y Experiencias Ambientales.\n\n<\/p>\n\n\n\n<p class=\"has-medium-font-size\"><a href=\"http:\/\/www.cubambiente.com\/\" target=\"_blank\" rel=\"noreferrer noopener\" aria-label=\"Mas informaciones (opens in a new tab)\">Mas informaciones<\/a><\/p>\n","protected":false},"excerpt":{"rendered":"<p>1 al 5 de julio del 2019Palacio de Convenciones de La Habana Cuba La Agencia de Medio Ambiente del Ministerio de Ciencia, Tecnolog\u00eda y Medio Ambiente de la Rep\u00fablica de Cuba, de conjunto con otras entidades y organizaciones, tiene el gusto de convocar\u00a0 a investigadores, autoridades, educadores, especialistas, gestores, empresarios, profesionales, productores y dem\u00e1s personas &hellip; <\/p>\n<p><a class=\"more-link btn\" href=\"https:\/\/cebem.org\/?p=4646\">Seguir leyendo<\/a><\/p>\n","protected":false},"author":7,"featured_media":4648,"comment_status":"closed","ping_status":"closed","sticky":false,"template":"","format":"standard","meta":{"_jetpack_memberships_contains_paid_content":false,"footnotes":"","jetpack_publicize_message":"XII Convenci\u00f3n Internacional sobre #MedioAmbiente y #Desarrollo","jetpack_publicize_feature_enabled":true,"jetpack_social_post_already_shared":true,"jetpack_social_options":{"image_generator_settings":{"template":"highway","default_image_id":0,"font":"","enabled":false},"version":2}},"categories":[34],"tags":[280,290,245,119],"class_list":["post-4646","post","type-post","status-publish","format-standard","has-post-thumbnail","hentry","category-eventos","tag-boletin-2-2019","tag-convencion","tag-desarrollo","tag-medio-ambiente","item-wrap"],"jetpack_publicize_connections":[],"jetpack_featured_media_url":"https:\/\/i0.wp.com\/cebem.org\/wp-content\/uploads\/2019\/02\/convencion1.png?fit=256%2C247&ssl=1","jetpack_sharing_enabled":true,"_links":{"self":[{"href":"https:\/\/cebem.org\/index.php?rest_route=\/wp\/v2\/posts\/4646","targetHints":{"allow":["GET"]}}],"collection":[{"href":"https:\/\/cebem.org\/index.php?rest_route=\/wp\/v2\/posts"}],"about":[{"href":"https:\/\/cebem.org\/index.php?rest_route=\/wp\/v2\/types\/post"}],"author":[{"embeddable":true,"href":"https:\/\/cebem.org\/index.php?rest_route=\/wp\/v2\/users\/7"}],"replies":[{"embeddable":true,"href":"https:\/\/cebem.org\/index.php?rest_route=%2Fwp%2Fv2%2Fcomments&post=4646"}],"version-history":[{"count":2,"href":"https:\/\/cebem.org\/index.php?rest_route=\/wp\/v2\/posts\/4646\/revisions"}],"predecessor-version":[{"id":4650,"href":"https:\/\/cebem.org\/index.php?rest_route=\/wp\/v2\/posts\/4646\/revisions\/4650"}],"wp:featuredmedia":[{"embeddable":true,"href":"https:\/\/cebem.org\/index.php?rest_route=\/wp\/v2\/media\/4648"}],"wp:attachment":[{"href":"https:\/\/cebem.org\/index.php?rest_route=%2Fwp%2Fv2%2Fmedia&parent=4646"}],"wp:term":[{"taxonomy":"category","embeddable":true,"href":"https:\/\/cebem.org\/index.php?rest_route=%2Fwp%2Fv2%2Fcategories&post=4646"},{"taxonomy":"post_tag","embeddable":true,"href":"https:\/\/cebem.org\/index.php?rest_route=%2Fwp%2Fv2%2Ftags&post=4646"}],"curies":[{"name":"wp","href":"https:\/\/api.w.org\/{rel}","templated":true}]}}