
{"id":4600,"date":"2019-01-25T11:35:52","date_gmt":"2019-01-25T15:35:52","guid":{"rendered":"http:\/\/cebem.org\/?p=4600"},"modified":"2019-01-25T11:38:51","modified_gmt":"2019-01-25T15:38:51","slug":"mision-internacional-gobierno-local-con-enfoque-de-genero-2","status":"publish","type":"post","link":"https:\/\/cebem.org\/?p=4600","title":{"rendered":"Misi\u00f3n Internacional: Gobierno local con enfoque de g\u00e9nero"},"content":{"rendered":"\n<figure class=\"wp-block-image\"><img data-recalc-dims=\"1\" fetchpriority=\"high\" decoding=\"async\" width=\"750\" height=\"375\" src=\"https:\/\/i0.wp.com\/cebem.org\/wp-content\/uploads\/2019\/01\/2019.01.25.uim-collage-1.jpg?resize=750%2C375\" alt=\"\" class=\"wp-image-4609\" srcset=\"https:\/\/i0.wp.com\/cebem.org\/wp-content\/uploads\/2019\/01\/2019.01.25.uim-collage-1.jpg?w=1000&amp;ssl=1 1000w, https:\/\/i0.wp.com\/cebem.org\/wp-content\/uploads\/2019\/01\/2019.01.25.uim-collage-1.jpg?resize=300%2C150&amp;ssl=1 300w, https:\/\/i0.wp.com\/cebem.org\/wp-content\/uploads\/2019\/01\/2019.01.25.uim-collage-1.jpg?resize=768%2C384&amp;ssl=1 768w, https:\/\/i0.wp.com\/cebem.org\/wp-content\/uploads\/2019\/01\/2019.01.25.uim-collage-1.jpg?resize=600%2C300&amp;ssl=1 600w, https:\/\/i0.wp.com\/cebem.org\/wp-content\/uploads\/2019\/01\/2019.01.25.uim-collage-1.jpg?resize=375%2C187&amp;ssl=1 375w\" sizes=\"(max-width: 750px) 100vw, 750px\" \/><\/figure>\n\n\n\n<p style=\"text-align:center\"><strong>5 d\u00edas &#8211; 17 al 23 de marzo de 2019<\/strong>\u00a0<br><strong>Granada,Sevilla, Baeza, Alcal\u00e1 la Real, Almer\u00eda<\/strong><\/p>\n\n\n\n<p>Esta Misi\u00f3n T\u00e9cnica Internacional tiene como objeto propiciar la actualizaci\u00f3n de conocimientos a autoridades municipales, directivas\/os, t\u00e9cnicas\/os, l\u00edderes\/as y profesionales del \u00e1mbito local desde el enfoque de g\u00e9nero, de derechos humanos y derechos de las mujeres, fortaleciendo el liderazgo, el empoderamiento pol\u00edtico y econ\u00f3mico y sus capacidades en t\u00e9cnicas de gesti\u00f3n y gerencia p\u00fablica local, a fin de favorecer la representaci\u00f3n sustantiva y compromisos efectivos en la incorporaci\u00f3n de la perspectiva de g\u00e9nero en planes y pol\u00edticas a nivel territorial y la acci\u00f3n pol\u00edtica a favor de la igualdad sustantiva.<\/p>\n\n\n\n<p>El programa de la Misi\u00f3n incluye experiencias en las que se ha buscado la apuesta p\u00fablica por la igualdad de oportunidades, la aplicaci\u00f3n transversal de g\u00e9nero en las pol\u00edticas p\u00fablicas y la equidad, con el prop\u00f3sito de visualizar as\u00ed retos y l\u00edneas que puedan transferirse e instalarse en las esferas de los municipios.<\/p>\n\n\n\n<p>La Misi\u00f3n T\u00e9cnica Internacional sobre Gobierno Local con enfoque de G\u00e9nero se celebrar\u00e1 en el marco del mes de la Mujer Trabajadora como forma de visibilizar e incentivar la participaci\u00f3n pol\u00edtica de las mujeres de Iberoam\u00e9rica.<\/p>\n\n\n\n<p> La misi\u00f3n es liderada por la Uni\u00f3n Iberoamericana de Municipalistas (UIM) a trav\u00e9s de su Red Iberoamericana de Municipios por la Igualdad de G\u00e9nero (RIMIG), el Centro de Estudios Pol\u00edticos de Acci\u00f3n Afirmativa (M\u00e9xico) y en alianza con la Iniciativa DELGEN (Desarrollo Econ\u00f3mico Local con enfoque de G\u00e9nero) integrado por el Programa de las Naciones Unidas para el Desarrollo (PNUD), la Federaci\u00f3n Canadiense de Municipalidades (FCM), el Centro Cooperativo Sueco (We Effect), el Centro de investigaci\u00f3n de la Universidad de Florencia \u2013 (ARCO Lab), el Instituto Vasco de la Mujer (Emakunde) y la Uni\u00f3n de Universidades de Am\u00e9rica Latina y el Caribe (UDUAL). <\/p>\n\n\n\n<p> Las MISIONES INTERNACIONALES organizadas por la UIM permiten a&nbsp;trav\u00e9s de sesiones acad\u00e9micas, mesas redondas, talleres, entrevistas, conversaciones y un circuito de visitas de observaci\u00f3n y estudio con actividades en terreno, promover&nbsp;m\u00faltiples espacios de intercambio, an\u00e1lisis y reflexi\u00f3n, individual y grupal, a partir de los testimonios y participaci\u00f3n de los actores y actoras involucradas\/os en la implementaci\u00f3n de buenas pr\u00e1cticas locales desde la perspectiva de g\u00e9nero. Asimismo, estas actividades se apoyar\u00e1n en espacios de estudio, intentando entender las din\u00e1micas, desarrollo y obst\u00e1culos de la situaci\u00f3n de la mujer y la igualdad de g\u00e9nero, cuestiones que sin duda contribuir\u00e1n a reflexionar sobre las eventuales estrategias y l\u00edneas de acci\u00f3n que se definan en las agendas locales. <\/p>\n\n\n\n<p style=\"text-align:left\"><strong>M\u00e1s informaciones <a rel=\"noreferrer noopener\" aria-label=\"aqu\u00ed (opens in a new tab)\" href=\"https:\/\/pga.uimunicipalistas.org\/catalogo\/410\" target=\"_blank\">aqu\u00ed<\/a><\/strong><\/p>\n\n\n\n<p><\/p>\n\n\n\n<p><\/p>\n","protected":false},"excerpt":{"rendered":"<p>5 d\u00edas &#8211; 17 al 23 de marzo de 2019\u00a0Granada,Sevilla, Baeza, Alcal\u00e1 la Real, Almer\u00eda Esta Misi\u00f3n T\u00e9cnica Internacional tiene como objeto propiciar la actualizaci\u00f3n de conocimientos a autoridades municipales, directivas\/os, t\u00e9cnicas\/os, l\u00edderes\/as y profesionales del \u00e1mbito local desde el enfoque de g\u00e9nero, de derechos humanos y derechos de las mujeres, fortaleciendo el liderazgo, el &hellip; <\/p>\n<p><a class=\"more-link btn\" href=\"https:\/\/cebem.org\/?p=4600\">Seguir leyendo<\/a><\/p>\n","protected":false},"author":8,"featured_media":4616,"comment_status":"closed","ping_status":"closed","sticky":false,"template":"","format":"standard","meta":{"_jetpack_memberships_contains_paid_content":false,"footnotes":"","jetpack_publicize_message":"GOBIERNO LOCAL CON ENFOQUE DE #G\u00c9NERO: LIDERAR EN CLAVE DE #IGUALDAD","jetpack_publicize_feature_enabled":true,"jetpack_social_post_already_shared":true,"jetpack_social_options":{"image_generator_settings":{"template":"highway","default_image_id":0,"font":"","enabled":false},"version":2}},"categories":[10],"tags":[260,43,44],"class_list":["post-4600","post","type-post","status-publish","format-standard","has-post-thumbnail","hentry","category-otros-cursos","tag-boletin-1-2019","tag-genero","tag-igualdad-de-genero","item-wrap"],"jetpack_publicize_connections":[],"jetpack_featured_media_url":"https:\/\/i0.wp.com\/cebem.org\/wp-content\/uploads\/2019\/01\/PROGRAMA-FINAL-PGA-001-600x848.jpg?fit=595%2C691&ssl=1","jetpack_sharing_enabled":true,"_links":{"self":[{"href":"https:\/\/cebem.org\/index.php?rest_route=\/wp\/v2\/posts\/4600","targetHints":{"allow":["GET"]}}],"collection":[{"href":"https:\/\/cebem.org\/index.php?rest_route=\/wp\/v2\/posts"}],"about":[{"href":"https:\/\/cebem.org\/index.php?rest_route=\/wp\/v2\/types\/post"}],"author":[{"embeddable":true,"href":"https:\/\/cebem.org\/index.php?rest_route=\/wp\/v2\/users\/8"}],"replies":[{"embeddable":true,"href":"https:\/\/cebem.org\/index.php?rest_route=%2Fwp%2Fv2%2Fcomments&post=4600"}],"version-history":[{"count":2,"href":"https:\/\/cebem.org\/index.php?rest_route=\/wp\/v2\/posts\/4600\/revisions"}],"predecessor-version":[{"id":4614,"href":"https:\/\/cebem.org\/index.php?rest_route=\/wp\/v2\/posts\/4600\/revisions\/4614"}],"wp:featuredmedia":[{"embeddable":true,"href":"https:\/\/cebem.org\/index.php?rest_route=\/wp\/v2\/media\/4616"}],"wp:attachment":[{"href":"https:\/\/cebem.org\/index.php?rest_route=%2Fwp%2Fv2%2Fmedia&parent=4600"}],"wp:term":[{"taxonomy":"category","embeddable":true,"href":"https:\/\/cebem.org\/index.php?rest_route=%2Fwp%2Fv2%2Fcategories&post=4600"},{"taxonomy":"post_tag","embeddable":true,"href":"https:\/\/cebem.org\/index.php?rest_route=%2Fwp%2Fv2%2Ftags&post=4600"}],"curies":[{"name":"wp","href":"https:\/\/api.w.org\/{rel}","templated":true}]}}