
{"id":4534,"date":"2019-01-25T09:00:29","date_gmt":"2019-01-25T13:00:29","guid":{"rendered":"http:\/\/cebem.org\/?p=4534"},"modified":"2019-01-24T17:28:18","modified_gmt":"2019-01-24T21:28:18","slug":"posgrado-internacional-gestion-y-politica-en-cultura-y-comunicacion-2019-inscripciones-abiertas","status":"publish","type":"post","link":"https:\/\/cebem.org\/?p=4534","title":{"rendered":"Posgrado Internacional Gesti\u00f3n y Pol\u00edtica en Cultura y Comunicaci\u00f3n 2019 | Inscripciones abiertas"},"content":{"rendered":"\n<figure class=\"wp-block-image\"><img data-recalc-dims=\"1\" fetchpriority=\"high\" decoding=\"async\" width=\"650\" height=\"595\" src=\"https:\/\/i0.wp.com\/cebem.org\/wp-content\/uploads\/2019\/01\/2019.01.24.Posgrado.jpg?resize=650%2C595\" alt=\"\" class=\"wp-image-4539\" srcset=\"https:\/\/i0.wp.com\/cebem.org\/wp-content\/uploads\/2019\/01\/2019.01.24.Posgrado.jpg?w=650&amp;ssl=1 650w, https:\/\/i0.wp.com\/cebem.org\/wp-content\/uploads\/2019\/01\/2019.01.24.Posgrado.jpg?resize=300%2C275&amp;ssl=1 300w, https:\/\/i0.wp.com\/cebem.org\/wp-content\/uploads\/2019\/01\/2019.01.24.Posgrado.jpg?resize=600%2C549&amp;ssl=1 600w\" sizes=\"(max-width: 650px) 100vw, 650px\" \/><\/figure>\n\n\n\n<h4 class=\"wp-block-heading\" id=\"mce_3\">Objetivos generales<\/h4>\n\n\n\n<p>La capacitaci\u00f3n de agentes culturales es un fen\u00f3meno que cada d\u00eda cobra mayor importancia, tanto para la actividad p\u00fablica como para el sector privado y las organizaciones de la sociedad civil. Esto ocurre en todos los pa\u00edses y con cualquier estado de desarrollo. Los criterios de organizaci\u00f3n curricular y requerimientos profesionales que se utilizan en la capacitaci\u00f3n cultural son tan variados como los contextos sociales que los exigen. Otro tanto ocurre con la formaci\u00f3n de quienes son los responsables de la comunicaci\u00f3n de las instituciones o de la conducci\u00f3n de los medios de comunicaci\u00f3n.<\/p>\n\n\n\n<p>En distintos continentes y a\u00fan en diversas regiones se perfilan estilos diversos y a\u00fan contrapuestos. No hay duda que el actual proceso de las pol\u00edticas culturales plantea nuevos caminos en cuanto a las exigencias de planificaci\u00f3n, gesti\u00f3n, ejecuci\u00f3n y financiamiento. Paralelamente, el componente comunicacional de las pol\u00edticas culturales resulta cada vez m\u00e1s estrat\u00e9gico para el buen desempe\u00f1o de los programas y proyectos. Esto ha llevado a los especialistas a vincular m\u00e1s estrechamente a estos dos campos al tiempo que los ha vuelto m\u00e1s productivos.<\/p>\n\n\n\n<p>Esta iniciativa de la FLACSO ofrece una formaci\u00f3n de posgrado destinada a capacitar agentes culturales del \u00e1rea p\u00fablica y privada en la necesidad de vincular el sector de cultura y de la comunicaci\u00f3n a los dem\u00e1s sectores relacionados con el desarrollo humano (educaci\u00f3n, turismo, urbanismo, ciencia y tecnolog\u00eda, etc.) y una particular atenci\u00f3n a las t\u00e9cnicas de gesti\u00f3n y de administraci\u00f3n culturales (t\u00e9cnicas presupuestarias, marcos legales, recursos humanos, fuentes de financiamiento, etc.).<\/p>\n\n\n\n<p>Finalmente, la pertinencia y particularidad del Posgrado que propone la FLACSO radica en su mirada de los procesos culturales y comunicacionales desde la perspectiva regional del Mercosur, su visi\u00f3n multicultural que analiza dos \u00e1reas inseparables (la cultura y la comunicaci\u00f3n), y la combinaci\u00f3n de una s\u00f3lida formaci\u00f3n acad\u00e9mica con capacitaciones orientadas a la pr\u00e1ctica tanto en nuestro pa\u00eds como la regi\u00f3n.<\/p>\n\n\n\n<h4 class=\"wp-block-heading\">Perfil del estudiante:<\/h4>\n\n\n\n<p>El Posgrado est\u00e1 orientado a:<\/p>\n\n\n\n<ul class=\"wp-block-list\"><li>Administradores Culturales y responsables en \u00e1reas de comunicaci\u00f3n de todos los niveles de la Administraci\u00f3n P\u00fablica de la Argentina y de los Estados parte y asociados al Mercosur.<\/li><li>Integrantes de fundaciones y organizaciones de la sociedad civil que trabajan en el \u00e1mbito de la comunicaci\u00f3n y la cultura.<\/li><li>Profesionales, investigadores y acad\u00e9micos que se desempe\u00f1an en el \u00e1mbito de la comunicaci\u00f3n y la cultura.<\/li><\/ul>\n\n\n\n<p><strong>Leer <\/strong><em><strong>m\u00e1s<\/strong><\/em><strong> : <a href=\"http:\/\/flacso.org.ar\/formacion-academica\/posgrado-internacional-gestion-y-politica-en-cultura-y-comunicacion\/\">http:\/\/flacso.org.ar\/formacion-academica\/posgrado-internacional-gestion-y-politica-en-cultura-y-comunicacion\/<\/a><\/strong><\/p>\n","protected":false},"excerpt":{"rendered":"<p>Objetivos generales La capacitaci\u00f3n de agentes culturales es un fen\u00f3meno que cada d\u00eda cobra mayor importancia, tanto para la actividad p\u00fablica como para el sector privado y las organizaciones de la sociedad civil. Esto ocurre en todos los pa\u00edses y con cualquier estado de desarrollo. Los criterios de organizaci\u00f3n curricular y requerimientos profesionales que se &hellip; <\/p>\n<p><a class=\"more-link btn\" href=\"https:\/\/cebem.org\/?p=4534\">Seguir leyendo<\/a><\/p>\n","protected":false},"author":8,"featured_media":4539,"comment_status":"closed","ping_status":"closed","sticky":false,"template":"","format":"standard","meta":{"_jetpack_memberships_contains_paid_content":false,"footnotes":"","jetpack_publicize_message":"#Posgrado Internacional #Gesti\u00f3n y Pol\u00edtica en Cultura y Comunicaci\u00f3n 2019 | #Inscripciones abiertas","jetpack_publicize_feature_enabled":true,"jetpack_social_post_already_shared":true,"jetpack_social_options":{"image_generator_settings":{"template":"highway","default_image_id":0,"font":"","enabled":false},"version":2}},"categories":[10],"tags":[260,38,139],"class_list":["post-4534","post","type-post","status-publish","format-standard","has-post-thumbnail","hentry","category-otros-cursos","tag-boletin-1-2019","tag-curso","tag-posgrado","item-wrap"],"jetpack_publicize_connections":[],"jetpack_featured_media_url":"https:\/\/i0.wp.com\/cebem.org\/wp-content\/uploads\/2019\/01\/2019.01.24.Posgrado.jpg?fit=650%2C595&ssl=1","jetpack_sharing_enabled":true,"_links":{"self":[{"href":"https:\/\/cebem.org\/index.php?rest_route=\/wp\/v2\/posts\/4534","targetHints":{"allow":["GET"]}}],"collection":[{"href":"https:\/\/cebem.org\/index.php?rest_route=\/wp\/v2\/posts"}],"about":[{"href":"https:\/\/cebem.org\/index.php?rest_route=\/wp\/v2\/types\/post"}],"author":[{"embeddable":true,"href":"https:\/\/cebem.org\/index.php?rest_route=\/wp\/v2\/users\/8"}],"replies":[{"embeddable":true,"href":"https:\/\/cebem.org\/index.php?rest_route=%2Fwp%2Fv2%2Fcomments&post=4534"}],"version-history":[{"count":2,"href":"https:\/\/cebem.org\/index.php?rest_route=\/wp\/v2\/posts\/4534\/revisions"}],"predecessor-version":[{"id":4590,"href":"https:\/\/cebem.org\/index.php?rest_route=\/wp\/v2\/posts\/4534\/revisions\/4590"}],"wp:featuredmedia":[{"embeddable":true,"href":"https:\/\/cebem.org\/index.php?rest_route=\/wp\/v2\/media\/4539"}],"wp:attachment":[{"href":"https:\/\/cebem.org\/index.php?rest_route=%2Fwp%2Fv2%2Fmedia&parent=4534"}],"wp:term":[{"taxonomy":"category","embeddable":true,"href":"https:\/\/cebem.org\/index.php?rest_route=%2Fwp%2Fv2%2Fcategories&post=4534"},{"taxonomy":"post_tag","embeddable":true,"href":"https:\/\/cebem.org\/index.php?rest_route=%2Fwp%2Fv2%2Ftags&post=4534"}],"curies":[{"name":"wp","href":"https:\/\/api.w.org\/{rel}","templated":true}]}}