
{"id":4501,"date":"2019-01-24T16:45:33","date_gmt":"2019-01-24T20:45:33","guid":{"rendered":"http:\/\/cebem.org\/?p=4501"},"modified":"2019-01-24T16:45:42","modified_gmt":"2019-01-24T20:45:42","slug":"desarrollo-integracion-y-cooperacion-en-america-latina-y-asia-pacifico-perspectivas-y-rol-de-japon","status":"publish","type":"post","link":"https:\/\/cebem.org\/?p=4501","title":{"rendered":"Desarrollo, integraci\u00f3n y cooperaci\u00f3n en Am\u00e9rica Latina y Asia-Pacifico: perspectivas y rol de Jap\u00f3n"},"content":{"rendered":"\n<ul class=\"wp-block-gallery columns-1 is-cropped wp-block-gallery-1 is-layout-flex wp-block-gallery-is-layout-flex\"><li class=\"blocks-gallery-item\"><figure><img data-recalc-dims=\"1\" fetchpriority=\"high\" decoding=\"async\" width=\"700\" height=\"581\" src=\"https:\/\/i0.wp.com\/cebem.org\/wp-content\/uploads\/2019\/01\/2019.01.23.Imag-desarr-iep-1.jpg?resize=700%2C581\" alt=\"\" data-id=\"4514\" data-link=\"http:\/\/cebem.org\/?attachment_id=4514\" class=\"wp-image-4514\" srcset=\"https:\/\/i0.wp.com\/cebem.org\/wp-content\/uploads\/2019\/01\/2019.01.23.Imag-desarr-iep-1.jpg?w=700&amp;ssl=1 700w, https:\/\/i0.wp.com\/cebem.org\/wp-content\/uploads\/2019\/01\/2019.01.23.Imag-desarr-iep-1.jpg?resize=300%2C249&amp;ssl=1 300w, https:\/\/i0.wp.com\/cebem.org\/wp-content\/uploads\/2019\/01\/2019.01.23.Imag-desarr-iep-1.jpg?resize=600%2C498&amp;ssl=1 600w\" sizes=\"(max-width: 700px) 100vw, 700px\" \/><\/figure><\/li><\/ul>\n\n\n\n<p><a rel=\"noreferrer noopener\" aria-label=\"Los cuatro art\u00edculos aqu\u00ed reunidos (opens in a new tab)\" href=\"https:\/\/iep.org.pe\/fondo-editorial\/tienda-virtual\/desarrollo-integracion-y-cooperacion-en-america-latina-y-asia-pacifico-perspectivas-y-rol-de-japon\/\" target=\"_blank\">Los cuatro art\u00edculos aqu\u00ed reunidos<\/a> pretenden iniciar una discusi\u00f3n m\u00e1s activa sobre las relaciones entre Am\u00e9rica Latina y la regi\u00f3n del Asia-Pac\u00edfico. Los autores intentan as\u00ed analizar el pasado y el presente de dichas relaciones, en particular desde la perspectiva de Jap\u00f3n, y buscar un nuevo horizonte para ellas en este siglo. En un marco de globalizaci\u00f3n y de reacomodo de las hegemon\u00edas tanto econ\u00f3micas como pol\u00edticas, junto con el afianzamiento de las democracias en la regi\u00f3n, los art\u00edculos analizan temas como desarrollo y cooperaci\u00f3n internacional entre el Asia del Este y Latinoam\u00e9rica, comparando las din\u00e1micas de desarrollo de los pa\u00edses implicados (agroindustria, industria automotriz, criaderos de salm\u00f3n, etc.). Asimismo, se plantea una revisi\u00f3n de la relaci\u00f3n comercial asim\u00e9trica del Per\u00fa con el oriente de Asia para hacerla m\u00e1s equitativa. Finalmente, la perspectiva pol\u00edtica revisa las posibilidades de cimentar la relaci\u00f3n que tiene actualmente tanto Jap\u00f3n como los pa\u00edses de nuestra regi\u00f3n. <\/p>\n\n\n\n<h4 class=\"wp-block-heading\"><a href=\"https:\/\/iep.org.pe\/fondo-editorial\/tienda-virtual\/desarrollo-integracion-y-cooperacion-en-america-latina-y-asia-pacifico-perspectivas-y-rol-de-japon\/\" target=\"_blank\" rel=\"noreferrer noopener\" aria-label=\"Acceder al LIBRO (opens in a new tab)\">Acceder al LIBRO<\/a><\/h4>\n","protected":false},"excerpt":{"rendered":"<p>Los cuatro art\u00edculos aqu\u00ed reunidos pretenden iniciar una discusi\u00f3n m\u00e1s activa sobre las relaciones entre Am\u00e9rica Latina y la regi\u00f3n del Asia-Pac\u00edfico. Los autores intentan as\u00ed analizar el pasado y el presente de dichas relaciones, en particular desde la perspectiva de Jap\u00f3n, y buscar un nuevo horizonte para ellas en este siglo. En un marco &hellip; <\/p>\n<p><a class=\"more-link btn\" href=\"https:\/\/cebem.org\/?p=4501\">Seguir leyendo<\/a><\/p>\n","protected":false},"author":8,"featured_media":4514,"comment_status":"closed","ping_status":"closed","sticky":false,"template":"","format":"standard","meta":{"_jetpack_memberships_contains_paid_content":false,"footnotes":"","jetpack_publicize_message":"#LecturaRecomendada\n#Desarrollo, integraci\u00f3n y cooperaci\u00f3n en #Am\u00e9ricaLatina y #Asia-Pacifico: perspectivas y rol de #Jap\u00f3n","jetpack_publicize_feature_enabled":true,"jetpack_social_post_already_shared":true,"jetpack_social_options":{"image_generator_settings":{"template":"highway","default_image_id":0,"font":"","enabled":false},"version":2}},"categories":[7],"tags":[186,260,245,277,74],"class_list":["post-4501","post","type-post","status-publish","format-standard","has-post-thumbnail","hentry","category-otras-publicaciones","tag-america-latina","tag-boletin-1-2019","tag-desarrollo","tag-integracion","tag-libro","item-wrap"],"jetpack_publicize_connections":[],"jetpack_featured_media_url":"https:\/\/i0.wp.com\/cebem.org\/wp-content\/uploads\/2019\/01\/2019.01.23.Imag-desarr-iep-1.jpg?fit=700%2C581&ssl=1","jetpack_sharing_enabled":true,"_links":{"self":[{"href":"https:\/\/cebem.org\/index.php?rest_route=\/wp\/v2\/posts\/4501","targetHints":{"allow":["GET"]}}],"collection":[{"href":"https:\/\/cebem.org\/index.php?rest_route=\/wp\/v2\/posts"}],"about":[{"href":"https:\/\/cebem.org\/index.php?rest_route=\/wp\/v2\/types\/post"}],"author":[{"embeddable":true,"href":"https:\/\/cebem.org\/index.php?rest_route=\/wp\/v2\/users\/8"}],"replies":[{"embeddable":true,"href":"https:\/\/cebem.org\/index.php?rest_route=%2Fwp%2Fv2%2Fcomments&post=4501"}],"version-history":[{"count":3,"href":"https:\/\/cebem.org\/index.php?rest_route=\/wp\/v2\/posts\/4501\/revisions"}],"predecessor-version":[{"id":4578,"href":"https:\/\/cebem.org\/index.php?rest_route=\/wp\/v2\/posts\/4501\/revisions\/4578"}],"wp:featuredmedia":[{"embeddable":true,"href":"https:\/\/cebem.org\/index.php?rest_route=\/wp\/v2\/media\/4514"}],"wp:attachment":[{"href":"https:\/\/cebem.org\/index.php?rest_route=%2Fwp%2Fv2%2Fmedia&parent=4501"}],"wp:term":[{"taxonomy":"category","embeddable":true,"href":"https:\/\/cebem.org\/index.php?rest_route=%2Fwp%2Fv2%2Fcategories&post=4501"},{"taxonomy":"post_tag","embeddable":true,"href":"https:\/\/cebem.org\/index.php?rest_route=%2Fwp%2Fv2%2Ftags&post=4501"}],"curies":[{"name":"wp","href":"https:\/\/api.w.org\/{rel}","templated":true}]}}