
{"id":4404,"date":"2018-12-20T08:00:53","date_gmt":"2018-12-20T12:00:53","guid":{"rendered":"http:\/\/cebem.org\/?p=4404"},"modified":"2018-12-19T20:16:09","modified_gmt":"2018-12-20T00:16:09","slug":"boletin-reforme-no-697","status":"publish","type":"post","link":"https:\/\/cebem.org\/?p=4404","title":{"rendered":"Bolet\u00edn Reforme No. 697"},"content":{"rendered":"<p><img data-recalc-dims=\"1\" fetchpriority=\"high\" decoding=\"async\" class=\"size-medium wp-image-4408 alignleft\" src=\"https:\/\/i0.wp.com\/cebem.org\/wp-content\/uploads\/2018\/12\/46296_109091099148788_3664568_n-300x300.jpg?resize=300%2C300\" alt=\"\" width=\"300\" height=\"300\" srcset=\"https:\/\/i0.wp.com\/cebem.org\/wp-content\/uploads\/2018\/12\/46296_109091099148788_3664568_n.jpg?resize=300%2C300&amp;ssl=1 300w, https:\/\/i0.wp.com\/cebem.org\/wp-content\/uploads\/2018\/12\/46296_109091099148788_3664568_n.jpg?resize=150%2C150&amp;ssl=1 150w, https:\/\/i0.wp.com\/cebem.org\/wp-content\/uploads\/2018\/12\/46296_109091099148788_3664568_n.jpg?resize=600%2C600&amp;ssl=1 600w, https:\/\/i0.wp.com\/cebem.org\/wp-content\/uploads\/2018\/12\/46296_109091099148788_3664568_n.jpg?w=720&amp;ssl=1 720w\" sizes=\"(max-width: 300px) 100vw, 300px\" \/><\/p>\n<p class=\"important\" style=\"text-align: justify;\">El Centro Latinoamericano de Administraci\u00f3n para el Desarrollo, <a href=\"https:\/\/www.clad.org\/acerca-de\/clad\" target=\"_blank\" rel=\"noopener\">CLAD<\/a>, es un organismo p\u00fablico internacional, de car\u00e1cter intergubernamental.<\/p>\n<p style=\"text-align: justify;\">Se\u00a0constituy\u00f3 en el a\u00f1o 1972\u00a0bajo la iniciativa de los gobiernos de M\u00e9xico, Per\u00fa y Venezuela.<\/p>\n<p style=\"text-align: justify;\">Su sede se encuentra en Caracas, Rep\u00fablica Bolivariana de Venezuela, de conformidad con la \u201cLey Aprobatoria del Acuerdo de Sede entre el Gobierno de la Rep\u00fablica de Venezuela y el Centro Latinoamericano de Administraci\u00f3n para el Desarrollo\u201d (G.O. N\u00ba 2.718 del 30 de diciembre de 1980).<\/p>\n<p style=\"text-align: justify;\">Su creaci\u00f3n fue respaldada por la Asamblea General de las Naciones Unidas (Resoluci\u00f3n 2845 &#8211; XXVI) con la idea de establecer una entidad regional que tuviera como eje de su actividad la modernizaci\u00f3n de las administraciones p\u00fablicas, un factor estrat\u00e9gico en el proceso de desarrollo econ\u00f3mico y social.<\/p>\n<h4 style=\"text-align: center;\"><a href=\"https:\/\/mailchi.mp\/clad\/boletn-reforme-no-697\" target=\"_blank\" rel=\"noopener\">Ver bolet\u00edn N\u00b0 697<\/a><\/h4>\n","protected":false},"excerpt":{"rendered":"<p>El Centro Latinoamericano de Administraci\u00f3n para el Desarrollo, CLAD, es un organismo p\u00fablico internacional, de car\u00e1cter intergubernamental. Se\u00a0constituy\u00f3 en el a\u00f1o 1972\u00a0bajo la iniciativa de los gobiernos de M\u00e9xico, Per\u00fa y Venezuela. Su sede se encuentra en Caracas, Rep\u00fablica Bolivariana de Venezuela, de conformidad con la \u201cLey Aprobatoria del Acuerdo de Sede entre el Gobierno &hellip; <\/p>\n<p><a class=\"more-link btn\" href=\"https:\/\/cebem.org\/?p=4404\">Seguir leyendo<\/a><\/p>\n","protected":false},"author":8,"featured_media":4408,"comment_status":"closed","ping_status":"closed","sticky":false,"template":"","format":"standard","meta":{"_jetpack_memberships_contains_paid_content":false,"footnotes":"","jetpack_publicize_message":"#Bolet\u00edn Reforme No. 697","jetpack_publicize_feature_enabled":true,"jetpack_social_post_already_shared":true,"jetpack_social_options":{"image_generator_settings":{"template":"highway","default_image_id":0,"font":"","enabled":false},"version":2}},"categories":[7],"tags":[228,245],"class_list":["post-4404","post","type-post","status-publish","format-standard","has-post-thumbnail","hentry","category-otras-publicaciones","tag-boletin-9-2018","tag-desarrollo","item-wrap"],"jetpack_publicize_connections":[],"jetpack_featured_media_url":"https:\/\/i0.wp.com\/cebem.org\/wp-content\/uploads\/2018\/12\/46296_109091099148788_3664568_n.jpg?fit=720%2C720&ssl=1","jetpack_sharing_enabled":true,"_links":{"self":[{"href":"https:\/\/cebem.org\/index.php?rest_route=\/wp\/v2\/posts\/4404","targetHints":{"allow":["GET"]}}],"collection":[{"href":"https:\/\/cebem.org\/index.php?rest_route=\/wp\/v2\/posts"}],"about":[{"href":"https:\/\/cebem.org\/index.php?rest_route=\/wp\/v2\/types\/post"}],"author":[{"embeddable":true,"href":"https:\/\/cebem.org\/index.php?rest_route=\/wp\/v2\/users\/8"}],"replies":[{"embeddable":true,"href":"https:\/\/cebem.org\/index.php?rest_route=%2Fwp%2Fv2%2Fcomments&post=4404"}],"version-history":[{"count":2,"href":"https:\/\/cebem.org\/index.php?rest_route=\/wp\/v2\/posts\/4404\/revisions"}],"predecessor-version":[{"id":4415,"href":"https:\/\/cebem.org\/index.php?rest_route=\/wp\/v2\/posts\/4404\/revisions\/4415"}],"wp:featuredmedia":[{"embeddable":true,"href":"https:\/\/cebem.org\/index.php?rest_route=\/wp\/v2\/media\/4408"}],"wp:attachment":[{"href":"https:\/\/cebem.org\/index.php?rest_route=%2Fwp%2Fv2%2Fmedia&parent=4404"}],"wp:term":[{"taxonomy":"category","embeddable":true,"href":"https:\/\/cebem.org\/index.php?rest_route=%2Fwp%2Fv2%2Fcategories&post=4404"},{"taxonomy":"post_tag","embeddable":true,"href":"https:\/\/cebem.org\/index.php?rest_route=%2Fwp%2Fv2%2Ftags&post=4404"}],"curies":[{"name":"wp","href":"https:\/\/api.w.org\/{rel}","templated":true}]}}