
{"id":4360,"date":"2018-12-19T22:00:38","date_gmt":"2018-12-20T02:00:38","guid":{"rendered":"http:\/\/cebem.org\/?p=4360"},"modified":"2018-12-19T20:08:16","modified_gmt":"2018-12-20T00:08:16","slug":"bulletin-de-linstitut-francais-detudes-andines-2017","status":"publish","type":"post","link":"https:\/\/cebem.org\/?p=4360","title":{"rendered":"BULLETIN de l&#8217;Institut Fran\u00e7ais d&#8217;\u00c8tudes Andines &#8211; 2017"},"content":{"rendered":"<p style=\"text-align: justify;\">El Bolet\u00edn del <a href=\"http:\/\/www.ifea.org.pe\/\" target=\"_blank\" rel=\"noopener\">Instituto Franc\u00e9s de Estudios Andinos<\/a> es una revista pluridisciplinaria bajo la direcci\u00f3n de un comit\u00e9 cient\u00edfico, en ciencias sociales y humanas, creada en 1972. Sus tres n\u00fameros anuales (dos miscel\u00e1neos y uno tem\u00e1tico) presentan art\u00edculos cient\u00edficos in\u00e9ditos sobre los pa\u00edses andinos donde trabaja el IFEA: Bolivia, Colombia, Ecuador y Per\u00fa. Esta permite la difusi\u00f3n de los conocimientos aportados por los investigadores o ex investigadores de l\u2019IFEA, as\u00ed como por los investigadores andinos o andinistas trabajando sobre esta \u00e1rea geogr\u00e1fica. La revista es difundida por todo el mundo en los centros de investigaci\u00f3n, universidades, etc.<\/p>\n<p><img data-recalc-dims=\"1\" fetchpriority=\"high\" decoding=\"async\" class=\"size-medium wp-image-4364 alignleft\" src=\"https:\/\/i0.wp.com\/cebem.org\/wp-content\/uploads\/2018\/12\/bulletin-46-1-large-212x300.jpg?resize=212%2C300\" alt=\"\" width=\"212\" height=\"300\" srcset=\"https:\/\/i0.wp.com\/cebem.org\/wp-content\/uploads\/2018\/12\/bulletin-46-1-large.jpg?resize=212%2C300&amp;ssl=1 212w, https:\/\/i0.wp.com\/cebem.org\/wp-content\/uploads\/2018\/12\/bulletin-46-1-large.jpg?w=495&amp;ssl=1 495w\" sizes=\"(max-width: 212px) 100vw, 212px\" \/><\/p>\n<div class=\"encabezado\">\n<div class=\"titulo\">\n<p>&nbsp;<\/p>\n<p>Tome 46 (1), 2017 &#8211; La orfebrer\u00eda en los Andes en la \u00e9poca inca (siglos XV-XVI)<\/p>\n<\/div>\n<\/div>\n<ul>\n<li><span class=\"azul\">N\u00b0:<\/span>\u00a0Tomo 46 (1),\u00a02017<\/li>\n<li><span class=\"azul\">Autores:<\/span>\u00a0M-F. GUERRA, P. N\u00da\u00d1EZ-REGUEIRO (eds.)<\/li>\n<li><span class=\"azul\">Editores:<\/span>\u00a0Instituto Franc\u00e9s de Estudios Andinos (IFEA)<\/li>\n<li><span class=\"azul\">Paginaci\u00f3n:<\/span>\u00a0p. 1- 310 r\u00e9s. (Es., Fr., Angl.), ill., bibliogr.<\/li>\n<\/ul>\n<p><a href=\"http:\/\/www.ifea.org.pe\/libreria\/bulletin\/2017\/\" target=\"_blank\" rel=\"noopener\"><strong>Ver\u00a0bolet\u00edn<\/strong><\/a><\/p>\n<p>&nbsp;<\/p>\n<p>&nbsp;<\/p>\n<p>&nbsp;<\/p>\n<p><img data-recalc-dims=\"1\" decoding=\"async\" class=\"size-medium wp-image-4365 alignleft\" src=\"https:\/\/i0.wp.com\/cebem.org\/wp-content\/uploads\/2018\/12\/bulletin-46-2-large-212x300.jpg?resize=212%2C300\" alt=\"\" width=\"212\" height=\"300\" srcset=\"https:\/\/i0.wp.com\/cebem.org\/wp-content\/uploads\/2018\/12\/bulletin-46-2-large.jpg?resize=212%2C300&amp;ssl=1 212w, https:\/\/i0.wp.com\/cebem.org\/wp-content\/uploads\/2018\/12\/bulletin-46-2-large.jpg?w=495&amp;ssl=1 495w\" sizes=\"(max-width: 212px) 100vw, 212px\" \/><\/p>\n<div class=\"encabezado\">\n<div class=\"titulo\">\n<p>&nbsp;<\/p>\n<p>Tome 46 (2), 2017<\/p>\n<\/div>\n<\/div>\n<ul>\n<li><span class=\"azul\">N\u00b0:<\/span>\u00a0Tomo 46 (2),\u00a02017<\/li>\n<li><span class=\"azul\">Autores:<\/span>\u00a0Varios<\/li>\n<li><span class=\"azul\">Editores:<\/span>\u00a0Instituto Franc\u00e9s de Estudios Andinos (IFEA)<\/li>\n<li><span class=\"azul\">Paginaci\u00f3n:<\/span>\u00a0311- 401 pp.<\/li>\n<\/ul>\n<p><a href=\"http:\/\/www.ifea.org.pe\/libreria\/bulletin\/2017\/\" target=\"_blank\" rel=\"noopener\"><strong>Ver\u00a0bolet\u00edn<\/strong><\/a><\/p>\n<p>&nbsp;<\/p>\n<p>&nbsp;<\/p>\n<p>&nbsp;<\/p>\n<p>&nbsp;<\/p>\n<p><img data-recalc-dims=\"1\" decoding=\"async\" class=\"size-medium wp-image-4366 alignleft\" src=\"https:\/\/i0.wp.com\/cebem.org\/wp-content\/uploads\/2018\/12\/bulletin-46-3-large-212x300.jpg?resize=212%2C300\" alt=\"\" width=\"212\" height=\"300\" srcset=\"https:\/\/i0.wp.com\/cebem.org\/wp-content\/uploads\/2018\/12\/bulletin-46-3-large.jpg?resize=212%2C300&amp;ssl=1 212w, https:\/\/i0.wp.com\/cebem.org\/wp-content\/uploads\/2018\/12\/bulletin-46-3-large.jpg?w=495&amp;ssl=1 495w\" sizes=\"(max-width: 212px) 100vw, 212px\" \/><\/p>\n<div class=\"encabezado\">\n<div class=\"titulo\">\n<p>Tome 46 (3), 2017 &#8211; Miradas sobre el h\u00e1bitat popular en el Per\u00fa<\/p>\n<\/div>\n<\/div>\n<ul>\n<li><span class=\"azul\">N\u00b0:<\/span>\u00a0Tomo 46 (2),\u00a02017<\/li>\n<li><span class=\"azul\">Autores:<\/span>\u00a0M. DAMMERT GUARDIA, J. ROBERT, P. VEGA CENTENO (eds.)<\/li>\n<li><span class=\"azul\">Editores:<\/span>\u00a0Instituto Franc\u00e9s de Estudios Andinos (IFEA)<\/li>\n<li><span class=\"azul\">Paginaci\u00f3n:<\/span>\u00a0311- 401 pp.<\/li>\n<\/ul>\n<p><a href=\"http:\/\/www.ifea.org.pe\/libreria\/bulletin\/2017\/\" target=\"_blank\" rel=\"noopener\"><strong>Ver\u00a0bolet\u00edn<\/strong><\/a><\/p>\n","protected":false},"excerpt":{"rendered":"<p>El Bolet\u00edn del Instituto Franc\u00e9s de Estudios Andinos es una revista pluridisciplinaria bajo la direcci\u00f3n de un comit\u00e9 cient\u00edfico, en ciencias sociales y humanas, creada en 1972. Sus tres n\u00fameros anuales (dos miscel\u00e1neos y uno tem\u00e1tico) presentan art\u00edculos cient\u00edficos in\u00e9ditos sobre los pa\u00edses andinos donde trabaja el IFEA: Bolivia, Colombia, Ecuador y Per\u00fa. Esta permite &hellip; <\/p>\n<p><a class=\"more-link btn\" href=\"https:\/\/cebem.org\/?p=4360\">Seguir leyendo<\/a><\/p>\n","protected":false},"author":8,"featured_media":4364,"comment_status":"closed","ping_status":"closed","sticky":false,"template":"","format":"standard","meta":{"_jetpack_memberships_contains_paid_content":false,"footnotes":"","jetpack_publicize_message":"#Bolet\u00edn del Instituto Franc\u00e9s de Estudios Andinos.\r\nLes presentamos el: BULLETIN de l'Institut #Fran\u00e7ais d'\u00c8tudes #Andines - 2017","jetpack_publicize_feature_enabled":true,"jetpack_social_post_already_shared":true,"jetpack_social_options":{"image_generator_settings":{"template":"highway","default_image_id":0,"font":"","enabled":false},"version":2}},"categories":[7],"tags":[228,248,249],"class_list":["post-4360","post","type-post","status-publish","format-standard","has-post-thumbnail","hentry","category-otras-publicaciones","tag-boletin-9-2018","tag-estudios-andinos","tag-institut-francais","item-wrap"],"jetpack_publicize_connections":[],"jetpack_featured_media_url":"https:\/\/i0.wp.com\/cebem.org\/wp-content\/uploads\/2018\/12\/bulletin-46-1-large.jpg?fit=495%2C700&ssl=1","jetpack_sharing_enabled":true,"_links":{"self":[{"href":"https:\/\/cebem.org\/index.php?rest_route=\/wp\/v2\/posts\/4360","targetHints":{"allow":["GET"]}}],"collection":[{"href":"https:\/\/cebem.org\/index.php?rest_route=\/wp\/v2\/posts"}],"about":[{"href":"https:\/\/cebem.org\/index.php?rest_route=\/wp\/v2\/types\/post"}],"author":[{"embeddable":true,"href":"https:\/\/cebem.org\/index.php?rest_route=\/wp\/v2\/users\/8"}],"replies":[{"embeddable":true,"href":"https:\/\/cebem.org\/index.php?rest_route=%2Fwp%2Fv2%2Fcomments&post=4360"}],"version-history":[{"count":4,"href":"https:\/\/cebem.org\/index.php?rest_route=\/wp\/v2\/posts\/4360\/revisions"}],"predecessor-version":[{"id":4413,"href":"https:\/\/cebem.org\/index.php?rest_route=\/wp\/v2\/posts\/4360\/revisions\/4413"}],"wp:featuredmedia":[{"embeddable":true,"href":"https:\/\/cebem.org\/index.php?rest_route=\/wp\/v2\/media\/4364"}],"wp:attachment":[{"href":"https:\/\/cebem.org\/index.php?rest_route=%2Fwp%2Fv2%2Fmedia&parent=4360"}],"wp:term":[{"taxonomy":"category","embeddable":true,"href":"https:\/\/cebem.org\/index.php?rest_route=%2Fwp%2Fv2%2Fcategories&post=4360"},{"taxonomy":"post_tag","embeddable":true,"href":"https:\/\/cebem.org\/index.php?rest_route=%2Fwp%2Fv2%2Ftags&post=4360"}],"curies":[{"name":"wp","href":"https:\/\/api.w.org\/{rel}","templated":true}]}}