
{"id":4198,"date":"2018-11-27T22:00:56","date_gmt":"2018-11-28T02:00:56","guid":{"rendered":"http:\/\/cebem.org\/?p=4198"},"modified":"2018-11-27T12:32:24","modified_gmt":"2018-11-27T16:32:24","slug":"mision-internacional-gobierno-local-con-enfoque-de-genero","status":"publish","type":"post","link":"https:\/\/cebem.org\/?p=4198","title":{"rendered":"Misi\u00f3n Internacional: Gobierno local con enfoque de g\u00e9nero"},"content":{"rendered":"<p><strong><img data-recalc-dims=\"1\" fetchpriority=\"high\" decoding=\"async\" class=\"alignleft wp-image-4202\" src=\"https:\/\/i0.wp.com\/cebem.org\/wp-content\/uploads\/2018\/11\/PROGRAMA-FINAL-PGA-001-212x300.jpg?resize=300%2C424\" alt=\"\" width=\"300\" height=\"424\" srcset=\"https:\/\/i0.wp.com\/cebem.org\/wp-content\/uploads\/2018\/11\/PROGRAMA-FINAL-PGA-001.jpg?resize=212%2C300&amp;ssl=1 212w, https:\/\/i0.wp.com\/cebem.org\/wp-content\/uploads\/2018\/11\/PROGRAMA-FINAL-PGA-001.jpg?resize=768%2C1086&amp;ssl=1 768w, https:\/\/i0.wp.com\/cebem.org\/wp-content\/uploads\/2018\/11\/PROGRAMA-FINAL-PGA-001.jpg?resize=724%2C1024&amp;ssl=1 724w, https:\/\/i0.wp.com\/cebem.org\/wp-content\/uploads\/2018\/11\/PROGRAMA-FINAL-PGA-001.jpg?resize=600%2C848&amp;ssl=1 600w, https:\/\/i0.wp.com\/cebem.org\/wp-content\/uploads\/2018\/11\/PROGRAMA-FINAL-PGA-001.jpg?w=1191&amp;ssl=1 1191w\" sizes=\"(max-width: 300px) 100vw, 300px\" \/>GOBIERNO LOCAL CON ENFOQUE DE G\u00c9NERO: LIDERAR EN CLAVE DE IGUALDAD<\/strong><\/p>\n<p><strong>Andalucia, Espa\u00f1a &#8211; 17 al 23 de marzo de 2019\u00a0<\/strong><\/p>\n<p>Esta Misi\u00f3n T\u00e9cnica Internacional tiene como objeto propiciar la actualizaci\u00f3n de conocimientos a autoridades municipales, directivas\/os, t\u00e9cnicas\/os, l\u00edderes\/as y profesionales del \u00e1mbito local desde el <strong>enfoque de g\u00e9nero, de derechos humanos y derechos de las mujeres<\/strong>, fortaleciendo el liderazgo, el empoderamiento pol\u00edtico y econ\u00f3mico y sus capacidades en t\u00e9cnicas de gesti\u00f3n y gerencia p\u00fablica local, a fin de favorecer la representaci\u00f3n sustantiva y compromisos efectivos en la incorporaci\u00f3n de la perspectiva de g\u00e9nero en planes y pol\u00edticas a nivel territorial y la acci\u00f3n pol\u00edtica a favor de la igualdad sustantiva.<\/p>\n<p>El programa de la Misi\u00f3n incluye experiencias en las que se ha buscado la apuesta p\u00fablica por la igualdad de oportunidades, la aplicaci\u00f3n transversal de g\u00e9nero en las pol\u00edticas p\u00fablicas y la equidad, con el prop\u00f3sito de visualizar as\u00ed retos y l\u00edneas que puedan transferirse e instalarse en las esferas de los municipios.<\/p>\n<p>La Misi\u00f3n T\u00e9cnica Internacional sobre Gobierno Local con enfoque de G\u00e9nero se celebrar\u00e1 en el marco del <strong>mes de la Mujer Trabajadora<\/strong> como forma de visibilizar e incentivar la participaci\u00f3n pol\u00edtica de las mujeres de Iberoam\u00e9rica.<\/p>\n<p>La misi\u00f3n es liderada por la <strong>Uni\u00f3n Iberoamericana de Municipalistas<\/strong> (UIM) a trav\u00e9s de su Red Iberoamericana de Municipios por la Igualdad de G\u00e9nero (RIMIG), el Centro de Estudios Pol\u00edticos de Acci\u00f3n Afirmativa (M\u00e9xico) y en alianza con la Iniciativa DELGEN (Desarrollo Econ\u00f3mico Local con enfoque de G\u00e9nero) integrado por el Programa de las Naciones Unidas para el Desarrollo (PNUD), la Federaci\u00f3n Canadiense de Municipalidades (FCM), el Centro Cooperativo Sueco (We Effect), el Centro de investigaci\u00f3n de la Universidad de Florencia \u2013 (ARCO Lab), el Instituto Vasco de la Mujer (Emakunde) y la Uni\u00f3n de Universidades de Am\u00e9rica Latina y el Caribe (UDUAL).<\/p>\n<p>Para mayor informaci\u00f3n contacte con la Organizaci\u00f3n T\u00e9cnica de la Misi\u00f3n a trav\u00e9s del correo<br \/>\nelectr\u00f3nico de la Red Iberoamericana de Municipios por la Igualdad de G\u00e9nero:<br \/>\nredgenero@uimunicipalistas.org o + 34 958 215 047.<\/p>\n<h4><a href=\"http:\/\/cebem.org\/wp-content\/uploads\/2018\/11\/PROGRAMA-FINAL-PGA.pdf\" target=\"_blank\" rel=\"noopener\">Descarga el programa ampliado de la actividad<\/a><\/h4>\n","protected":false},"excerpt":{"rendered":"<p>GOBIERNO LOCAL CON ENFOQUE DE G\u00c9NERO: LIDERAR EN CLAVE DE IGUALDAD Andalucia, Espa\u00f1a &#8211; 17 al 23 de marzo de 2019\u00a0 Esta Misi\u00f3n T\u00e9cnica Internacional tiene como objeto propiciar la actualizaci\u00f3n de conocimientos a autoridades municipales, directivas\/os, t\u00e9cnicas\/os, l\u00edderes\/as y profesionales del \u00e1mbito local desde el enfoque de g\u00e9nero, de derechos humanos y derechos de &hellip; <\/p>\n<p><a class=\"more-link btn\" href=\"https:\/\/cebem.org\/?p=4198\">Seguir leyendo<\/a><\/p>\n","protected":false},"author":7,"featured_media":4203,"comment_status":"closed","ping_status":"closed","sticky":false,"template":"","format":"standard","meta":{"_jetpack_memberships_contains_paid_content":false,"footnotes":"","jetpack_publicize_message":"Misi\u00f3n Internacional: Gobierno local con enfoque de #g\u00e9nero @uimunicipalista","jetpack_publicize_feature_enabled":true,"jetpack_social_post_already_shared":true,"jetpack_social_options":{"image_generator_settings":{"template":"highway","default_image_id":0,"font":"","enabled":false},"version":2}},"categories":[34],"tags":[179,221,76,43,44,203],"class_list":["post-4198","post","type-post","status-publish","format-standard","has-post-thumbnail","hentry","category-eventos","tag-boletin-8-2018","tag-derechos-de-la-mujeres","tag-derechos-humanos","tag-genero","tag-igualdad-de-genero","tag-uim","item-wrap"],"jetpack_publicize_connections":[],"jetpack_featured_media_url":"https:\/\/i0.wp.com\/cebem.org\/wp-content\/uploads\/2018\/11\/PROGRAMA-FINAL-PGA-001-1.jpg?fit=1191%2C1684&ssl=1","jetpack_sharing_enabled":true,"_links":{"self":[{"href":"https:\/\/cebem.org\/index.php?rest_route=\/wp\/v2\/posts\/4198","targetHints":{"allow":["GET"]}}],"collection":[{"href":"https:\/\/cebem.org\/index.php?rest_route=\/wp\/v2\/posts"}],"about":[{"href":"https:\/\/cebem.org\/index.php?rest_route=\/wp\/v2\/types\/post"}],"author":[{"embeddable":true,"href":"https:\/\/cebem.org\/index.php?rest_route=\/wp\/v2\/users\/7"}],"replies":[{"embeddable":true,"href":"https:\/\/cebem.org\/index.php?rest_route=%2Fwp%2Fv2%2Fcomments&post=4198"}],"version-history":[{"count":4,"href":"https:\/\/cebem.org\/index.php?rest_route=\/wp\/v2\/posts\/4198\/revisions"}],"predecessor-version":[{"id":4214,"href":"https:\/\/cebem.org\/index.php?rest_route=\/wp\/v2\/posts\/4198\/revisions\/4214"}],"wp:featuredmedia":[{"embeddable":true,"href":"https:\/\/cebem.org\/index.php?rest_route=\/wp\/v2\/media\/4203"}],"wp:attachment":[{"href":"https:\/\/cebem.org\/index.php?rest_route=%2Fwp%2Fv2%2Fmedia&parent=4198"}],"wp:term":[{"taxonomy":"category","embeddable":true,"href":"https:\/\/cebem.org\/index.php?rest_route=%2Fwp%2Fv2%2Fcategories&post=4198"},{"taxonomy":"post_tag","embeddable":true,"href":"https:\/\/cebem.org\/index.php?rest_route=%2Fwp%2Fv2%2Ftags&post=4198"}],"curies":[{"name":"wp","href":"https:\/\/api.w.org\/{rel}","templated":true}]}}