
{"id":4145,"date":"2018-11-15T10:52:13","date_gmt":"2018-11-15T14:52:13","guid":{"rendered":"http:\/\/cebem.org\/?p=4145"},"modified":"2018-11-15T10:52:13","modified_gmt":"2018-11-15T14:52:13","slug":"curso-internacional-sobre-democracia-y-participacion","status":"publish","type":"post","link":"https:\/\/cebem.org\/?p=4145","title":{"rendered":"Curso Internacional sobre Democracia y Participaci\u00f3n"},"content":{"rendered":"<p><a href=\"https:\/\/i0.wp.com\/cebem.org\/wp-content\/uploads\/2018\/11\/curso-internacional-democracia-participacion.jpg\"><img data-recalc-dims=\"1\" fetchpriority=\"high\" decoding=\"async\" class=\"aligncenter wp-image-4153\" src=\"https:\/\/i0.wp.com\/cebem.org\/wp-content\/uploads\/2018\/11\/curso-internacional-democracia-participacion.jpg?resize=600%2C444\" alt=\"\" width=\"600\" height=\"444\" srcset=\"https:\/\/i0.wp.com\/cebem.org\/wp-content\/uploads\/2018\/11\/curso-internacional-democracia-participacion.jpg?w=960&amp;ssl=1 960w, https:\/\/i0.wp.com\/cebem.org\/wp-content\/uploads\/2018\/11\/curso-internacional-democracia-participacion.jpg?resize=300%2C222&amp;ssl=1 300w, https:\/\/i0.wp.com\/cebem.org\/wp-content\/uploads\/2018\/11\/curso-internacional-democracia-participacion.jpg?resize=768%2C568&amp;ssl=1 768w, https:\/\/i0.wp.com\/cebem.org\/wp-content\/uploads\/2018\/11\/curso-internacional-democracia-participacion.jpg?resize=600%2C444&amp;ssl=1 600w\" sizes=\"(max-width: 600px) 100vw, 600px\" \/><\/a>La Carrera de Ciencia Pol\u00edtica y Gesti\u00f3n P\u00fablica invita a la comunidad universitaria al <strong>CURSO INTERNACIONAL SOBRE DEMOCRACIA Y PARTICIPACI\u00d3N<\/strong>, a ser impartidos por el <strong>Prof. Alfredo Gugliano, Ph.D. docente de la Universidad Federal de R\u00edo Grande do Sul-Brasil<\/strong>, a ser desarrollada en el Sal\u00f3n Intercultural Facultativo y Aula Magna de la Carrera en las siguientes fechas:<\/p>\n<ul>\n<li>Viernes 16 de noviembre<br \/>\nTema: <strong>La crisis pol\u00edtica brasile\u00f1a dede la \u00f3ptica de la crisis de la democracia<\/strong><br \/>\nHoras: 10:00 \u2013 12:00<br \/>\nLugar: Sal\u00f3n Intercultural F.D.C.P.<\/li>\n<\/ul>\n<p>&nbsp;<\/p>\n<ul>\n<li>Lunes 19 de noviembre<br \/>\nTema: <strong>La deposici\u00f3n de Dilma Rousseff y su impacto pol\u00edtico: \u00bfGolpe o Impeachment?<\/strong><br \/>\nHoras: 10:00 \u2013 12:00<br \/>\nLugar: Aula Magna<\/li>\n<\/ul>\n<p>&nbsp;<\/p>\n<ul>\n<li>Martes 20 de noviembre<br \/>\nTema: <strong>Las elecciones presidenciales brasile\u00f1as del 2018<\/strong><br \/>\nHoras: 10:00 \u2013 12:00<br \/>\nLugar: Aula Magna<\/li>\n<\/ul>\n<p>&nbsp;<\/p>\n<h4><a href=\"https:\/\/www.facebook.com\/CienciaPoliticaOficial\/\" target=\"_blank\" rel=\"noopener\">M\u00e1s informaci\u00f3n<\/a><\/h4>\n","protected":false},"excerpt":{"rendered":"<p>La Carrera de Ciencia Pol\u00edtica y Gesti\u00f3n P\u00fablica invita a la comunidad universitaria al CURSO INTERNACIONAL SOBRE DEMOCRACIA Y PARTICIPACI\u00d3N, a ser impartidos por el Prof. Alfredo Gugliano, Ph.D. docente de la Universidad Federal de R\u00edo Grande do Sul-Brasil, a ser desarrollada en el Sal\u00f3n Intercultural Facultativo y Aula Magna de la Carrera en las &hellip; <\/p>\n<p><a class=\"more-link btn\" href=\"https:\/\/cebem.org\/?p=4145\">Seguir leyendo<\/a><\/p>\n","protected":false},"author":2,"featured_media":4153,"comment_status":"closed","ping_status":"closed","sticky":false,"template":"","format":"standard","meta":{"_jetpack_memberships_contains_paid_content":false,"footnotes":"","jetpack_publicize_message":"#Curso Internacional sobre #Democracia y Participaci\u00f3n\r\n\r\n16, 19 y 20 de noviembre #LaPaz #Bolivia","jetpack_publicize_feature_enabled":true,"jetpack_social_post_already_shared":true,"jetpack_social_options":{"image_generator_settings":{"template":"highway","default_image_id":0,"font":"","enabled":false},"version":2}},"categories":[10],"tags":[115,38,211],"class_list":["post-4145","post","type-post","status-publish","format-standard","has-post-thumbnail","hentry","category-otros-cursos","tag-brasil","tag-curso","tag-democracia","item-wrap"],"jetpack_publicize_connections":[],"jetpack_featured_media_url":"https:\/\/i0.wp.com\/cebem.org\/wp-content\/uploads\/2018\/11\/curso-internacional-democracia-participacion.jpg?fit=960%2C710&ssl=1","jetpack_sharing_enabled":true,"_links":{"self":[{"href":"https:\/\/cebem.org\/index.php?rest_route=\/wp\/v2\/posts\/4145","targetHints":{"allow":["GET"]}}],"collection":[{"href":"https:\/\/cebem.org\/index.php?rest_route=\/wp\/v2\/posts"}],"about":[{"href":"https:\/\/cebem.org\/index.php?rest_route=\/wp\/v2\/types\/post"}],"author":[{"embeddable":true,"href":"https:\/\/cebem.org\/index.php?rest_route=\/wp\/v2\/users\/2"}],"replies":[{"embeddable":true,"href":"https:\/\/cebem.org\/index.php?rest_route=%2Fwp%2Fv2%2Fcomments&post=4145"}],"version-history":[{"count":1,"href":"https:\/\/cebem.org\/index.php?rest_route=\/wp\/v2\/posts\/4145\/revisions"}],"predecessor-version":[{"id":4155,"href":"https:\/\/cebem.org\/index.php?rest_route=\/wp\/v2\/posts\/4145\/revisions\/4155"}],"wp:featuredmedia":[{"embeddable":true,"href":"https:\/\/cebem.org\/index.php?rest_route=\/wp\/v2\/media\/4153"}],"wp:attachment":[{"href":"https:\/\/cebem.org\/index.php?rest_route=%2Fwp%2Fv2%2Fmedia&parent=4145"}],"wp:term":[{"taxonomy":"category","embeddable":true,"href":"https:\/\/cebem.org\/index.php?rest_route=%2Fwp%2Fv2%2Fcategories&post=4145"},{"taxonomy":"post_tag","embeddable":true,"href":"https:\/\/cebem.org\/index.php?rest_route=%2Fwp%2Fv2%2Ftags&post=4145"}],"curies":[{"name":"wp","href":"https:\/\/api.w.org\/{rel}","templated":true}]}}