
{"id":4117,"date":"2019-03-01T18:51:30","date_gmt":"2019-03-01T22:51:30","guid":{"rendered":"http:\/\/cebem.org\/?p=4117"},"modified":"2019-05-17T11:10:48","modified_gmt":"2019-05-17T15:10:48","slug":"curso-virtual-herramientas-de-gestion-ambiental-local","status":"publish","type":"post","link":"https:\/\/cebem.org\/?p=4117","title":{"rendered":"Curso Virtual: Herramientas de Gesti\u00f3n Ambiental Local"},"content":{"rendered":"\n<div class=\"wp-block-image\"><figure class=\"aligncenter is-resized\"><a href=\"https:\/\/i0.wp.com\/cebem.org\/wp-content\/uploads\/2018\/11\/herramientas-gestion-ambiental.jpg\"><img data-recalc-dims=\"1\" fetchpriority=\"high\" decoding=\"async\" src=\"https:\/\/i0.wp.com\/cebem.org\/wp-content\/uploads\/2018\/11\/bann-herramientas-gestion-ambiental-1024x701.jpg?resize=512%2C351\" alt=\"curso-gesti\u00f3n-ambiental-local\" class=\"wp-image-5062\" width=\"512\" height=\"351\" srcset=\"https:\/\/i0.wp.com\/cebem.org\/wp-content\/uploads\/2018\/11\/bann-herramientas-gestion-ambiental.jpg?w=1024&amp;ssl=1 1024w, https:\/\/i0.wp.com\/cebem.org\/wp-content\/uploads\/2018\/11\/bann-herramientas-gestion-ambiental.jpg?resize=300%2C205&amp;ssl=1 300w, https:\/\/i0.wp.com\/cebem.org\/wp-content\/uploads\/2018\/11\/bann-herramientas-gestion-ambiental.jpg?resize=768%2C526&amp;ssl=1 768w, https:\/\/i0.wp.com\/cebem.org\/wp-content\/uploads\/2018\/11\/bann-herramientas-gestion-ambiental.jpg?resize=600%2C411&amp;ssl=1 600w\" sizes=\"(max-width: 512px) 100vw, 512px\" \/><\/a><\/figure><\/div>\n\n\n\n<h3 class=\"wp-block-heading\">Del 6 de mayo al 23 de junio 2019<\/h3>\n\n\n\n<p style=\"color:#ffffff\" class=\"has-text-color has-background has-vivid-cyan-blue-background-color\"><strong>DESCRIPCI\u00d3N DEL CURSO<\/strong><\/p>\n\n\n\n<p>El tema ambiental presenta desaf\u00edos permanentes para la acci\u00f3n. Los diferentes actores desde sus diversos \u00e1mbitos de trabajo ponen en marcha iniciativas con miras a la conservaci\u00f3n, preservaci\u00f3n, protecci\u00f3n y mejoramiento de las condiciones ambientales. De igual manera se trabaja en la gesti\u00f3n de los diversos problemas y conflictos ambientales emergentes.<\/p>\n\n\n\n<p>Los sectores p\u00fablicos, privados y el tercer sector se encuentran en di\u00e1logo con diferentes herramientas de Gesti\u00f3n Ambiental asociadas a los procesos que se reconocen en la \u00f3rbita local.<\/p>\n\n\n\n<p>La escala local aparece revalorizada conforme su proximidad en cuanto a la manifestaci\u00f3n de las problem\u00e1ticas ambientales locales que combinan diferentes dimensiones sociales, culturales, tecnol\u00f3gicas, econ\u00f3micas, f\u00edsico naturales, en un contexto de incertidumbre propio de los desaf\u00edos ambientales actuales.<\/p>\n\n\n\n<p>Superando los abordajes sectoriales de lo p\u00fablico y lo privado, y los abordajes espec\u00edficos asociados a problemas puntuales, el curso presentar\u00e1 y analizar\u00e1 los diferentes instrumentos de gesti\u00f3n ambiental desde una mirada \u201cintegral\u00bb<\/p>\n\n\n\n<p>De manera que el alumno podr\u00e1 reconocer y reflexionar sobre las diferentes alternativas en materia de instrumentos, identificando el abanico amplio de herramientas de car\u00e1cter econ\u00f3mico, normativo, educativo, as\u00ed como aquellos asociados a la planificaci\u00f3n, investigaci\u00f3n e informaci\u00f3n ambiental, buenas pr\u00e1cticas ambientales, entre otros.<\/p>\n\n\n\n<p style=\"color:#ffffff\" class=\"has-text-color has-background has-vivid-cyan-blue-background-color\"><strong>DESTINATARIOS<\/strong><\/p>\n\n\n\n<p>Profesionales de las ciencias sociales, naturales, exactas interesados en incluir la dimensi\u00f3n ambiental en sus actividades de gesti\u00f3n local.<\/p>\n\n\n\n<p style=\"color:#ffffff\" class=\"has-text-color has-background has-vivid-cyan-blue-background-color\"><strong>METODOLOG\u00cdA<\/strong><\/p>\n\n\n\n<p>El Curso Gesti\u00f3n Ambiental Local emplear\u00e1 principalmente tres formas de organizaci\u00f3n:<\/p>\n\n\n\n<ul class=\"wp-block-list\"><li>Foros tem\u00e1ticos, los cuales ser\u00e1n habilitados para otorgar al estudiante un espacio virtual de discusi\u00f3n y opini\u00f3n cr\u00edtica, cuya moderaci\u00f3n estar\u00e1 a cargo del docente del curso<\/li><li>Actividades evaluativas en el cuales se evaluar\u00e1 el grado de conocimiento y comprensi\u00f3n de los principales conceptos y asuntos discutidos en el curso.<\/li><li>Desarrollo del Diario de Aprendizaje. Blog did\u00e1ctico<\/li><\/ul>\n\n\n\n<p style=\"color:#ffffff\" class=\"has-text-color has-background has-vivid-cyan-blue-background-color\"><strong>OBJETIVO GENERAL<\/strong><\/p>\n\n\n\n<p>Analizar elementos te\u00f3ricos y metodol\u00f3gicos que permitan impulsar los procesos de gesti\u00f3n ambiental local<\/p>\n\n\n\n<p><strong>OBJETIVOS ESPECIFICOS<\/strong><\/p>\n\n\n\n<ul class=\"wp-block-list\"><li>Reconocer las diferentes alternativas en materia de instrumentos de Gesti\u00f3n Ambiental del orden econ\u00f3mico, normativo, educativo y de planificaci\u00f3n.<\/li><li>Analizar las potencialidades que revisten los instrumentos de gesti\u00f3n ambiental, en relaci\u00f3n a la tem\u00e1tica ambiental local.<\/li><li>Fortalecer aptitudes en los participantes para analizar, impulsar y promover procesos de gesti\u00f3n ambiental local.<\/li><\/ul>\n\n\n\n<p style=\"color:#ffffff\" class=\"has-text-color has-background has-vivid-cyan-blue-background-color\"><strong>CONTENIDO<\/strong><\/p>\n\n\n\t\t\t\t\t\t<style>\r\n\t\t\t\t\r\n\t\t\t\t\t#tab_container_5064 {\r\n\toverflow:hidden;\r\n\tdisplay:block;\r\n\twidth:100%;\r\n\tborder:0px solid #ddd;\r\n\tmargin-bottom:30px;\r\n\t}\r\n\r\n#tab_container_5064 .tab-content{\r\n\tpadding:20px;\r\n\tborder: 1px solid #e6e6e6 !important;\r\n\tmargin-top: 0px;\r\n\tbackground-color:#ffffff !important;\r\n\tcolor: #000000 !important;\r\n\tfont-size:15px !important;\r\n\tfont-family: Arial !important;\r\n\t\r\n\t\tborder: 1px solid #e6e6e6 !important;\r\n\t}\r\n#tab_container_5064 .wpsm_nav-tabs {\r\n    border-bottom: 0px solid #ddd;\r\n}\r\n#tab_container_5064 .wpsm_nav-tabs > li.active > a, #tab_container_5064 .wpsm_nav-tabs > li.active > a:hover, #tab_container_5064 .wpsm_nav-tabs > li.active > a:focus {\r\n\tcolor: #000000 !important;\r\n\tcursor: default;\r\n\tbackground-color: #ffffff !important;\r\n\tborder: 1px solid #e6e6e6 !important;\r\n}\r\n\r\n#tab_container_5064 .wpsm_nav-tabs > li > a {\r\n    margin-right: 0px !important; \r\n    line-height: 1.42857143 !important;\r\n    border: 1px solid #0b60ab !important;\r\n    border-radius: 0px 0px 0 0 !important; \r\n\tbackground-color: #1e73be !important;\r\n\tcolor: #ffffff !important;\r\n\tpadding: 15px 18px 15px 18px !important;\r\n\ttext-decoration: none !important;\r\n\tfont-size: 15px !important;\r\n\ttext-align:center !important;\r\n\tfont-family: Arial !important;\r\n}\r\n#tab_container_5064 .wpsm_nav-tabs > li > a:focus {\r\noutline: 0px !important;\r\n}\r\n\r\n#tab_container_5064 .wpsm_nav-tabs > li > a:before {\r\n\tdisplay:none !important;\r\n}\r\n#tab_container_5064 .wpsm_nav-tabs > li > a:after {\r\n\tdisplay:none !important ;\r\n}\r\n#tab_container_5064 .wpsm_nav-tabs > li{\r\npadding:0px !important ;\r\nmargin:0px;\r\n}\r\n\r\n#tab_container_5064 .wpsm_nav-tabs > li > a:hover , #tab_container_5064 .wpsm_nav-tabs > li > a:focus {\r\n    color: #ffffff !important;\r\n    background-color: #1e73be !important;\r\n\tborder: 1px solid #0b60ab !important;\r\n\t\r\n}\r\n#tab_container_5064 .wpsm_nav-tabs > li > a .fa{\r\n\r\nmargin-right:5px !important;\r\n\r\nmargin-left:5px !important;\r\n\r\n\r\n}\r\n\r\n\t\t#tab_container_5064 .wpsm_nav-tabs a{\r\n\t\t\tbackground-image: none;\r\n\t\t\tbackground-position: 0 0;\r\n\t\t\tbackground-repeat: repeat-x;\r\n\t\t}\r\n\t\t\t\r\n\r\n\r\n#tab_container_5064 .wpsm_nav-tabs > li {\r\n    float: left;\r\n    margin-bottom: -1px !important;\r\n\tmargin-right:0px !important; \r\n}\r\n\r\n\r\n#tab_container_5064 .tab-content{\r\noverflow:hidden !important;\r\n}\r\n\r\n\r\n@media (min-width: 769px) {\r\n\r\n\t#tab_container_5064 .wpsm_nav-tabs > li{\r\n\t\tfloat:left !important ;\r\n\t\t\t\tmargin-right:-1px !important;\r\n\t\t\t\t\t}\r\n\t#tab_container_5064 .wpsm_nav-tabs{\r\n\t\tfloat:none !important;\r\n\t\tmargin:0px !important;\r\n\t}\r\n\r\n\t#tab_container_5064 .wpsm_nav-tabs > li {\r\n\t\t\t\t\r\n\t}\r\n\t#tab_container_5064 .wpsm_nav{\r\n\t\t\t}\r\n\r\n}\r\n\r\n\r\n\r\n@media (max-width: 768px) {\r\n\t#tab_container_5064 .wpsm_nav-tabs > li {\r\n\t\t\t\t\r\n\t}\r\n\t#tab_container_5064 .wpsm_nav{\r\n\t\t\t}\r\n}\r\n\r\n\r\n\t.wpsm_nav-tabs li:before{\r\n\t\tdisplay:none !important;\r\n\t}\r\n\r\n\t@media (max-width: 768px) {\r\n\t\t\t\t\r\n\t\t\t\t.wpsm_nav-tabs{\r\n\t\t\tmargin-left:0px !important;\r\n\t\t\tmargin-right:0px !important; \r\n\t\t\t\r\n\t\t}\r\n\t\t\t\t#tab_container_5064 .wpsm_nav-tabs > li{\r\n\t\t\tfloat:none !important;\r\n\t\t}\r\n\t\t\t\r\n\t}\t\t\t\t<\/style>\r\n\t\t\t\t<div id=\"tab_container_5064\" >\r\n\t \r\n\t\t\t\t\t<ul class=\"wpsm_nav wpsm_nav-tabs\" role=\"tablist\" id=\"myTab_5064\">\r\n\t\t\t\t\t\t\t\r\n\t\t\t\t\t\t\t<li role=\"presentation\"  class=\"active\"  onclick=\"do_resize()\">\r\n\t\t\t\t\t\t\t\t<a href=\"#tabs_desc_5064_1\" aria-controls=\"tabs_desc_5064_1\" role=\"tab\" data-toggle=\"tab\">\r\n\t\t\t\t\t\t\t\t\t\r\n\t\t\t\t\t\t\t\t\t\t\t\t\t\t\t\t\t\t\t\t\t\t\t\t\t\t\t\t\r\n\t\t\t\t\t\t\t\t\t\t\t\t\t\t\t\t\t\t\r\n\t\t\t\t\t\t\t\t\t<span>UNIDAD 1<\/span>\r\n\t\t\t\t\t\t\t\t\t\r\n\t\t\t\t\t\t\t\t\t\t\t\t\t\t\t\t\t\t\r\n\t\t\t\t\t\t\t\t\t\t\t\t\t\t\t\t\t\t\t\t\r\n\t\t\t\t\t\t\t\t\t\r\n\t\t\t\t\t\t\t\t<\/a>\r\n\t\t\t\t\t\t\t<\/li>\r\n\t\t\t\t\t\t\t\r\n\t\t\t\t\t\t\t<li role=\"presentation\"  onclick=\"do_resize()\">\r\n\t\t\t\t\t\t\t\t<a href=\"#tabs_desc_5064_2\" aria-controls=\"tabs_desc_5064_2\" role=\"tab\" data-toggle=\"tab\">\r\n\t\t\t\t\t\t\t\t\t\r\n\t\t\t\t\t\t\t\t\t\t\t\t\t\t\t\t\t\t\t\t\t\t\t\t\t\t\t\t\r\n\t\t\t\t\t\t\t\t\t\t\t\t\t\t\t\t\t\t\r\n\t\t\t\t\t\t\t\t\t<span>UNIDAD 2<\/span>\r\n\t\t\t\t\t\t\t\t\t\r\n\t\t\t\t\t\t\t\t\t\t\t\t\t\t\t\t\t\t\r\n\t\t\t\t\t\t\t\t\t\t\t\t\t\t\t\t\t\t\t\t\r\n\t\t\t\t\t\t\t\t\t\r\n\t\t\t\t\t\t\t\t<\/a>\r\n\t\t\t\t\t\t\t<\/li>\r\n\t\t\t\t\t\t\t\r\n\t\t\t\t\t\t\t<li role=\"presentation\"  onclick=\"do_resize()\">\r\n\t\t\t\t\t\t\t\t<a href=\"#tabs_desc_5064_3\" aria-controls=\"tabs_desc_5064_3\" role=\"tab\" data-toggle=\"tab\">\r\n\t\t\t\t\t\t\t\t\t\r\n\t\t\t\t\t\t\t\t\t\t\t\t\t\t\t\t\t\t\t\t\t\t\t\t\t\t\t\t\r\n\t\t\t\t\t\t\t\t\t\t\t\t\t\t\t\t\t\t\r\n\t\t\t\t\t\t\t\t\t<span>UNIDAD 3<\/span>\r\n\t\t\t\t\t\t\t\t\t\r\n\t\t\t\t\t\t\t\t\t\t\t\t\t\t\t\t\t\t\r\n\t\t\t\t\t\t\t\t\t\t\t\t\t\t\t\t\t\t\t\t\r\n\t\t\t\t\t\t\t\t\t\r\n\t\t\t\t\t\t\t\t<\/a>\r\n\t\t\t\t\t\t\t<\/li>\r\n\t\t\t\t\t\t\t\r\n\t\t\t\t\t\t\t<li role=\"presentation\"  onclick=\"do_resize()\">\r\n\t\t\t\t\t\t\t\t<a href=\"#tabs_desc_5064_4\" aria-controls=\"tabs_desc_5064_4\" role=\"tab\" data-toggle=\"tab\">\r\n\t\t\t\t\t\t\t\t\t\r\n\t\t\t\t\t\t\t\t\t\t\t\t\t\t\t\t\t\t\t\t\t\t\t\t\t\t\t\t\r\n\t\t\t\t\t\t\t\t\t\t\t\t\t\t\t\t\t\t\r\n\t\t\t\t\t\t\t\t\t<span>UNIDAD 4<\/span>\r\n\t\t\t\t\t\t\t\t\t\r\n\t\t\t\t\t\t\t\t\t\t\t\t\t\t\t\t\t\t\r\n\t\t\t\t\t\t\t\t\t\t\t\t\t\t\t\t\t\t\t\t\r\n\t\t\t\t\t\t\t\t\t\r\n\t\t\t\t\t\t\t\t<\/a>\r\n\t\t\t\t\t\t\t<\/li>\r\n\t\t\t\t\t\t\t\r\n\t\t\t\t\t\t\t<li role=\"presentation\"  onclick=\"do_resize()\">\r\n\t\t\t\t\t\t\t\t<a href=\"#tabs_desc_5064_5\" aria-controls=\"tabs_desc_5064_5\" role=\"tab\" data-toggle=\"tab\">\r\n\t\t\t\t\t\t\t\t\t\r\n\t\t\t\t\t\t\t\t\t\t\t\t\t\t\t\t\t\t\t\t\t\t\t\t\t\t\t\t\r\n\t\t\t\t\t\t\t\t\t\t\t\t\t\t\t\t\t\t\r\n\t\t\t\t\t\t\t\t\t<span>UNIDAD 5<\/span>\r\n\t\t\t\t\t\t\t\t\t\r\n\t\t\t\t\t\t\t\t\t\t\t\t\t\t\t\t\t\t\r\n\t\t\t\t\t\t\t\t\t\t\t\t\t\t\t\t\t\t\t\t\r\n\t\t\t\t\t\t\t\t\t\r\n\t\t\t\t\t\t\t\t<\/a>\r\n\t\t\t\t\t\t\t<\/li>\r\n\t\t\t\t\t\t\t\r\n\t\t\t\t\t\t\t<li role=\"presentation\"  onclick=\"do_resize()\">\r\n\t\t\t\t\t\t\t\t<a href=\"#tabs_desc_5064_6\" aria-controls=\"tabs_desc_5064_6\" role=\"tab\" data-toggle=\"tab\">\r\n\t\t\t\t\t\t\t\t\t\r\n\t\t\t\t\t\t\t\t\t\t\t\t\t\t\t\t\t\t\t\t\t\t\t\t\t\t\t\t\r\n\t\t\t\t\t\t\t\t\t\t\t\t\t\t\t\t\t\t\r\n\t\t\t\t\t\t\t\t\t<span>UNIDAD 6<\/span>\r\n\t\t\t\t\t\t\t\t\t\r\n\t\t\t\t\t\t\t\t\t\t\t\t\t\t\t\t\t\t\r\n\t\t\t\t\t\t\t\t\t\t\t\t\t\t\t\t\t\t\t\t\r\n\t\t\t\t\t\t\t\t\t\r\n\t\t\t\t\t\t\t\t<\/a>\r\n\t\t\t\t\t\t\t<\/li>\r\n\t\t\t\t\t\t\t\t\t\t\t <\/ul>\r\n\r\n\t\t\t\t\t  <!-- Tab panes -->\r\n\t\t\t\t\t  <div class=\"tab-content\" id=\"tab-content_5064\">\r\n\t\t\t\t\t\t\t\t\t\t\t\t <div role=\"tabpanel\" class=\"tab-pane  in active \" id=\"tabs_desc_5064_1\">\r\n\t\t\t\t\t\t\t\t<strong>EL AMBIENTE COMO SISTEMA<\/strong>\r\n\r\n\u00a0\r\n<ul>\r\n \t<li>El sistema ambiental, como definici\u00f3n<\/li>\r\n \t<li>La relaci\u00f3n Sociedad Naturaleza<\/li>\r\n \t<li>El abordaje critico de las diversas aproximaciones ambientales<\/li>\r\n \t<li>La necesidad del abordaje interdisciplinario de la cuesti\u00f3n ambiental<\/li>\r\n \t<li>Problemas ambientales y Problem\u00e1tica Ambiental<\/li>\r\n \t<li>\u00bfDesarrollo Sostenible o Sustentable?<\/li>\r\n<\/ul>\r\n\u00a0\r\n\r\n\u00a0\t\t\t\t\t\t <\/div>\r\n\t\t\t\t\t\t\t\t\t\t\t\t <div role=\"tabpanel\" class=\"tab-pane \" id=\"tabs_desc_5064_2\">\r\n\t\t\t\t\t\t\t\t<strong>DEFINICI\u00d3N Y ANTECEDENTES DE LA GESTI\u00d3N AMBIENTAL<\/strong>\r\n\r\n\u00a0\r\n<ul>\r\n \t<li>Hacia la definici\u00f3n de la Gesti\u00f3n Ambiental<\/li>\r\n \t<li>Antecedentes Hist\u00f3ricos y Principales acontecimientos vinculados a la Gesti\u00f3n Ambiental.<\/li>\r\n \t<li>Modelos de Gesti\u00f3n Ambiental<\/li>\r\n \t<li>Tipos de Gesti\u00f3n Ambiental: La gesti\u00f3n p\u00fablica, la gesti\u00f3n privada y la autogesti\u00f3n ambiental comunitaria<\/li>\r\n \t<li>Los actores sociales vinculados a la Gesti\u00f3n Ambiental<\/li>\r\n<\/ul>\r\n\u00a0\t\t\t\t\t\t <\/div>\r\n\t\t\t\t\t\t\t\t\t\t\t\t <div role=\"tabpanel\" class=\"tab-pane \" id=\"tabs_desc_5064_3\">\r\n\t\t\t\t\t\t\t\t<strong> INSTRUMENTOS DE GESTI\u00d3N AMBIENTAL. BLOQUE 1: NORMATIVOS Y ECON\u00d3MICOS<\/strong>\r\n\r\n\u00a0\r\n<ul>\r\n \t<li>Prop\u00f3sitos de los instrumentos de Gesti\u00f3n Ambiental<\/li>\r\n \t<li>Clasificaci\u00f3n de los instrumentos de Gesti\u00f3n Ambiental<\/li>\r\n \t<li>Instrumentos econ\u00f3micos: Subsidios, impuestos y Permisos Negociables de Descarga<\/li>\r\n \t<li>Instrumentos normativos: legislaci\u00f3n ambiental<\/li>\r\n \t<li>Tipos de legislaci\u00f3n<\/li>\r\n<\/ul>\r\n\u00a0\t\t\t\t\t\t <\/div>\r\n\t\t\t\t\t\t\t\t\t\t\t\t <div role=\"tabpanel\" class=\"tab-pane \" id=\"tabs_desc_5064_4\">\r\n\t\t\t\t\t\t\t\t<strong>INSTRUMENTOS DE GESTI\u00d3N AMBIENTAL. BLOQUE 2: EDUCACI\u00d3N AMBIENTAL, INVESTIGACI\u00d3N E INFORMACI\u00d3N AMBIENTAL<\/strong>\r\n\r\n\u00a0\r\n<ul>\r\n \t<li>Educaci\u00f3n ambiental: concepto y los tipos de Educaci\u00f3n Ambiental<\/li>\r\n \t<li>Objetivos y principios de la Educaci\u00f3n ambiental<\/li>\r\n \t<li>Tipos de educaci\u00f3n ambiental<\/li>\r\n \t<li>Rol de la investigaci\u00f3n en la Gesti\u00f3n Ambiental<\/li>\r\n \t<li>Informaci\u00f3n ambiental<\/li>\r\n \t<li>Indicadores Ambientales y Sistemas de Informaci\u00f3n Ambiental<\/li>\r\n<\/ul>\r\n\u00a0\t\t\t\t\t\t <\/div>\r\n\t\t\t\t\t\t\t\t\t\t\t\t <div role=\"tabpanel\" class=\"tab-pane \" id=\"tabs_desc_5064_5\">\r\n\t\t\t\t\t\t\t\t<strong> INSTRUMENTOS GESTI\u00d3N AMBIENTAL. BLOQUE 3: DIAGNOSTICO AMBIENTAL Y PARTICIPACI\u00d3N CIUDADANA<\/strong>\r\n\r\n\u00a0\r\n<ul>\r\n \t<li>El Diagn\u00f3stico ambiental: definici\u00f3n y alcance<\/li>\r\n \t<li>Componentes del Diagn\u00f3stico ambiental<\/li>\r\n \t<li>Tipos de Diagn\u00f3sticos ambientales<\/li>\r\n \t<li>La Participaci\u00f3n ciudadana en la gesti\u00f3n ambiental<\/li>\r\n \t<li>Modelos de participaci\u00f3n<\/li>\r\n \t<li>Herramientas de participaci\u00f3n<\/li>\r\n<\/ul>\r\n\u00a0\t\t\t\t\t\t <\/div>\r\n\t\t\t\t\t\t\t\t\t\t\t\t <div role=\"tabpanel\" class=\"tab-pane \" id=\"tabs_desc_5064_6\">\r\n\t\t\t\t\t\t\t\t<strong>INSTRUMENTOS DE GESTI\u00d3N AMBIENTAL. BLOQUE 4: PLANES, SISTEMAS DE GESTI\u00d3N AMBIENTAL, RESPONSABILIDAD SOCIAL Y BUENAS PR\u00c1CTICAS AMBIENTALES<\/strong>\r\n\r\n\u00a0\r\n<ul>\r\n \t<li>Tipos y Planes de Gesti\u00f3n Ambiental<\/li>\r\n \t<li>Agenda Local 21<\/li>\r\n \t<li>Sistema de gesti\u00f3n ambiental municipal. EMAS.<\/li>\r\n \t<li>La importancia de las normas ISO<\/li>\r\n \t<li>Auditor\u00edas ambientales<\/li>\r\n \t<li>Responsabilidad Social<\/li>\r\n \t<li>Buenas Pr\u00e1cticas Ambientales<\/li>\r\n<\/ul>\r\n\u00a0\t\t\t\t\t\t <\/div>\r\n\t\t\t\t\t\t\t\r\n\t\t\t\t\t <\/div>\r\n\t\t\t\t\t \r\n\t\t\t\t <\/div>\r\n <script>\r\n\t\tjQuery(function () {\r\n\t\t\tjQuery('#myTab_5064 a:first').tab('show')\r\n\t\t});\r\n\t\t\r\n\t\t\t\tjQuery(function(){\r\n\t\t\tvar b=\"fadeIn\";\r\n\t\t\tvar c;\r\n\t\t\tvar a;\r\n\t\t\td(jQuery(\"#myTab_5064 a\"),jQuery(\"#tab-content_5064\"));function d(e,f,g){\r\n\t\t\t\te.click(function(i){\r\n\t\t\t\t\ti.preventDefault();\r\n\t\t\t\t\tjQuery(this).tab(\"show\");\r\n\t\t\t\t\tvar h=jQuery(this).data(\"easein\");\r\n\t\t\t\t\tif(c){c.removeClass(a);}\r\n\t\t\t\t\tif(h){f.find(\"div.active\").addClass(\"animated \"+h);a=h;}\r\n\t\t\t\t\telse{if(g){f.find(\"div.active\").addClass(\"animated \"+g);a=g;}else{f.find(\"div.active\").addClass(\"animated \"+b);a=b;}}c=f.find(\"div.active\");\r\n\t\t\t\t});\r\n\t\t\t}\r\n\t\t});\r\n\t\t\r\n\r\n\t\tfunction do_resize(){\r\n\r\n\t\t\tvar width=jQuery( '.tab-content .tab-pane iframe' ).width();\r\n\t\t\tvar height=jQuery( '.tab-content .tab-pane iframe' ).height();\r\n\r\n\t\t\tvar toggleSize = true;\r\n\t\t\tjQuery('iframe').animate({\r\n\t\t\t    width: toggleSize ? width : 640,\r\n\t\t\t    height: toggleSize ? height : 360\r\n\t\t\t  }, 250);\r\n\r\n\t\t\t  toggleSize = !toggleSize;\r\n\t\t}\r\n\r\n\r\n\t<\/script>\r\n\t\t\t\t\r\n\t\t\t\n\n\n\n<p style=\"color:#ffffff\" class=\"has-text-color has-background has-vivid-cyan-blue-background-color\"><strong>FACILITADORA<\/strong><\/p>\n\n\n\n<div class=\"wp-block-media-text\" style=\"grid-template-columns:25% auto\"><figure class=\"wp-block-media-text__media\"><img data-recalc-dims=\"1\" decoding=\"async\" width=\"480\" height=\"480\" src=\"https:\/\/i0.wp.com\/cebem.org\/wp-content\/uploads\/2018\/08\/lorena-coria.jpg?resize=480%2C480\" alt=\"\" class=\"wp-image-3771\" srcset=\"https:\/\/i0.wp.com\/cebem.org\/wp-content\/uploads\/2018\/08\/lorena-coria.jpg?w=480&amp;ssl=1 480w, https:\/\/i0.wp.com\/cebem.org\/wp-content\/uploads\/2018\/08\/lorena-coria.jpg?resize=150%2C150&amp;ssl=1 150w, https:\/\/i0.wp.com\/cebem.org\/wp-content\/uploads\/2018\/08\/lorena-coria.jpg?resize=300%2C300&amp;ssl=1 300w\" sizes=\"(max-width: 480px) 100vw, 480px\" \/><\/figure><div class=\"wp-block-media-text__content\">\n<p> <br><strong>Mg. Lorena Coria.<\/strong>  Lic. en Informaci\u00f3n Ambiental. Esp. en Educaci\u00f3n en Ambiente para el  Desarrollo Sustentable. Esp. en Evaluaci\u00f3n de Impacto Ambiental. Mg. en  Desarrollo Local \u00abEstrategias Ambientales y Territoriales\u00bb.<br>Consultor  Ambiental en materia de Planificaci\u00f3n Ambiental\/ TICs y Educaci\u00f3n  Ambiental. Docente-Tutor del curso de Gesti\u00f3n Ambiental Local del CEBEM.<br><\/p>\n<\/div><\/div>\n\n\n\n<p style=\"color:#ffffff\" class=\"has-text-color has-background has-vivid-cyan-blue-background-color\"><strong>INVERSI\u00d3N<\/strong><\/p>\n\n\n\n<p>900 bolivianos o su equivalente en d\u00f3lares (130 D\u00f3lares Americanos)  que  incluyen todos los materiales de estudio, acceso a todos los  recursos y certificado digital.<\/p>\n\n\n\n<p>Contamos con algunas opciones de <strong>DESCUENTO<\/strong> al que puede acceder:<\/p>\n\n\n\n<ul class=\"wp-block-list\"><li>Pague solamente 700 Bolivianos o 100 D\u00f3lares, ampliamos la fecha <strong>hasta el 26 de abril<\/strong>.<\/li><li>Para instituciones o grupo de 5 o m\u00e1s personas, obtendr\u00e1n un descuento especial, para ello escribanos a <a href=\"mailto:beatriz@cebem.org\">beatriz@cebem.org<\/a><\/li><\/ul>\n\n\n\n<p style=\"text-align:center\">Si desea saber nuestras formas de pago, haga <strong><a href=\"http:\/\/campus.cebem.org\/blog\/index.php?entryid=1\" target=\"_blank\" rel=\"noreferrer noopener\">CLIC AQU\u00cd<\/a><\/strong><\/p>\n\n\n\n<h4 class=\"wp-block-heading\" style=\"text-align:center\">M\u00e1s informaci\u00f3n del curso o pagos a <a href=\"mailto:beatriz@cebem.org\">beatriz@cebem.org<\/a><\/h4>\n\n\n\n<p style=\"text-align:center\" class=\"has-background has-medium-font-size has-very-light-gray-background-color\">Si te interesa el curso&#8230;<\/p>\n\n\n\n<p style=\"text-align:center\"><a href=\"https:\/\/goo.gl\/forms\/2b6NYUNd0BG9irOr2\" target=\"_blank\" rel=\"noopener noreferrer\"><input type=\"submit\" value=\"Preinscr\u00edbete AQU\u00cd\"><\/a><\/p>\n\n\n\n<p><strong>Contacto:<\/strong> Beatriz Herrera <strong><a href=\"mailto:beatriz@cebem.org\">beatriz@cebem.org<\/a><\/strong><\/p>\n","protected":false},"excerpt":{"rendered":"<p>Del 6 de mayo al 23 de junio 2019<\/p>\n<p>OBJETIVO: Analizar elementos te\u00f3ricos y metodol\u00f3gicos que permitan impulsar los procesos de gesti\u00f3n ambiental local<\/p>\n","protected":false},"author":2,"featured_media":4118,"comment_status":"open","ping_status":"closed","sticky":false,"template":"","format":"standard","meta":{"_jetpack_memberships_contains_paid_content":false,"footnotes":"","jetpack_publicize_message":"#Curso Virtual: Herramientas de #Gesti\u00f3nAmbiental Local\r\n\r\nDel 21 de enero al 10 de marzo de 2019","jetpack_publicize_feature_enabled":true,"jetpack_social_post_already_shared":true,"jetpack_social_options":{"image_generator_settings":{"template":"highway","default_image_id":0,"font":"","enabled":false},"version":2}},"categories":[4],"tags":[280,169,179,38,197,119],"class_list":["post-4117","post","type-post","status-publish","format-standard","has-post-thumbnail","hentry","category-cursos-culminados-cebem","tag-boletin-2-2019","tag-boletin-7-2018","tag-boletin-8-2018","tag-curso","tag-gestion-ambiental-local","tag-medio-ambiente","nodate","item-wrap"],"jetpack_publicize_connections":[],"jetpack_featured_media_url":"https:\/\/i0.wp.com\/cebem.org\/wp-content\/uploads\/2018\/11\/herramientas-gestion-ambiental.jpg?fit=1024%2C844&ssl=1","jetpack_sharing_enabled":true,"_links":{"self":[{"href":"https:\/\/cebem.org\/index.php?rest_route=\/wp\/v2\/posts\/4117","targetHints":{"allow":["GET"]}}],"collection":[{"href":"https:\/\/cebem.org\/index.php?rest_route=\/wp\/v2\/posts"}],"about":[{"href":"https:\/\/cebem.org\/index.php?rest_route=\/wp\/v2\/types\/post"}],"author":[{"embeddable":true,"href":"https:\/\/cebem.org\/index.php?rest_route=\/wp\/v2\/users\/2"}],"replies":[{"embeddable":true,"href":"https:\/\/cebem.org\/index.php?rest_route=%2Fwp%2Fv2%2Fcomments&post=4117"}],"version-history":[{"count":18,"href":"https:\/\/cebem.org\/index.php?rest_route=\/wp\/v2\/posts\/4117\/revisions"}],"predecessor-version":[{"id":5202,"href":"https:\/\/cebem.org\/index.php?rest_route=\/wp\/v2\/posts\/4117\/revisions\/5202"}],"wp:featuredmedia":[{"embeddable":true,"href":"https:\/\/cebem.org\/index.php?rest_route=\/wp\/v2\/media\/4118"}],"wp:attachment":[{"href":"https:\/\/cebem.org\/index.php?rest_route=%2Fwp%2Fv2%2Fmedia&parent=4117"}],"wp:term":[{"taxonomy":"category","embeddable":true,"href":"https:\/\/cebem.org\/index.php?rest_route=%2Fwp%2Fv2%2Fcategories&post=4117"},{"taxonomy":"post_tag","embeddable":true,"href":"https:\/\/cebem.org\/index.php?rest_route=%2Fwp%2Fv2%2Ftags&post=4117"}],"curies":[{"name":"wp","href":"https:\/\/api.w.org\/{rel}","templated":true}]}}