
{"id":4101,"date":"2018-11-08T17:25:28","date_gmt":"2018-11-08T21:25:28","guid":{"rendered":"http:\/\/cebem.org\/?p=4101"},"modified":"2018-11-08T17:25:28","modified_gmt":"2018-11-08T21:25:28","slug":"conceptos-basicos-de-economia-en-busca-de-un-enfoque-social-etico-y-ambiental-un-libro-de-francisco-albuquerque","status":"publish","type":"post","link":"https:\/\/cebem.org\/?p=4101","title":{"rendered":"\u00abConceptos b\u00e1sicos de econom\u00eda. En busca de un enfoque social, \u00e9tico y ambiental\u201d un libro de Francisco Albuquerque"},"content":{"rendered":"<p><img data-recalc-dims=\"1\" fetchpriority=\"high\" decoding=\"async\" class=\"alignnone size-medium wp-image-4102 alignleft\" src=\"https:\/\/i0.wp.com\/cebem.org\/wp-content\/uploads\/2018\/11\/alburquerque-300x169-300x169.jpg?resize=300%2C169\" alt=\"\" width=\"300\" height=\"169\" \/>Se present\u00f3 el libro \u201c<strong>Conceptos b\u00e1sicos de econom\u00eda. En busca de un enfoque social, \u00e9tico y ambiental<\/strong>\u201d del reconocido experto internacional\u00a0<a href=\"https:\/\/www.delalburquerque.es\/\" target=\"_blank\" rel=\"noopener\"><strong>Francisco Albuquerque Lorenz<\/strong><\/a>\u00a0(Espa\u00f1a), 4to. libro de la <strong>colecci\u00f3n \u201cDesarrollo Territorial\u201d<\/strong> que edita conjuntamente la UTN Facultad Regional Rafaela y la Universidad de Deusto (Pa\u00eds Vasco).<\/p>\n<p>Acompa\u00f1ado por Mari Jose Aranguren, Directora General de Orkestra (Instituto Vasco de Competitividad) y Catedr\u00e1tica de Econom\u00eda de la Universidad de Deusto; por Miren Larrea, investigadora internacional (ORKESTRA\/PRAXIS) y Patricia Canto (ORKESTRA), Paco present\u00f3 su \u00faltimo libro, en el cual pretende mostrar una interpretaci\u00f3n acerca de los conceptos que, con abrumadora insistencia, los manuales convencionales de econom\u00eda suelen exponer desde una perspectiva que, seg\u00fan el autor, es inapropiada para pensar o intervenir en procesos de desarrollo en la pr\u00e1ctica.<\/p>\n<p>\u201cLa gran mayor\u00eda de los libros de econom\u00eda est\u00e1n orientados a la comprensi\u00f3n de la realidad econ\u00f3mica para que cada agente (empresa, universidad, gobierno ) desde su papel, pueda adoptar sus decisiones. <strong>Este libro le a\u00f1ade una mirada a facilitar el cambio y la mejora para construir un futuro mejor en el que los sistemas econ\u00f3micos se ponen al servicio del desarrollo del bienestar social y de las personas<\/strong>\u201d, expresa Mari Aranguren en el pr\u00f3logo.<\/p>\n<h4><a href=\"https:\/\/www.orkestra.deusto.es\/es\/investigacion\/publicaciones\/libros-informes\/desarrollo-territorial\/1600-conceptos-basicos-economia-busca-enfoque-etico-social-ambiental\" target=\"_blank\" rel=\"noopener\">Descarga el libro aqu\u00ec<\/a><\/h4>\n","protected":false},"excerpt":{"rendered":"<p>Se present\u00f3 el libro \u201cConceptos b\u00e1sicos de econom\u00eda. En busca de un enfoque social, \u00e9tico y ambiental\u201d del reconocido experto internacional\u00a0Francisco Albuquerque Lorenz\u00a0(Espa\u00f1a), 4to. libro de la colecci\u00f3n \u201cDesarrollo Territorial\u201d que edita conjuntamente la UTN Facultad Regional Rafaela y la Universidad de Deusto (Pa\u00eds Vasco). Acompa\u00f1ado por Mari Jose Aranguren, Directora General de Orkestra (Instituto &hellip; <\/p>\n<p><a class=\"more-link btn\" href=\"https:\/\/cebem.org\/?p=4101\">Seguir leyendo<\/a><\/p>\n","protected":false},"author":7,"featured_media":4102,"comment_status":"closed","ping_status":"closed","sticky":false,"template":"","format":"standard","meta":{"_jetpack_memberships_contains_paid_content":false,"footnotes":"","jetpack_publicize_message":"","jetpack_publicize_feature_enabled":true,"jetpack_social_post_already_shared":true,"jetpack_social_options":{"image_generator_settings":{"template":"highway","default_image_id":0,"font":"","enabled":false},"version":2}},"categories":[7],"tags":[169,193,96,74],"class_list":["post-4101","post","type-post","status-publish","format-standard","has-post-thumbnail","hentry","category-otras-publicaciones","tag-boletin-7-2018","tag-desarrollo-territorial","tag-economia","tag-libro","item-wrap"],"jetpack_publicize_connections":[],"jetpack_featured_media_url":"https:\/\/i0.wp.com\/cebem.org\/wp-content\/uploads\/2018\/11\/alburquerque-300x169.jpg?fit=300%2C169&ssl=1","jetpack_sharing_enabled":true,"_links":{"self":[{"href":"https:\/\/cebem.org\/index.php?rest_route=\/wp\/v2\/posts\/4101","targetHints":{"allow":["GET"]}}],"collection":[{"href":"https:\/\/cebem.org\/index.php?rest_route=\/wp\/v2\/posts"}],"about":[{"href":"https:\/\/cebem.org\/index.php?rest_route=\/wp\/v2\/types\/post"}],"author":[{"embeddable":true,"href":"https:\/\/cebem.org\/index.php?rest_route=\/wp\/v2\/users\/7"}],"replies":[{"embeddable":true,"href":"https:\/\/cebem.org\/index.php?rest_route=%2Fwp%2Fv2%2Fcomments&post=4101"}],"version-history":[{"count":2,"href":"https:\/\/cebem.org\/index.php?rest_route=\/wp\/v2\/posts\/4101\/revisions"}],"predecessor-version":[{"id":4104,"href":"https:\/\/cebem.org\/index.php?rest_route=\/wp\/v2\/posts\/4101\/revisions\/4104"}],"wp:featuredmedia":[{"embeddable":true,"href":"https:\/\/cebem.org\/index.php?rest_route=\/wp\/v2\/media\/4102"}],"wp:attachment":[{"href":"https:\/\/cebem.org\/index.php?rest_route=%2Fwp%2Fv2%2Fmedia&parent=4101"}],"wp:term":[{"taxonomy":"category","embeddable":true,"href":"https:\/\/cebem.org\/index.php?rest_route=%2Fwp%2Fv2%2Fcategories&post=4101"},{"taxonomy":"post_tag","embeddable":true,"href":"https:\/\/cebem.org\/index.php?rest_route=%2Fwp%2Fv2%2Ftags&post=4101"}],"curies":[{"name":"wp","href":"https:\/\/api.w.org\/{rel}","templated":true}]}}