
{"id":4078,"date":"2018-11-09T19:30:49","date_gmt":"2018-11-09T23:30:49","guid":{"rendered":"http:\/\/cebem.org\/?p=4078"},"modified":"2018-11-09T19:03:04","modified_gmt":"2018-11-09T23:03:04","slug":"cebem-recibe-representantes-de-eu-aid-volunteers","status":"publish","type":"post","link":"https:\/\/cebem.org\/?p=4078","title":{"rendered":"Cebem recibe representantes de \u201cEU Aid Volunteers\u201d"},"content":{"rendered":"<div id=\"attachment_4105\" style=\"width: 601px\" class=\"wp-caption aligncenter\"><a href=\"https:\/\/i0.wp.com\/cebem.org\/wp-content\/uploads\/2018\/11\/sabrina-martina-euav.jpg\"><img data-recalc-dims=\"1\" fetchpriority=\"high\" decoding=\"async\" aria-describedby=\"caption-attachment-4105\" class=\"wp-image-4105\" src=\"https:\/\/i0.wp.com\/cebem.org\/wp-content\/uploads\/2018\/11\/sabrina-martina-euav-1024x576.jpg?resize=601%2C338\" alt=\"\" width=\"601\" height=\"338\" srcset=\"https:\/\/i0.wp.com\/cebem.org\/wp-content\/uploads\/2018\/11\/sabrina-martina-euav.jpg?w=1024&amp;ssl=1 1024w, https:\/\/i0.wp.com\/cebem.org\/wp-content\/uploads\/2018\/11\/sabrina-martina-euav.jpg?resize=300%2C169&amp;ssl=1 300w, https:\/\/i0.wp.com\/cebem.org\/wp-content\/uploads\/2018\/11\/sabrina-martina-euav.jpg?resize=768%2C432&amp;ssl=1 768w, https:\/\/i0.wp.com\/cebem.org\/wp-content\/uploads\/2018\/11\/sabrina-martina-euav.jpg?resize=600%2C338&amp;ssl=1 600w\" sizes=\"(max-width: 601px) 100vw, 601px\" \/><\/a><p id=\"caption-attachment-4105\" class=\"wp-caption-text\">Martina y Sabrina, del Programa \u201cEU Aid Volunteers\u201d<\/p><\/div>\n<p>Damos la bienvenida a Martina Cattarulla, Cientista Pol\u00edtica con Maestr\u00eda en Econom\u00eda del Desarrollo, y a Sabrina Negro, Administradora con Maestr\u00eda en Econom\u00eda y especialidad en Comunicaci\u00f3n que dentro del Programa de Cooperaci\u00f3n <strong>\u201c<a href=\"https:\/\/eacea.ec.europa.eu\/eu-aid-volunteer_en\" target=\"_blank\" rel=\"noopener\">EU Aid Volunteers<\/a>\u201d<\/strong>, se integran a nuestro equipo para desarrollar\u00a0tareas relacionadas con redes de investigaci\u00f3n y comunicaci\u00f3n orientada al desarrollo hasta octubre de 2019.<\/p>\n","protected":false},"excerpt":{"rendered":"<p>Damos la bienvenida a Martina Cattarulla, Cientista Pol\u00edtica con Maestr\u00eda en Econom\u00eda del Desarrollo, y a Sabrina Negro, Administradora con Maestr\u00eda en Econom\u00eda y especialidad en Comunicaci\u00f3n que dentro del Programa de Cooperaci\u00f3n \u201cEU Aid Volunteers\u201d, se integran a nuestro equipo para desarrollar\u00a0tareas relacionadas con redes de investigaci\u00f3n y comunicaci\u00f3n orientada al desarrollo hasta octubre &hellip; <\/p>\n<p><a class=\"more-link btn\" href=\"https:\/\/cebem.org\/?p=4078\">Seguir leyendo<\/a><\/p>\n","protected":false},"author":2,"featured_media":4105,"comment_status":"closed","ping_status":"closed","sticky":false,"template":"","format":"standard","meta":{"_jetpack_memberships_contains_paid_content":false,"footnotes":"","jetpack_publicize_message":"Cebem recibe representantes de \u201cEU Aid Volunteers\u201d","jetpack_publicize_feature_enabled":true,"jetpack_social_post_already_shared":true,"jetpack_social_options":{"image_generator_settings":{"template":"highway","default_image_id":0,"font":"","enabled":false},"version":2}},"categories":[1],"tags":[169,194],"class_list":["post-4078","post","type-post","status-publish","format-standard","has-post-thumbnail","hentry","category-noticias","tag-boletin-7-2018","tag-eu-aid-volunteers","item-wrap"],"jetpack_publicize_connections":[],"jetpack_featured_media_url":"https:\/\/i0.wp.com\/cebem.org\/wp-content\/uploads\/2018\/11\/sabrina-martina-euav.jpg?fit=1024%2C576&ssl=1","jetpack_sharing_enabled":true,"_links":{"self":[{"href":"https:\/\/cebem.org\/index.php?rest_route=\/wp\/v2\/posts\/4078","targetHints":{"allow":["GET"]}}],"collection":[{"href":"https:\/\/cebem.org\/index.php?rest_route=\/wp\/v2\/posts"}],"about":[{"href":"https:\/\/cebem.org\/index.php?rest_route=\/wp\/v2\/types\/post"}],"author":[{"embeddable":true,"href":"https:\/\/cebem.org\/index.php?rest_route=\/wp\/v2\/users\/2"}],"replies":[{"embeddable":true,"href":"https:\/\/cebem.org\/index.php?rest_route=%2Fwp%2Fv2%2Fcomments&post=4078"}],"version-history":[{"count":6,"href":"https:\/\/cebem.org\/index.php?rest_route=\/wp\/v2\/posts\/4078\/revisions"}],"predecessor-version":[{"id":4106,"href":"https:\/\/cebem.org\/index.php?rest_route=\/wp\/v2\/posts\/4078\/revisions\/4106"}],"wp:featuredmedia":[{"embeddable":true,"href":"https:\/\/cebem.org\/index.php?rest_route=\/wp\/v2\/media\/4105"}],"wp:attachment":[{"href":"https:\/\/cebem.org\/index.php?rest_route=%2Fwp%2Fv2%2Fmedia&parent=4078"}],"wp:term":[{"taxonomy":"category","embeddable":true,"href":"https:\/\/cebem.org\/index.php?rest_route=%2Fwp%2Fv2%2Fcategories&post=4078"},{"taxonomy":"post_tag","embeddable":true,"href":"https:\/\/cebem.org\/index.php?rest_route=%2Fwp%2Fv2%2Ftags&post=4078"}],"curies":[{"name":"wp","href":"https:\/\/api.w.org\/{rel}","templated":true}]}}