
{"id":4058,"date":"2018-11-05T17:59:02","date_gmt":"2018-11-05T21:59:02","guid":{"rendered":"http:\/\/cebem.org\/?p=4058"},"modified":"2018-11-05T17:59:02","modified_gmt":"2018-11-05T21:59:02","slug":"cepal-la-inversion-extranjera-directa-en-america-latina-y-el-caribe-2018","status":"publish","type":"post","link":"https:\/\/cebem.org\/?p=4058","title":{"rendered":"Cepal: La Inversi\u00f3n Extranjera Directa en Am\u00e9rica Latina y el Caribe 2018"},"content":{"rendered":"<p><img data-recalc-dims=\"1\" fetchpriority=\"high\" decoding=\"async\" class=\"alignnone size-medium wp-image-4060 alignleft\" src=\"https:\/\/i0.wp.com\/cebem.org\/wp-content\/uploads\/2018\/11\/Immagine-287x300.png?resize=287%2C300\" alt=\"\" width=\"287\" height=\"300\" srcset=\"https:\/\/i0.wp.com\/cebem.org\/wp-content\/uploads\/2018\/11\/Immagine.png?resize=287%2C300&amp;ssl=1 287w, https:\/\/i0.wp.com\/cebem.org\/wp-content\/uploads\/2018\/11\/Immagine.png?w=597&amp;ssl=1 597w\" sizes=\"(max-width: 287px) 100vw, 287px\" \/><\/p>\n<p>En el informe anual de la <a href=\"https:\/\/www.cepal.org\/es\" target=\"_blank\" rel=\"noopener\">CEPAL<\/a> <strong><em>La <\/em><\/strong><strong><em>Inversi\u00f3n Extranjera Direct<\/em><\/strong><strong><em>a en Am\u00e9rica Latina y el Caribe 201<\/em><em>8<\/em><\/strong>\u00a0se presentan y analizan las <strong>principales tendencias de la inversi\u00f3n extranjera directa (IED) en los pa\u00edses de Am\u00e9rica Latina y el Caribe<\/strong>.<\/p>\n<p>Pese a un contexto internacional caracterizado por un mayor crecimiento de la econom\u00eda mundial, una elevada liquidez internacional, altos beneficios en las grandes empresas, y optimismo en los mercados financieros, <strong>las corrientes de inversi\u00f3n extranje<\/strong><span style=\"color: #5f5f5f;\"><strong>ra directa<\/strong> (IED) en Am\u00e9rica Latina y el Caribe, en promedio y con gran heterogeneidad en la regi\u00f3n, <strong>cayeron por tercer a\u00f1o consecutivo en 2017<\/strong> y se quedaron en 161.673 millones de d\u00f3lares, un 3,6% menos que el a\u00f1o anterior, y un 20% por debajo de lo recibido en 2011. <\/span><\/p>\n<p><span style=\"color: #5f5f5f;\">El informe enfatiza que sectores como las energ\u00edas renovables, telecomunicaciones y fabricaci\u00f3n de autom\u00f3viles son ejemplos de c\u00f3mo la IED puede contribuir a diversificar la estructura productiva, mejorar capacidades locales, crear empleo de calidad y generar encadenamientos con proveedores locales y regionales. En este sentido se destacan las inversiones, cada vez mayores, del sector automotriz en M\u00e9xico y Brasil, o las manufacturas y servicios para la exportaci\u00f3n en Centroam\u00e9rica y la Rep\u00fablica Dominicana.<\/span><\/p>\n<p><span style=\"color: #5f5f5f;\">Seg\u00fan el documento, <strong>para el a\u00f1o 2018 no se prev\u00e9 un cambio de escenario<\/strong>, con lo que las entradas de IED a la regi\u00f3n permanecer\u00e1n estables en torno al valor de 2017.<\/span><\/p>\n<h4><a href=\"https:\/\/www.cepal.org\/es\/publicaciones\/43689-la-inversion-extranjera-directa-america-latina-caribe-2018?utm_source=CiviCRM&amp;utm_medium=email&amp;utm_campaign=IED-2018\" target=\"_blank\" rel=\"noopener\">Descarga aqu\u00ed la publicaci\u00f3n<\/a><\/h4>\n","protected":false},"excerpt":{"rendered":"<p>En el informe anual de la CEPAL La Inversi\u00f3n Extranjera Directa en Am\u00e9rica Latina y el Caribe 2018\u00a0se presentan y analizan las principales tendencias de la inversi\u00f3n extranjera directa (IED) en los pa\u00edses de Am\u00e9rica Latina y el Caribe. Pese a un contexto internacional caracterizado por un mayor crecimiento de la econom\u00eda mundial, una elevada &hellip; <\/p>\n<p><a class=\"more-link btn\" href=\"https:\/\/cebem.org\/?p=4058\">Seguir leyendo<\/a><\/p>\n","protected":false},"author":7,"featured_media":4060,"comment_status":"closed","ping_status":"closed","sticky":false,"template":"","format":"standard","meta":{"_jetpack_memberships_contains_paid_content":false,"footnotes":"","jetpack_publicize_message":"#LecturaRecomendada\r\nCepal: La Inversi\u00f3n Extranjera Directa en #Am\u00e9ricaLatina y el #Caribe 2018","jetpack_publicize_feature_enabled":true,"jetpack_social_post_already_shared":true,"jetpack_social_options":{"image_generator_settings":{"template":"highway","default_image_id":0,"font":"","enabled":false},"version":2}},"categories":[7],"tags":[186,169,187,185,188],"class_list":["post-4058","post","type-post","status-publish","format-standard","has-post-thumbnail","hentry","category-otras-publicaciones","tag-america-latina","tag-boletin-7-2018","tag-caribe","tag-cepal","tag-inversion-extranjera-directa","item-wrap"],"jetpack_publicize_connections":[],"jetpack_featured_media_url":"https:\/\/i0.wp.com\/cebem.org\/wp-content\/uploads\/2018\/11\/Immagine.png?fit=597%2C625&ssl=1","jetpack_sharing_enabled":true,"_links":{"self":[{"href":"https:\/\/cebem.org\/index.php?rest_route=\/wp\/v2\/posts\/4058","targetHints":{"allow":["GET"]}}],"collection":[{"href":"https:\/\/cebem.org\/index.php?rest_route=\/wp\/v2\/posts"}],"about":[{"href":"https:\/\/cebem.org\/index.php?rest_route=\/wp\/v2\/types\/post"}],"author":[{"embeddable":true,"href":"https:\/\/cebem.org\/index.php?rest_route=\/wp\/v2\/users\/7"}],"replies":[{"embeddable":true,"href":"https:\/\/cebem.org\/index.php?rest_route=%2Fwp%2Fv2%2Fcomments&post=4058"}],"version-history":[{"count":3,"href":"https:\/\/cebem.org\/index.php?rest_route=\/wp\/v2\/posts\/4058\/revisions"}],"predecessor-version":[{"id":4063,"href":"https:\/\/cebem.org\/index.php?rest_route=\/wp\/v2\/posts\/4058\/revisions\/4063"}],"wp:featuredmedia":[{"embeddable":true,"href":"https:\/\/cebem.org\/index.php?rest_route=\/wp\/v2\/media\/4060"}],"wp:attachment":[{"href":"https:\/\/cebem.org\/index.php?rest_route=%2Fwp%2Fv2%2Fmedia&parent=4058"}],"wp:term":[{"taxonomy":"category","embeddable":true,"href":"https:\/\/cebem.org\/index.php?rest_route=%2Fwp%2Fv2%2Fcategories&post=4058"},{"taxonomy":"post_tag","embeddable":true,"href":"https:\/\/cebem.org\/index.php?rest_route=%2Fwp%2Fv2%2Ftags&post=4058"}],"curies":[{"name":"wp","href":"https:\/\/api.w.org\/{rel}","templated":true}]}}