
{"id":3994,"date":"2018-10-30T17:37:39","date_gmt":"2018-10-30T21:37:39","guid":{"rendered":"http:\/\/cebem.org\/?p=3994"},"modified":"2018-10-30T17:37:39","modified_gmt":"2018-10-30T21:37:39","slug":"novedades-no618-del-sitio-biodiversidad-de-america-latina-y-el-caribe","status":"publish","type":"post","link":"https:\/\/cebem.org\/?p=3994","title":{"rendered":"Novedades N\u00ba618 del Sitio Biodiversidad de Am\u00e9rica Latina y El Caribe"},"content":{"rendered":"<p><a href=\"https:\/\/i0.wp.com\/cebem.org\/wp-content\/uploads\/2018\/10\/boletin-biodiversidad-618.jpg\"><img data-recalc-dims=\"1\" fetchpriority=\"high\" decoding=\"async\" class=\"aligncenter size-full wp-image-4004\" src=\"https:\/\/i0.wp.com\/cebem.org\/wp-content\/uploads\/2018\/10\/boletin-biodiversidad-618.jpg?resize=600%2C352\" alt=\"\" width=\"600\" height=\"352\" srcset=\"https:\/\/i0.wp.com\/cebem.org\/wp-content\/uploads\/2018\/10\/boletin-biodiversidad-618.jpg?w=600&amp;ssl=1 600w, https:\/\/i0.wp.com\/cebem.org\/wp-content\/uploads\/2018\/10\/boletin-biodiversidad-618.jpg?resize=300%2C176&amp;ssl=1 300w\" sizes=\"(max-width: 600px) 100vw, 600px\" \/><\/a>El sitio Biodiversidad en Am\u00e9rica Latina y el Caribe (<a href=\"http:\/\/www.biodiversidadla.org\/\" target=\"_blank\" rel=\"noopener\">http:\/\/www.biodiversidadla.org<\/a>) ha enviado sus Novedades N\u00ba 618 de la \u00faltima semana.<\/p>\n<p>En este env\u00edo se comparten las novedades sobre el reciente informe del\u00a0<b>Comit\u00e9 de Derechos Econ\u00f3micos, Sociales y Culturales (DESC) de la ONU<\/b>\u00a0acerca de los\u00a0<b>peligros del fracking<\/b>\u00a0en\u00a0<b>Vaca Muerta<\/b>, en donde se solicita al gobierno argentino que reconsidere el uso de la t\u00e9cnica de fracking y se advierte que las consecuencias ambientales de las explotaciones hidrocarbur\u00edferas a gran escala en ese yacimiento ser\u00e1n irreversibles:\u00a0<a href=\"http:\/\/www.biodiversidadla.org\/Recomendamos\/El-informe-ONU-nos-da-la-razon-hay-que-detener-el-fracking\" target=\"_blank\" rel=\"noopener\">El informe ONU nos da la raz\u00f3n: hay que detener el fracking<\/a>.<\/p>\n<p>Tambi\u00e9n se comparten noticias sobre\u00a0<a href=\"http:\/\/www.biodiversidadla.org\/Recomendamos\/La-lucha-por-los-Derechos-campesinos-en-el-seno-de-Naciones-Unidas\" target=\"_blank\" rel=\"noopener\"><b>la lucha por los Derechos campesinos en el seno de Naciones Unidas<\/b><\/a><b>,<\/b>\u00a0en donde Diego Mont\u00f3n afirma que \u201c<i>el debate que se traslad\u00f3 al seno de Naciones Unidas es si en las legislaciones deben primar los derechos humanos o los intereses corporativos de las transnacionales. En este sentido, el consejo de DDHH fue contundente: deben primar los Derechos Humanos, y esta declaraci\u00f3n es un instrumento fundamental para poder establecer los est\u00e1ndares y las pol\u00edticas en el campo de forma de garantizar los derechos de las campesinas y campesinos. Ahora le toca a la Asamblea general de ONU ratificar la adopci\u00f3n de la Declaraci\u00f3n:\u00a0<\/i><i><b>Derechos Campesinos o Negocios de las corporaciones<\/b><\/i><i>.\u201d<\/i><\/p>\n<p>Por \u00faltimo, se comparte el documento de\u00a0<b>Emilio Ter\u00e1n Mantovani<\/b>,\u00a0<a href=\"http:\/\/www.biodiversidadla.org\/Recomendamos\/El-extractivismo-como-eco-regimen-multiples-ambitos-y-escalas-de-su-impacto-socio-territorial\" target=\"_blank\" rel=\"noopener\"><b>El extractivismo como eco-r\u00e9gimen: m\u00faltiples \u00e1mbitos y escalas de su impacto socio territorial<\/b><\/a>, en donde el autor afirma que \u201cen este an\u00e1lisis se entiende al extractivismo tanto como un\u00a0<i>\u2018eco-r\u00e9gimen\u2019 sobre el tejido de la vida, como tambi\u00e9n un particular modo de acumulaci\u00f3n y territorializaci\u00f3n<\/i>\u201d y que en el contexto del agotamiento del ciclo progresista, es necesario evaluar los nuevos escenarios del extractivismo y los diferentes desaf\u00edos que se plantean para el desarrollo y despliegue de su cr\u00edtica pol\u00edtica y acad\u00e9mica.<\/p>\n<h4><a href=\"http:\/\/www.biodiversidadla.org\/Boletin-de-Novedades\/Boletin-618\" target=\"_blank\" rel=\"noopener\"><strong>Ver bolet\u00edn<\/strong><\/a><\/h4>\n<p>&nbsp;<\/p>\n","protected":false},"excerpt":{"rendered":"<p>El sitio Biodiversidad en Am\u00e9rica Latina y el Caribe (http:\/\/www.biodiversidadla.org) ha enviado sus Novedades N\u00ba 618 de la \u00faltima semana. En este env\u00edo se comparten las novedades sobre el reciente informe del\u00a0Comit\u00e9 de Derechos Econ\u00f3micos, Sociales y Culturales (DESC) de la ONU\u00a0acerca de los\u00a0peligros del fracking\u00a0en\u00a0Vaca Muerta, en donde se solicita al gobierno argentino que &hellip; <\/p>\n<p><a class=\"more-link btn\" href=\"https:\/\/cebem.org\/?p=3994\">Seguir leyendo<\/a><\/p>\n","protected":false},"author":7,"featured_media":4004,"comment_status":"closed","ping_status":"closed","sticky":false,"template":"","format":"standard","meta":{"_jetpack_memberships_contains_paid_content":false,"footnotes":"","jetpack_publicize_message":"#Novedades N\u00ba618 del Sitio #Biodiversidad de #Am\u00e9ricaLatina y El Caribe","jetpack_publicize_feature_enabled":true,"jetpack_social_post_already_shared":true,"jetpack_social_options":{"image_generator_settings":{"template":"highway","default_image_id":0,"font":"","enabled":false},"version":2}},"categories":[7],"tags":[105,169,171,76,172,170],"class_list":["post-3994","post","type-post","status-publish","format-standard","has-post-thumbnail","hentry","category-otras-publicaciones","tag-biodiversidad","tag-boletin-7-2018","tag-derechos-campesinos","tag-derechos-humanos","tag-extractivismo","tag-fracking","item-wrap"],"jetpack_publicize_connections":[],"jetpack_featured_media_url":"https:\/\/i0.wp.com\/cebem.org\/wp-content\/uploads\/2018\/10\/boletin-biodiversidad-618.jpg?fit=600%2C352&ssl=1","jetpack_sharing_enabled":true,"_links":{"self":[{"href":"https:\/\/cebem.org\/index.php?rest_route=\/wp\/v2\/posts\/3994","targetHints":{"allow":["GET"]}}],"collection":[{"href":"https:\/\/cebem.org\/index.php?rest_route=\/wp\/v2\/posts"}],"about":[{"href":"https:\/\/cebem.org\/index.php?rest_route=\/wp\/v2\/types\/post"}],"author":[{"embeddable":true,"href":"https:\/\/cebem.org\/index.php?rest_route=\/wp\/v2\/users\/7"}],"replies":[{"embeddable":true,"href":"https:\/\/cebem.org\/index.php?rest_route=%2Fwp%2Fv2%2Fcomments&post=3994"}],"version-history":[{"count":5,"href":"https:\/\/cebem.org\/index.php?rest_route=\/wp\/v2\/posts\/3994\/revisions"}],"predecessor-version":[{"id":4005,"href":"https:\/\/cebem.org\/index.php?rest_route=\/wp\/v2\/posts\/3994\/revisions\/4005"}],"wp:featuredmedia":[{"embeddable":true,"href":"https:\/\/cebem.org\/index.php?rest_route=\/wp\/v2\/media\/4004"}],"wp:attachment":[{"href":"https:\/\/cebem.org\/index.php?rest_route=%2Fwp%2Fv2%2Fmedia&parent=3994"}],"wp:term":[{"taxonomy":"category","embeddable":true,"href":"https:\/\/cebem.org\/index.php?rest_route=%2Fwp%2Fv2%2Fcategories&post=3994"},{"taxonomy":"post_tag","embeddable":true,"href":"https:\/\/cebem.org\/index.php?rest_route=%2Fwp%2Fv2%2Ftags&post=3994"}],"curies":[{"name":"wp","href":"https:\/\/api.w.org\/{rel}","templated":true}]}}